{"id":8736,"date":"2018-01-28T00:00:00","date_gmt":"2018-01-28T02:00:00","guid":{"rendered":"https:\/\/www.cnbb.org.br\/faleceu-dom-antonio-agostinho-emerito-de-presidente-prudente-sp\/"},"modified":"2018-01-28T00:00:00","modified_gmt":"2018-01-28T02:00:00","slug":"faleceu-dom-antonio-agostinho-emerito-de-presidente-prudente-sp","status":"publish","type":"post","link":"https:\/\/www.cnbb.org.br\/faleceu-dom-antonio-agostinho-emerito-de-presidente-prudente-sp\/","title":{"rendered":"Faleceu dom Ant\u00f4nio Agostinho, em\u00e9rito de Presidente Prudente (SP)"},"content":{"rendered":"<p style=\"text-align: justify\">Faleceu na manh\u00e3 deste domingo, 28 de janeiro de 2018, \u00e0s 10h07 o bispo em\u00e9rito de Presidente Prudente &#8211; SP, dom Ant\u00f4nio Agostinho Marochi, aos 92 anos. \u00c9 com pesar que a Diocese comunica o seu falecimento. Seu corpo ser\u00e1 velado, neste domingo, na Catedral de S\u00e3o Sebasti\u00e3o, a partir das 16h15.<\/p>\n<p style=\"text-align: justify\">O sepultamento ser\u00e1 na cripta da Catedral, nesta segunda feira, amanh\u00e3, 29 de janeiro, ap\u00f3s a Missa de despedida, \u00e0s 15h00, presidida por Dom Benedito Gon\u00e7alves dos Santos, bispo de Presidente Prudente, concelebrada por Bispos e sacerdotes presentes.<\/p>\n<p style=\"text-align: justify\">Dom Benedito pede a todos que, assim como a vida de Dom Agostinho foi toda na simplicidade, que ao inv\u00e9s de enviarem coroas de flores, fa\u00e7am oferta aos pobres, aos quais tivera tanto apre\u00e7o.<\/p>\n<p style=\"text-align: justify\"><strong>Conhe\u00e7a um pouco de sua trajet\u00f3ria.<\/strong><\/p>\n<p style=\"text-align: justify\">Filho de Francisco Marochi e Judith Viesser Marochi, Dom Ant\u00f4nio Agostinho Marochi, 3\u00ba Bispo Diocesano da Diocese de Presidente Prudente-SP nasceu aos 28 de agosto de 1925, na Col\u00f4nia Italiana denominada Ant\u00f4nio Rebou\u00e7as, no Munic\u00edpio de Campo Largo-PR. Ingressou no Semin\u00e1rio S\u00e3o Jos\u00e9, em Curitiba, no ano de 1939, onde, completou seus estudos de Ensino Fundamental e Ensino M\u00e9dio.<\/p>\n<p style=\"text-align: justify\">Em 1947, foi concluir seus estudos superiores de filosofia em S\u00e3o Leopoldo-RS e, posteriormente, em S\u00e3o Paulo, no Semin\u00e1rio Central do Ipiranga concluiu os estudos de teologia. Recebeu a Ordena\u00e7\u00e3o Presbiteral no dia 06 de dezembro de 1953. Foi padre na Arquidiocese de Curitiba, Diretor das Obras das Voca\u00e7\u00f5es Sacerdotais, Membro do Conselho de Presb\u00edteros, Professor no Col\u00e9gio Sion, Vig\u00e1rio Professor do Col\u00e9gio Militar de Curitiba, Diretor de Diversas Obras Sociais, Coordenador Pastoral, Coordenador do Clero, Presidente da Associa\u00e7\u00e3o Nossa Senhora de F\u00e1tima.<\/p>\n<p style=\"text-align: justify\">Foi ordenado Bispo na Catedral Metropolitana de Curitiba aos 06 de dezembro de 1973 e designado Bispo Auxiliar do Arcebispado de Londrina. Em Londrina exerceu as fun\u00e7\u00f5es de Encarregado da Linha 06 no Regional Sul II e Secret\u00e1rio da Prov\u00edncia Eclesi\u00e1stica de Londrina. Em 02 de fevereiro de 1976, foi nomeado Bispo Diocesano de Presidente Prudente, tomando posse aos 02 de abril de 1976. Seu Mandato Episcopal foi o mais longo entre todos, at\u00e9 os dias atuais, se tornando Bispo Em\u00e9rito em 07 de abril de 2002.<\/p>\n<p style=\"text-align: justify\"><strong>Hor\u00e1rios das Missas de ex\u00e9quias na Catedral de S\u00e3o Sebasti\u00e3o:<\/strong><\/p>\n<p style=\"text-align: justify\">&#8211; Domingo, dia 28: \u00e0s 17h00 e 19h00<br \/>\n&#8211; Segunda feira, dia 29: \u00e0s 6h00, 9h00, \u00e0s 12h00 e \u00e0s 15h00<br \/>\n&#8211; a seguir o sepultamento na cripta da Catedral de S\u00e3o Sebasti\u00e3o<\/p>\n<p style=\"text-align: right\"><em>(Texto do Regional Sul 1 da CNBB e foto: http:\/\/altinocorreia.blogspot.com.br\/)<\/em><\/p>\n<p style=\"text-align: justify\">Dom Leonardo Steiner, secret\u00e1rio-geral da CNBB, assina Nota de Pesar dirigida ao bispo de Presidente Prudente, dom Benedito Gon\u00e7alves dos Santos em nome da Confer\u00eancia.<\/p>\n<p>Leia a Nota.<\/p>\n<p style=\"text-align: center\"><strong>Nota de Condol\u00eancias da CNBB pelo falecimento de <\/strong><strong>dom Ant\u00f4nio Agostinho Marochi<\/strong><\/p>\n<p>&nbsp;<\/p>\n<p style=\"text-align: right\">Bras\u00edlia, 28 de janeiro de 2018<\/p>\n<p>&nbsp;<\/p>\n<p>Prezado Irm\u00e3o, dom Benedito Gon\u00e7alves dos Santos.<\/p>\n<p style=\"text-align: justify\">A Confer\u00eancia Nacional dos Bispos do Brasil (CNBB) recebeu com pesar a not\u00edcia do falecimento de dom Ant\u00f4nio Agostinho Marochi, bispo em\u00e9rito de Presidente Prudente (SP), ocorrido na manh\u00e3 deste domingo, 28 de janeiro.<\/p>\n<p style=\"text-align: justify\">Em nome de nossa Confer\u00eancia, enviamos nosso abra\u00e7o solid\u00e1rio e de consolo fraterno ao senhor, aos familiares de dom Agostinho e as comunidades da Diocese.<\/p>\n<p style=\"text-align: justify\">Renovando nossa esperan\u00e7a na Ressurrei\u00e7\u00e3o, recordamos as palavras de Jesus: \u201cEu sou a ressurrei\u00e7\u00e3o e a vida. Quem cr\u00ea em mim, ainda que tenha morrido, viver\u00e1. E todo aquele que vive e cr\u00ea em mim, n\u00e3o morrer\u00e1 jamais\u201d (Jo 11, 25-26).<\/p>\n<p style=\"text-align: justify\">Dom Agostinho escolheu para o seu minist\u00e9rio episcopal um lema forte e significativo: &#8220;<em>Evangelizare Divitias Christi<\/em>&#8221; (Proclamar as riquezas de Cristo). Lema que nos faz lembrar as palavras tamb\u00e9m fortes e inspiradoras do Papa Francisco registradas na Exorta\u00e7\u00e3o <em>Evangelii Gaudium<\/em>: \u201c<em>\u00c9 o Esp\u00edrito Santo, enviado pelo Pai e o Filho, que transforma os nossos cora\u00e7\u00f5es e nos torna capazes de entrar na comunh\u00e3o perfeita da Sant\u00edssima Trindade, onde tudo encontra a sua unidade. O Esp\u00edrito Santo constr\u00f3i a comunh\u00e3o e a harmonia do povo de Deus. Ele mesmo \u00e9 a harmonia, tal como \u00e9 o v\u00ednculo de amor entre o Pai e o Filho. \u00c9 Ele que suscita uma abundante e diversificada riqueza de dons e, ao mesmo tempo, constr\u00f3i uma unidade que nunca \u00e9 uniformidade, mas multiforme harmonia que atrai. A evangeliza\u00e7\u00e3o reconhece com alegria estas m\u00faltiplas riquezas que o Esp\u00edrito gera na Igreja\u201d<\/em>.<\/p>\n<p style=\"text-align: justify\">Como o senhor disse na recomenda\u00e7\u00e3o que fez aos amigos por ocasi\u00e3o do vel\u00f3rio do bispo falecido, que a vida de dom Agostinho &#8211; que foi toda vivida na simplicidade &#8211; nos inspire sempre na miss\u00e3o que todos n\u00f3s realizamos na Igreja.<\/p>\n<p>Em Cristo,<\/p>\n<p>&nbsp;<\/p>\n<p style=\"text-align: center\"><strong>Dom Leonardo Ulrich Steiner<br \/>\n<\/strong>Bispo auxiliar de Bras\u00edlia<br \/>\nSecret\u00e1rio-Geral da CNBB<\/p>\n<p>&nbsp;<\/p>\n<p>&nbsp;<\/p>\n","protected":false},"excerpt":{"rendered":"<p>CNBB envia Nota de Pesar. O sepultamento ser\u00e1 29\/01, \u00e0s 15h, ap\u00f3s a missa<\/p>\n","protected":false},"author":83,"featured_media":8737,"comment_status":"closed","ping_status":"open","sticky":false,"template":"","format":"standard","meta":{"site-sidebar-layout":"default","site-content-layout":"default","ast-global-header-display":"","ast-banner-title-visibility":"","ast-main-header-display":"","ast-hfb-above-header-display":"","ast-hfb-below-header-display":"","ast-hfb-mobile-header-display":"","site-post-title":"","ast-breadcrumbs-content":"","ast-featured-img":"","footer-sml-layout":"","theme-transparent-header-meta":"","adv-header-id-meta":"","stick-header-meta":"","header-above-stick-meta":"","header-main-stick-meta":"","header-below-stick-meta":""},"categories":[798],"tags":[],"acf":[],"_links":{"self":[{"href":"https:\/\/www.cnbb.org.br\/cnbb-app\/wp\/v2\/posts\/8736"}],"collection":[{"href":"https:\/\/www.cnbb.org.br\/cnbb-app\/wp\/v2\/posts"}],"about":[{"href":"https:\/\/www.cnbb.org.br\/cnbb-app\/wp\/v2\/types\/post"}],"author":[{"embeddable":true,"href":"https:\/\/www.cnbb.org.br\/cnbb-app\/wp\/v2\/users\/83"}],"replies":[{"embeddable":true,"href":"https:\/\/www.cnbb.org.br\/cnbb-app\/wp\/v2\/comments?post=8736"}],"version-history":[{"count":0,"href":"https:\/\/www.cnbb.org.br\/cnbb-app\/wp\/v2\/posts\/8736\/revisions"}],"wp:featuredmedia":[{"embeddable":true,"href":"https:\/\/www.cnbb.org.br\/cnbb-app\/wp\/v2\/media\/8737"}],"wp:attachment":[{"href":"https:\/\/www.cnbb.org.br\/cnbb-app\/wp\/v2\/media?parent=8736"}],"wp:term":[{"taxonomy":"category","embeddable":true,"href":"https:\/\/www.cnbb.org.br\/cnbb-app\/wp\/v2\/categories?post=8736"},{"taxonomy":"post_tag","embeddable":true,"href":"https:\/\/www.cnbb.org.br\/cnbb-app\/wp\/v2\/tags?post=8736"}],"curies":[{"name":"wp","href":"https:\/\/api.w.org\/{rel}","templated":true}]}}