{"id":8767,"date":"2018-01-31T00:00:00","date_gmt":"2018-01-31T02:00:00","guid":{"rendered":"https:\/\/www.cnbb.org.br\/leigos-e-leigas-discipulos-missionarios-com-maria\/"},"modified":"2018-01-31T00:00:00","modified_gmt":"2018-01-31T02:00:00","slug":"leigos-e-leigas-discipulos-missionarios-com-maria","status":"publish","type":"post","link":"https:\/\/www.cnbb.org.br\/leigos-e-leigas-discipulos-missionarios-com-maria\/","title":{"rendered":"Leigos e leigas, disc\u00edpulos mission\u00e1rios com Maria"},"content":{"rendered":"<p style=\"text-align: right\"><strong>Dom Roberto Francisco Ferreria Paz<br \/>\n<\/strong><strong>Bispo de Campos (RJ)<\/strong><\/p>\n<p>&nbsp;<\/p>\n<p style=\"text-align: justify\">Dando relev\u00e2ncia ao Ano Nacional do Laicato, a Romaria da Pastoral da Sa\u00fade ao Santu\u00e1rio de Nossa Senhora Aparecida, em S\u00e3o Paulo, celebrar\u00e1 a 26\u00aa Jornada Mundial de Ora\u00e7\u00e3o pelos enfermos. O Papa\u00a0Francisco inspirou-se, este ano, nas palavras de Jesus, elevado na Cruz, dirige \u00e0 sua M\u00e3e e Jo\u00e3o, dizendo: &#8220;Eis o seu filho!&#8221; &#8220;Eis a sua m\u00e3e!&#8221; (Jo 19,26-27).<\/p>\n<p style=\"text-align: justify\">Momento sublime que ilumina profundamente o mist\u00e9rio da Cruz, que d\u00e1 origem e express\u00e3o \u00e0 voca\u00e7\u00e3o materna de Maria, que tr\u00e1s sempre presente o amparo, cuidado, prote\u00e7\u00e3o, perman\u00eancia no amor, em rela\u00e7\u00e3o aos seus filhos, marcas genu\u00ednas do dom e carisma mariano na Igreja, atitudes que inspiram e testemunham a solicitude do Bom Pastor para o mundo da sa\u00fade, em especial diante do sofrimento dos enfermos.<\/p>\n<p style=\"text-align: justify\">Essa ternura e compaix\u00e3o misericordiosa, t\u00e3o transbordantes e pr\u00f3prias de Maria, nossa M\u00e3e, a tornam modelo e exemplo para os leigos e leigas que, como agentes da sa\u00fade, se tornam disc\u00edpulos mission\u00e1rios do Reino. Assim como Maria, na Visita\u00e7\u00e3o \u00e0 sua prima Santa Isabel, levar\u00e3o conforto, solidariedade e consola\u00e7\u00e3o aos pacientes, acamados, nos hospitais e casas de sa\u00fade. Com Maria e como Maria, acompanhar\u00e3o a Jesus, o M\u00e9dico Divino e Pastor, desenvolvendo pr\u00e1ticas restaurativas e curadoras da sa\u00fade, prevenindo as doen\u00e7as pessoais e coletivas (epidemias e pandemias), testemunhando um estilo de vida saud\u00e1vel no bem viver e conviver, tornando as Igrejas em comunidades terap\u00eauticas espirituais e f\u00edsicas.<\/p>\n<p style=\"text-align: justify\">Ainda, com Maria, caminheira conosco na hist\u00f3ria e M\u00e3e da solidariedade, saber\u00e3o ler e celebrar no Magnificat as maravilhas que o Deus da Alian\u00e7a faz acontecer em favor dos pobres, das reviravoltas e mudan\u00e7as em prol da vida, das vit\u00f3rias dos pequenos e humildes, organizando uma sociedade mais justa e fraterna.<\/p>\n<p style=\"text-align: justify\">Torna-se urgente, hoje, assumir com Maria o protagonismo no servi\u00e7o ao Reino, lutando pelo SUS na integralidade do seu funcionamento, por uma reforma pol\u00edtica, por uma auditoria da divina interna, por pol\u00edticas p\u00fablicas que resgatem a cidadania e fa\u00e7am valer os direitos sociais. Que o Laicato, animado e formado na Escola de Maria, possa estar \u00e0 altura dos desafios da hora, sendo luz do mundo, sal da Terra, fermento transformador do mundo da sa\u00fade, sinais de esperan\u00e7a, justi\u00e7a e solidariedade. Deus seja louvado!<\/p>\n","protected":false},"excerpt":{"rendered":"<p>Dom Roberto Francisco Ferreria Paz Bispo de Campos (RJ) &nbsp; Dando relev\u00e2ncia ao Ano Nacional do Laicato, a Romaria da Pastoral da Sa\u00fade ao Santu\u00e1rio de Nossa Senhora Aparecida, em S\u00e3o Paulo, celebrar\u00e1 a 26\u00aa Jornada Mundial de Ora\u00e7\u00e3o pelos enfermos. O Papa\u00a0Francisco inspirou-se, este ano, nas palavras de Jesus, elevado na Cruz, dirige \u00e0 &hellip;<\/p>\n<p class=\"read-more\"> <a class=\"\" href=\"https:\/\/www.cnbb.org.br\/leigos-e-leigas-discipulos-missionarios-com-maria\/\"> <span class=\"screen-reader-text\">Leigos e leigas, disc\u00edpulos mission\u00e1rios com Maria<\/span> Leia mais &raquo;<\/a><\/p>\n","protected":false},"author":23,"featured_media":0,"comment_status":"closed","ping_status":"open","sticky":false,"template":"","format":"standard","meta":{"site-sidebar-layout":"default","site-content-layout":"default","ast-global-header-display":"","ast-banner-title-visibility":"","ast-main-header-display":"","ast-hfb-above-header-display":"","ast-hfb-below-header-display":"","ast-hfb-mobile-header-display":"","site-post-title":"","ast-breadcrumbs-content":"","ast-featured-img":"","footer-sml-layout":"","theme-transparent-header-meta":"","adv-header-id-meta":"","stick-header-meta":"","header-above-stick-meta":"","header-main-stick-meta":"","header-below-stick-meta":""},"categories":[758],"tags":[],"acf":[],"_links":{"self":[{"href":"https:\/\/www.cnbb.org.br\/cnbb-app\/wp\/v2\/posts\/8767"}],"collection":[{"href":"https:\/\/www.cnbb.org.br\/cnbb-app\/wp\/v2\/posts"}],"about":[{"href":"https:\/\/www.cnbb.org.br\/cnbb-app\/wp\/v2\/types\/post"}],"author":[{"embeddable":true,"href":"https:\/\/www.cnbb.org.br\/cnbb-app\/wp\/v2\/users\/23"}],"replies":[{"embeddable":true,"href":"https:\/\/www.cnbb.org.br\/cnbb-app\/wp\/v2\/comments?post=8767"}],"version-history":[{"count":0,"href":"https:\/\/www.cnbb.org.br\/cnbb-app\/wp\/v2\/posts\/8767\/revisions"}],"wp:attachment":[{"href":"https:\/\/www.cnbb.org.br\/cnbb-app\/wp\/v2\/media?parent=8767"}],"wp:term":[{"taxonomy":"category","embeddable":true,"href":"https:\/\/www.cnbb.org.br\/cnbb-app\/wp\/v2\/categories?post=8767"},{"taxonomy":"post_tag","embeddable":true,"href":"https:\/\/www.cnbb.org.br\/cnbb-app\/wp\/v2\/tags?post=8767"}],"curies":[{"name":"wp","href":"https:\/\/api.w.org\/{rel}","templated":true}]}}