{"id":8787,"date":"2018-02-02T00:00:00","date_gmt":"2018-02-02T02:00:00","guid":{"rendered":"https:\/\/www.cnbb.org.br\/dom-armando-com-entrega-confiante-a-protecao-divina-a-bencao-de-sao-bras-pleno-sentido\/"},"modified":"2020-03-11T16:55:36","modified_gmt":"2020-03-11T19:55:36","slug":"dom-armando-com-entrega-confiante-a-protecao-divina-a-bencao-de-sao-bras-pleno-sentido","status":"publish","type":"post","link":"https:\/\/www.cnbb.org.br\/dom-armando-com-entrega-confiante-a-protecao-divina-a-bencao-de-sao-bras-pleno-sentido\/","title":{"rendered":"Com entrega confiante \u00e0 prote\u00e7\u00e3o Divina, B\u00ean\u00e7\u00e3o de S\u00e3o Br\u00e1s tem pleno sentido"},"content":{"rendered":"<p style=\"text-align: justify\">Ainda hoje quando algu\u00e9m se engasga as pessoas costuma repetir \u201cS\u00e3o Br\u00e1s, S\u00e3o Br\u00e1s\u201d, dando-lhe algum tapinha nas costas. A invoca\u00e7\u00e3o espont\u00e2nea, em alguns casos, desconhece a origem desta express\u00e3o, muito ligada \u00e0 devo\u00e7\u00e3o a S\u00e3o Br\u00e1s, bispo, m\u00e9dico e m\u00e1rtir da Arm\u00eania, que se tornou conhecido por realizar curas na garganta.<\/p>\n<p style=\"text-align: justify\">A mem\u00f3ria lit\u00fargica facultativa de S\u00e3o Br\u00e1s, bispo e m\u00e1rtir, \u00e9 celebrada dia 03 de fevereiro recordando, o dia do seu Mart\u00edrio. As informa\u00e7\u00f5es hist\u00f3ricas da vida deste santo s\u00e3o escassas. Segundo o bispo de Livramento de Nossa Senhora (BA) e presidente da Comiss\u00e3o Episcopal Pastoral para a Liturgia da Confer\u00eancia Nacional dos Bispos do Brasil (CNBB), dom Armando Bucciol, h\u00e1 documentos que falam dele a partir do s\u00e9culo IX.<\/p>\n<p style=\"text-align: justify\">Seu mart\u00edrio, contudo, aconteceu no s\u00e9culo IV, no ano de 315, nas lutas entre os imperadores Constantino e Lic\u00ednio. Br\u00e1s foi m\u00e9dico e bispo na Arm\u00eania. \u201cO religioso foi preso pelos romanos e depois de v\u00e1rios tormentos, n\u00e3o querendo renegar a sua f\u00e9 em Jesus Cristo, foi decapitado\u201d, lembra dom Armando.<\/p>\n<p style=\"text-align: justify\">A devo\u00e7\u00e3o popular a este santo, segundo dom Armando, \u00e9 grande desde a antiguidade e \u00e9 ligada a numerosas curas alcan\u00e7adas por sua intercess\u00e3o. Em sua cidade natal, onde foi bispo, recorda-se de maneira especial a cura realizada, enquanto estava preso, de um menino que havia engolido um espinho de peixe que ficou preso na garganta. Este fato tornou S\u00e3o Br\u00e1s ligado a intercess\u00e3o pela dor de garganta. Por isso, em muitos lugares existe a \u201cB\u00ean\u00e7\u00e3o da Garganta\u201d (veja texto abaixo) feita com duas velas unidas e colocadas no pesco\u00e7o das pessoas.<\/p>\n<p style=\"text-align: justify\">As velas aben\u00e7oadas no dia anterior, na Festa de Apresenta\u00e7\u00e3o do Senhor, segundo dom Armando, podem ser usadas para esta b\u00ean\u00e7\u00e3o e representam todo o belo simbolismo da luz de Cristo, que ilumina a todos, com sua vinda e sua palavra, como reconheceu o velho Sim\u00e3o, ao acolher o menino Jesus em seus bra\u00e7os.<\/p>\n<p style=\"text-align: justify\">Dom Armando ressalta que existe tamb\u00e9m uma ben\u00e7\u00e3o especial para as velas de S\u00e3o Br\u00e1s para recordar que o santo pediu uma vela a uma m\u00e3e que o socorreu na pris\u00e3o levando-lhe comida.<\/p>\n<p style=\"text-align: justify\">Algu\u00e9m pode perguntar: hoje em dia com o progresso da medicina tem ainda sentido esta b\u00ean\u00e7\u00e3o e pedir ajuda a um santo contra a dor de garganta? O bispo adverte que \u00e9 preciso ver, nesta devo\u00e7\u00e3o, valores e limites da piedade popular. \u201cAntes de tudo n\u00e3o devemos cair na \u2018magia\u2019 e usar esta, como as demais b\u00ean\u00e7\u00e3os, como ant\u00edtodo contra o mal e dispensar as curas m\u00e9dicas.<\/p>\n<p style=\"text-align: justify\">Por outro lado, diz dom Armando, quando estes gestos s\u00e3o vividos de forma bela e pura ajudam a colocar nossa vida, t\u00e3o fr\u00e1gil e fragilizada, nas m\u00e3os de Deus, busca que sempre nos deve conduzir a fazer a sua vontade, reconhecendo que Ele \u00e9 nosso Senhor e salvador.<\/p>\n<p style=\"text-align: justify\">O religioso refor\u00e7a que as orienta\u00e7\u00f5es dos livros lit\u00fargicos da Igreja pedem que toda b\u00ean\u00e7\u00e3o seja precedida pela Proclama\u00e7\u00e3o da Palavra afim de evangelizar todo gesto e para torna-lo, at\u00e9 o mais simples, express\u00e3o de f\u00e9 e da vontade de viver a Luz e o Amor pascal de Cristo.<\/p>\n<p style=\"text-align: justify\">\u201cOs ritos, que chamamos de sacramentais, visam unir a vida cotidiana, com suas pequenas mas significativas e \u00e0s vezes duras realidades, ao Espirito do Senhor que veio transformar, com sua presen\u00e7a, todas as realidades terrenas. Portanto, tamb\u00e9m a b\u00ean\u00e7\u00e3o de S\u00e3o Br\u00e1s, se vivida na f\u00e9 e na entrega confiante \u00e0 prote\u00e7\u00e3o Divina, adquire pleno sentido\u201d, concluiu.<\/p>\n<blockquote><p><span style=\"color: #800000\"><strong>Ben\u00e7\u00e3o de S\u00e3o Br\u00e1s:<\/strong><\/span><\/p>\n<p><strong><em>&#8220;Por intercess\u00e3o de S. Br\u00e1s, Bispo e M\u00e1rtir, livre-te Deus do mal da garganta e de qualquer outra doen\u00e7a.<\/em><\/strong><br \/>\n<strong><em> Em nome do Pai + e do Filho e do Esp\u00edrito Santo. Am\u00e9m&#8221;.<\/em><\/strong><\/p><\/blockquote>\n","protected":false},"excerpt":{"rendered":"<p>Dom Armando fala sobre o bispo, m\u00e9dico e m\u00e1rtir que tornou-se o santo intercessor para cura de problemas na garganta celebrado neste dia 3<\/p>\n","protected":false},"author":83,"featured_media":8788,"comment_status":"closed","ping_status":"open","sticky":false,"template":"","format":"standard","meta":{"site-sidebar-layout":"default","site-content-layout":"default","ast-global-header-display":"","ast-banner-title-visibility":"","ast-main-header-display":"","ast-hfb-above-header-display":"","ast-hfb-below-header-display":"","ast-hfb-mobile-header-display":"","site-post-title":"","ast-breadcrumbs-content":"","ast-featured-img":"","footer-sml-layout":"","theme-transparent-header-meta":"","adv-header-id-meta":"","stick-header-meta":"","header-above-stick-meta":"","header-main-stick-meta":"","header-below-stick-meta":""},"categories":[859],"tags":[],"acf":[],"_links":{"self":[{"href":"https:\/\/www.cnbb.org.br\/cnbb-app\/wp\/v2\/posts\/8787"}],"collection":[{"href":"https:\/\/www.cnbb.org.br\/cnbb-app\/wp\/v2\/posts"}],"about":[{"href":"https:\/\/www.cnbb.org.br\/cnbb-app\/wp\/v2\/types\/post"}],"author":[{"embeddable":true,"href":"https:\/\/www.cnbb.org.br\/cnbb-app\/wp\/v2\/users\/83"}],"replies":[{"embeddable":true,"href":"https:\/\/www.cnbb.org.br\/cnbb-app\/wp\/v2\/comments?post=8787"}],"version-history":[{"count":0,"href":"https:\/\/www.cnbb.org.br\/cnbb-app\/wp\/v2\/posts\/8787\/revisions"}],"wp:featuredmedia":[{"embeddable":true,"href":"https:\/\/www.cnbb.org.br\/cnbb-app\/wp\/v2\/media\/8788"}],"wp:attachment":[{"href":"https:\/\/www.cnbb.org.br\/cnbb-app\/wp\/v2\/media?parent=8787"}],"wp:term":[{"taxonomy":"category","embeddable":true,"href":"https:\/\/www.cnbb.org.br\/cnbb-app\/wp\/v2\/categories?post=8787"},{"taxonomy":"post_tag","embeddable":true,"href":"https:\/\/www.cnbb.org.br\/cnbb-app\/wp\/v2\/tags?post=8787"}],"curies":[{"name":"wp","href":"https:\/\/api.w.org\/{rel}","templated":true}]}}