{"id":8789,"date":"2018-02-02T00:00:00","date_gmt":"2018-02-02T02:00:00","guid":{"rendered":"https:\/\/www.cnbb.org.br\/entrevista-com-dom-darci-nicioli-sobre-os-premios-de-comunicacao-da-cnbb\/"},"modified":"2018-02-02T00:00:00","modified_gmt":"2018-02-02T02:00:00","slug":"entrevista-com-dom-darci-nicioli-sobre-os-premios-de-comunicacao-da-cnbb","status":"publish","type":"post","link":"https:\/\/www.cnbb.org.br\/entrevista-com-dom-darci-nicioli-sobre-os-premios-de-comunicacao-da-cnbb\/","title":{"rendered":"Dom Darci Nicioli faz balan\u00e7o sobres as incri\u00e7\u00f5es aos Pr\u00eamios de Comunica\u00e7\u00e3o da CNBB"},"content":{"rendered":"<p style=\"text-align: justify\">Dom Darci Jos\u00e9 Nicioli, arcebispo de Dimantina (MG), presidente da Comiss\u00e3o Episcopal Pastoral para a Comunica\u00e7\u00e3o da CNBB acompanhou de perto a movimenta\u00e7\u00e3o em torno das inscri\u00e7\u00f5es para a edi\u00e7\u00e3o deste ano dos Pr\u00eamios de Comunica\u00e7\u00e3o da CNBB, que se encerram no \u00faltimo dia 31 de janeiro. Ele concedeu entrevista exclusiva ao Portal.<\/p>\n<p><strong>Qual a avalia\u00e7\u00e3o que o senhor faz da primeira fase dos pr\u00eamios de comunica\u00e7\u00e3o da CNBB?<\/strong><\/p>\n<p style=\"text-align: justify\">A receptividade dos comunicadores foi \u00f3tima. Temos mais inscritos do que no ano passado e isso significa que estamos em plena retomada do interesse do mundo da comunica\u00e7\u00e3o dentro e fora da Igreja pelos pr\u00eamios de comunica\u00e7\u00e3o da Confer\u00eancia. N\u00f3s, da Comiss\u00e3o de Comunica\u00e7\u00e3o, conseguimos realizar um bom trabalho nos \u00faltimos meses do ano passado e no primeiro m\u00eas deste ano para ajudar a facilitar o acesso dos interessados a apresentar trabalhos que coloquem em relevo valores humanos e crist\u00e3os. Fizemos parceria com uma ag\u00eancia de comunica\u00e7\u00e3o que, gratuitamente, est\u00e1 fazendo toda a gest\u00e3o digital do processo.<\/p>\n<p><b>Que caracter\u00edstica\u00a0dos inscritos que o senhor poderia destacar?<\/b><\/p>\n<p style=\"text-align: justify\">Ao fazer o balan\u00e7o das inscri\u00e7\u00f5es, percebemos que todas as regi\u00f5es do Brasil est\u00e3o representadas: desde Manaus at\u00e9 cidades do interior do Rio Grande do Sul. Essa participa\u00e7\u00e3o nos leva a renovar a certeza de que comunicadores de todo o Pa\u00eds continuam a valorizar a iniciativa da CNBB. Por outro lado, a presen\u00e7a dessas pessoas no processo de escolha dos pr\u00eamios traz muita alegria para os Irm\u00e3os bispos e para toda a Igreja.<\/p>\n<p><b>Qual ser\u00e1 a pr\u00f3xima\u00a0etapa dos Pr\u00eamios?<\/b><\/p>\n<p style=\"text-align: justify\">Agora, chegamos a uma parte importante do nosso trabalho. A assessoria da Comiss\u00e3o vai encaminhar todos os trabalhos inscritos para os especialistas. Contamos, gra\u00e7as a Deus, com ajuda de quatro universidades cat\u00f3licas e de um grupo de S\u00e3o Paulo que re\u00fane representantes da Signis Brasil e a Rede Cat\u00f3lica de R\u00e1dio. Essas pessoas assumem a\u00a0 grande responsabilidade de analisar, a partir de agora e com muito crit\u00e9rio, cada uma das reportagens, document\u00e1rios, filmes, programas de R\u00e1dio, mat\u00e9rias jornalisticas, portais, sites, blogs, iniciativas em redes sociais e aplicativos que foram inscritos. Esse trabalho leva tempo e exige muito de todos esses profissionais. Agradecemos a boa vontade desses colaboradores e\u00a0 estamos confiantes de que dessa fase sair\u00e3o os tr\u00eas melhores trabalhos de cada categoria para serem enviados ao j\u00fari de bispos.<\/p>\n<p><strong>E em seguida, o que acontece?<\/strong><\/p>\n<p style=\"text-align: justify\">Os bispos escolhem os ganhadores. Essa, na verdade, foi uma das contribui\u00e7\u00f5es que nossa Comiss\u00e3o est\u00e1 deixando na hist\u00f3ria dos pr\u00eamios da CNBB. Inclu\u00edmos essa fase na qual, os Irm\u00e3os bispos analisam, com exclusividade, cada um dos trabalhos finalistas que os professores e especialistas de todas as \u00e1reas contempladas pela premia\u00e7\u00e3o e que foi entregue aos membros do j\u00fari espiscopal. Esperamos que isso ocorra at\u00e9 a metade do m\u00eas de maio.<\/p>\n<p style=\"text-align: justify\"><b>A escolha das Men\u00e7\u00f5es\u00a0Honrosas dos Pr\u00eamios, segundo o Regulamento, \u00e9 da compet\u00eancia\u00a0da Comiss\u00e3o. Neste ano, no entanto, sera feito algo diferente. Como ser\u00e1 isso?<\/b><\/p>\n<p style=\"text-align: justify\">Essa foi uma ideia interessante que surgiu no ano passado no \u00e2mbito de nossa Comiss\u00e3o. Levamos a proposta ao Consep e depois de uma boa reflex\u00e3o, decidimos fazer uma experi\u00eancia diferente este ano. Daremos uma Men\u00e7\u00e3o honrosa em cada categoria. O p\u00fablico vai escolher numa votacao online qual finalista &#8211; independente da escolha dos bispos &#8211; que vai receber o trof\u00e9u Ir. Doroty Stang. Tudo isso ser\u00e1 realizado em car\u00e1ter experimental, repito. Isso significa que iremos analisar os resultados e voltar a conversar se continuamos ou n\u00e3o com essa pr\u00e1tica. Espero que as comunidades participem.<\/p>\n<p><strong>E a cerim\u00f4nia de entrega dos Pr\u00eamios de Comunica\u00e7\u00e3o tamb\u00e9m ter\u00e1 novidade este ano?<\/strong><\/p>\n<p style=\"text-align: justify\">Sim. A cerim\u00f4nia deste ano volta a ser realizada durante um encontro de comunica\u00e7\u00e3o. Por alguns anos, entregamos os pr\u00eamios durante a assembleia anual da CNBB, mas, aos poucos, percebemos que esse compromisso sobrecarregava ainda mais a j\u00e1 dura rotina dos bispos durante a assembleia. Por isso, os Irm\u00e3os acharam melhor que retorn\u00e1ssemos aos encontros nacionais que promovemos em rodizio: um ano, os pr\u00eamios ser\u00e3o entregues no Encontro Nacional da Pastoral da Comunica\u00e7\u00e3o, a Pascom e, no outro, no Mutir\u00e3o Brasileiro de Comunica\u00e7\u00e3o, o Muticom. Este ano, vamos ter uma bela festa, em julho, durante o encontro, em Aparecida, dos agentes da Pascom.<\/p>\n","protected":false},"excerpt":{"rendered":"<p>Presidente da Comiss\u00e3o para a Comunica\u00e7\u00e3o da CNBB acompanhou de perto a movimenta\u00e7\u00e3o das inscri\u00e7\u00f5es para a edi\u00e7\u00e3o 2018 da premia\u00e7\u00e3o<\/p>\n","protected":false},"author":83,"featured_media":701,"comment_status":"closed","ping_status":"open","sticky":false,"template":"","format":"standard","meta":{"site-sidebar-layout":"default","site-content-layout":"default","ast-global-header-display":"","ast-banner-title-visibility":"","ast-main-header-display":"","ast-hfb-above-header-display":"","ast-hfb-below-header-display":"","ast-hfb-mobile-header-display":"","site-post-title":"","ast-breadcrumbs-content":"","ast-featured-img":"","footer-sml-layout":"","theme-transparent-header-meta":"","adv-header-id-meta":"","stick-header-meta":"","header-above-stick-meta":"","header-main-stick-meta":"","header-below-stick-meta":""},"categories":[1],"tags":[],"acf":[],"_links":{"self":[{"href":"https:\/\/www.cnbb.org.br\/cnbb-app\/wp\/v2\/posts\/8789"}],"collection":[{"href":"https:\/\/www.cnbb.org.br\/cnbb-app\/wp\/v2\/posts"}],"about":[{"href":"https:\/\/www.cnbb.org.br\/cnbb-app\/wp\/v2\/types\/post"}],"author":[{"embeddable":true,"href":"https:\/\/www.cnbb.org.br\/cnbb-app\/wp\/v2\/users\/83"}],"replies":[{"embeddable":true,"href":"https:\/\/www.cnbb.org.br\/cnbb-app\/wp\/v2\/comments?post=8789"}],"version-history":[{"count":0,"href":"https:\/\/www.cnbb.org.br\/cnbb-app\/wp\/v2\/posts\/8789\/revisions"}],"wp:featuredmedia":[{"embeddable":true,"href":"https:\/\/www.cnbb.org.br\/cnbb-app\/wp\/v2\/media\/701"}],"wp:attachment":[{"href":"https:\/\/www.cnbb.org.br\/cnbb-app\/wp\/v2\/media?parent=8789"}],"wp:term":[{"taxonomy":"category","embeddable":true,"href":"https:\/\/www.cnbb.org.br\/cnbb-app\/wp\/v2\/categories?post=8789"},{"taxonomy":"post_tag","embeddable":true,"href":"https:\/\/www.cnbb.org.br\/cnbb-app\/wp\/v2\/tags?post=8789"}],"curies":[{"name":"wp","href":"https:\/\/api.w.org\/{rel}","templated":true}]}}