{"id":879221,"date":"2022-05-05T10:18:37","date_gmt":"2022-05-05T13:18:37","guid":{"rendered":"https:\/\/www.cnbb.org.br\/?p=879221"},"modified":"2022-05-05T16:21:42","modified_gmt":"2022-05-05T19:21:42","slug":"cnbb-15-anos-conferencia-aparecida","status":"publish","type":"post","link":"https:\/\/www.cnbb.org.br\/cnbb-15-anos-conferencia-aparecida\/","title":{"rendered":"CNBB celebra os 15 anos da Confer\u00eancia de Aparecida com s\u00e9rie de atividades"},"content":{"rendered":"<p><span data-contrast=\"auto\">O pr\u00f3ximo dia 13 de maio marca os 15 anos da abertura da V Confer\u00eancia Geral do Episcopado Latino Americano e Caribenho, em 2007. O encontro, cujo fruto mais expressivo \u00e9 o Documento de Aparecida, foi ocasi\u00e3o da visita do Papa Bento XVI ao Brasil e delineou novas perspectivas pastorais para o continente. E para celebrar a data, a Confer\u00eancia Nacional dos Bispos do Brasil (CNBB) preparou uma s\u00e9rie de atividades e iniciativas de ora\u00e7\u00e3o e mem\u00f3ria.\u00a0<\/span><span data-ccp-props=\"{&quot;201341983&quot;:0,&quot;335559739&quot;:160,&quot;335559740&quot;:259}\">\u00a0<\/span><\/p>\n<p><span data-contrast=\"auto\">As atividades celebrativas e oracionais ser\u00e3o realizadas no Santu\u00e1rio Nacional de Aparecida, que sediou o encontro do episcopado 15 anos atr\u00e1s. Estar\u00e3o presentes membros da Presid\u00eancia da CNBB e o arcebispo de Trujillo, no Peru, e presidente do Conselho Episcopal Latino-Americano e Caribenho (Celam), monsenhor H\u00e9ctor Miguel Cabrejos Vidarte. Outras a\u00e7\u00f5es s\u00e3o preparadas, nos campos acad\u00eamico e da comunica\u00e7\u00e3o.<\/span><span data-ccp-props=\"{&quot;201341983&quot;:0,&quot;335559739&quot;:160,&quot;335559740&quot;:259}\">\u00a0<\/span><\/p>\n<h3><span data-contrast=\"auto\">Espa\u00e7o Mem\u00f3ria<\/span><span data-ccp-props=\"{&quot;201341983&quot;:0,&quot;335559739&quot;:160,&quot;335559740&quot;:259}\">\u00a0<\/span><\/h3>\n<p><span data-contrast=\"auto\">A primeira atividade ser\u00e1 a inaugura\u00e7\u00e3o do \u201cEspa\u00e7o Mem\u00f3ria\u201d alusivo aos 15 anos do Documento de Aparecida e da realiza\u00e7\u00e3o da V Confer\u00eancia. O evento ser\u00e1 realizado no Santu\u00e1rio Nacional de Aparecida, no dia 12 de maio, \u00e0s 16h.\u00a0<\/span><span data-ccp-props=\"{&quot;201341983&quot;:0,&quot;335559739&quot;:160,&quot;335559740&quot;:259}\">\u00a0<\/span><\/p>\n<h3><span data-contrast=\"auto\">Recita\u00e7\u00e3o do Ter\u00e7o<\/span><span data-ccp-props=\"{&quot;201341983&quot;:0,&quot;335559739&quot;:160,&quot;335559740&quot;:259}\">\u00a0<\/span><\/h3>\n<p><span data-contrast=\"auto\">No mesmo dia, ser\u00e1 realizado um momento de ora\u00e7\u00e3o que recordar\u00e1 a recita\u00e7\u00e3o do Ter\u00e7o conduzida pelo Papa Bento XVI no altar central da Bas\u00edlica da Padroeira do Brasil. A Presid\u00eancia da CNBB e convidados participar\u00e3o deste momento que poder\u00e1 ser transmitido pelas emissoras de TV de inspira\u00e7\u00e3o cat\u00f3lica, a partir das 19h. <\/span><span data-ccp-props=\"{&quot;201341983&quot;:0,&quot;335559739&quot;:160,&quot;335559740&quot;:259}\">\u00a0<\/span><\/p>\n<p>&nbsp;<\/p>\n<h3><span data-contrast=\"auto\">Missa\u00a0<\/span><span data-ccp-props=\"{&quot;201341983&quot;:0,&quot;335559739&quot;:160,&quot;335559740&quot;:259}\">\u00a0<\/span><\/h3>\n<p><span data-contrast=\"auto\"><img decoding=\"async\" loading=\"lazy\" class=\" wp-image-893786 alignleft\" src=\"https:\/\/www.cnbb.org.br\/wp-content\/uploads\/2022\/05\/15-anos-Aparecida-feed-1-300x300.jpeg\" alt=\"\" width=\"250\" height=\"250\" srcset=\"https:\/\/www.cnbb.org.br\/wp-content\/uploads\/2022\/05\/15-anos-Aparecida-feed-1-300x300.jpeg 300w, https:\/\/www.cnbb.org.br\/wp-content\/uploads\/2022\/05\/15-anos-Aparecida-feed-1-1024x1024.jpeg 1024w, https:\/\/www.cnbb.org.br\/wp-content\/uploads\/2022\/05\/15-anos-Aparecida-feed-1-150x150.jpeg 150w, https:\/\/www.cnbb.org.br\/wp-content\/uploads\/2022\/05\/15-anos-Aparecida-feed-1-768x768.jpeg 768w, https:\/\/www.cnbb.org.br\/wp-content\/uploads\/2022\/05\/15-anos-Aparecida-feed-1-800x800.jpeg 800w, https:\/\/www.cnbb.org.br\/wp-content\/uploads\/2022\/05\/15-anos-Aparecida-feed-1-500x500.jpeg 500w, https:\/\/www.cnbb.org.br\/wp-content\/uploads\/2022\/05\/15-anos-Aparecida-feed-1.jpeg 1081w\" sizes=\"(max-width: 250px) 100vw, 250px\" \/>No dia 13 de maio, sexta-feira, data de in\u00edcio da V Confer\u00eancia do Episcopado Latino Americano e Caribenho, a primeira atividade ser\u00e1 uma Missa presidida pelo arcebispo de Belo Horizonte (MG) e presidente da CNBB, dom Walmor Oliveira de Azevedo, \u00e0s 9h, com transmiss\u00e3o pela TV. <\/span><span data-ccp-props=\"{&quot;201341983&quot;:0,&quot;335559739&quot;:160,&quot;335559740&quot;:259}\">\u00a0<\/span><\/p>\n<p><span data-contrast=\"auto\">Ap\u00f3s a celebra\u00e7\u00e3o eucar\u00edstica, a Presid\u00eancia da CNBB conceder\u00e1 entrevista coletiva \u00e0 imprensa.<\/span><span data-ccp-props=\"{&quot;201341983&quot;:0,&quot;335551550&quot;:1,&quot;335551620&quot;:1,&quot;335559739&quot;:160,&quot;335559740&quot;:259}\">\u00a0<\/span><\/p>\n<p><span data-ccp-props=\"{&quot;201341983&quot;:0,&quot;335559739&quot;:160,&quot;335559740&quot;:259}\">\u00a0<\/span><\/p>\n<h3><span data-contrast=\"auto\">Semin\u00e1rio<\/span><span data-ccp-props=\"{&quot;201341983&quot;:0,&quot;335559739&quot;:160,&quot;335559740&quot;:259}\">\u00a0<\/span><\/h3>\n<p><span data-contrast=\"auto\">Sob a condu\u00e7\u00e3o do Instituto Nacional de Pastoral Padre Alberto Antoniazzi (INAPAZ), com o apoio dos Institutos de Teologia das universidades cat\u00f3licas, ser\u00e1 realizado um semin\u00e1rio com reflex\u00f5es de especialistas e assessores que contribu\u00edram na confer\u00eancia.\u00a0\u00a0<\/span><span data-ccp-props=\"{&quot;201341983&quot;:0,&quot;335559739&quot;:160,&quot;335559740&quot;:259}\">\u00a0<\/span><\/p>\n<h3><span data-contrast=\"auto\">Comunica\u00e7\u00e3o<\/span><span data-ccp-props=\"{&quot;201341983&quot;:0,&quot;335559739&quot;:160,&quot;335559740&quot;:259}\">\u00a0<\/span><\/h3>\n<p><span data-contrast=\"auto\">Neste contexto celebrativo e de mem\u00f3ria, a Assessoria de Comunica\u00e7\u00e3o da CNBB, com apoio de arquidioceses, dioceses e emissoras de TV de inspira\u00e7\u00e3o cat\u00f3lica, produziu uma s\u00e9rie de entrevistas com bispos que participaram da Confer\u00eancia de Aparecida sobre diversos aspectos presentes no documento que dali surgiu. O material ser\u00e1 oferecido para produ\u00e7\u00f5es jornal\u00edsticas relacionadas ao tema.\u00a0<\/span><span data-ccp-props=\"{&quot;201341983&quot;:0,&quot;335559739&quot;:160,&quot;335559740&quot;:259}\">\u00a0<\/span><\/p>\n<p>&nbsp;<\/p>\n<p><span data-contrast=\"auto\">A CNBB tamb\u00e9m oferece um logo comemorativo dos 15 anos da Confer\u00eancia de Aparecida, a partir da proposta do Celam, que anima a celebra\u00e7\u00e3o com as seguintes motiva\u00e7\u00f5es: \u201c<em>15 Anos de Aparecida &#8211; recordando juntos<\/em>\u201d; \u201c<em>15 Anos de Aparecida &#8211; escutando juntos<\/em>\u201d; \u201c<em>15 Anos de Aparecida &#8211; caminhando juntos<\/em>\u201d; e \u201c<em>15 Anos de Aparecida &#8211; celebrando juntos<\/em>\u201d.<\/span><span data-ccp-props=\"{&quot;201341983&quot;:0,&quot;335559739&quot;:160,&quot;335559740&quot;:259}\">\u00a0<\/span><\/p>\n<p><a href=\"https:\/\/www.cnbb.org.br\/wp-content\/uploads\/2022\/05\/logo-v-conf-celam-Aparecida.pdf\">Baixe o logo comemorativo.<\/a><\/p>\n<p>&nbsp;<\/p>\n<p>&nbsp;<\/p>\n<p><span data-contrast=\"auto\">Com o apoio da TV Aparecida, tamb\u00e9m ser\u00e3o oferecidos VTs com frases do documento.\u00a0<\/span><span data-ccp-props=\"{&quot;201341983&quot;:0,&quot;335559739&quot;:160,&quot;335559740&quot;:259}\">\u00a0<\/span><\/p>\n","protected":false},"excerpt":{"rendered":"<p>O pr\u00f3ximo dia 13 de maio marca os 15 anos da abertura da V Confer\u00eancia Geral do Episcopado Latino Americano e Caribenho, em 2007. O encontro, cujo fruto mais expressivo \u00e9 o Documento de Aparecida, foi ocasi\u00e3o da visita do Papa Bento XVI ao Brasil e delineou novas perspectivas pastorais para o continente. E para &hellip;<\/p>\n<p class=\"read-more\"> <a class=\"\" href=\"https:\/\/www.cnbb.org.br\/cnbb-15-anos-conferencia-aparecida\/\"> <span class=\"screen-reader-text\">CNBB celebra os 15 anos da Confer\u00eancia de Aparecida com s\u00e9rie de atividades<\/span> Leia mais &raquo;<\/a><\/p>\n","protected":false},"author":38,"featured_media":893783,"comment_status":"open","ping_status":"open","sticky":false,"template":"","format":"standard","meta":{"site-sidebar-layout":"default","site-content-layout":"default","ast-global-header-display":"","ast-banner-title-visibility":"","ast-main-header-display":"","ast-hfb-above-header-display":"","ast-hfb-below-header-display":"","ast-hfb-mobile-header-display":"","site-post-title":"","ast-breadcrumbs-content":"","ast-featured-img":"","footer-sml-layout":"","theme-transparent-header-meta":"default","adv-header-id-meta":"","stick-header-meta":"","header-above-stick-meta":"","header-main-stick-meta":"","header-below-stick-meta":""},"categories":[1294,1841,2693],"tags":[4438,2213,3626,4464],"acf":[],"_links":{"self":[{"href":"https:\/\/www.cnbb.org.br\/cnbb-app\/wp\/v2\/posts\/879221"}],"collection":[{"href":"https:\/\/www.cnbb.org.br\/cnbb-app\/wp\/v2\/posts"}],"about":[{"href":"https:\/\/www.cnbb.org.br\/cnbb-app\/wp\/v2\/types\/post"}],"author":[{"embeddable":true,"href":"https:\/\/www.cnbb.org.br\/cnbb-app\/wp\/v2\/users\/38"}],"replies":[{"embeddable":true,"href":"https:\/\/www.cnbb.org.br\/cnbb-app\/wp\/v2\/comments?post=879221"}],"version-history":[{"count":0,"href":"https:\/\/www.cnbb.org.br\/cnbb-app\/wp\/v2\/posts\/879221\/revisions"}],"wp:featuredmedia":[{"embeddable":true,"href":"https:\/\/www.cnbb.org.br\/cnbb-app\/wp\/v2\/media\/893783"}],"wp:attachment":[{"href":"https:\/\/www.cnbb.org.br\/cnbb-app\/wp\/v2\/media?parent=879221"}],"wp:term":[{"taxonomy":"category","embeddable":true,"href":"https:\/\/www.cnbb.org.br\/cnbb-app\/wp\/v2\/categories?post=879221"},{"taxonomy":"post_tag","embeddable":true,"href":"https:\/\/www.cnbb.org.br\/cnbb-app\/wp\/v2\/tags?post=879221"}],"curies":[{"name":"wp","href":"https:\/\/api.w.org\/{rel}","templated":true}]}}