{"id":8812,"date":"2018-02-07T00:00:00","date_gmt":"2018-02-07T02:00:00","guid":{"rendered":"https:\/\/www.cnbb.org.br\/encontro-nacional-de-colaboradores-do-setor-universidades-da-cnbb-refletiu-a-caminhada-e-os-avancos-nos-ultimos-anos\/"},"modified":"2020-03-11T16:41:36","modified_gmt":"2020-03-11T19:41:36","slug":"encontro-nacional-de-colaboradores-do-setor-universidades-da-cnbb-refletiu-a-caminhada-e-os-avancos-nos-ultimos-anos","status":"publish","type":"post","link":"https:\/\/www.cnbb.org.br\/encontro-nacional-de-colaboradores-do-setor-universidades-da-cnbb-refletiu-a-caminhada-e-os-avancos-nos-ultimos-anos\/","title":{"rendered":"Encontro de Colaboradores do Setor Universidades refletiu avan\u00e7os nos \u00faltimos anos"},"content":{"rendered":"<p style=\"text-align: justify\">Bras\u00edlia (DF) foi a cidade escolhida para acolher a s\u00e9tima edi\u00e7\u00e3o do VII Encontro Nacional dos Colaboradores do Setor Universidades da Comiss\u00e3o Episcopal Pastoral para a Cultura e a Educa\u00e7\u00e3o da Confer\u00eancia Nacional dos Bispos do Brasil (CNBB). Entre os dias 02 e 03 de fevereiro, 35 representantes\u00a0vindos\u00a0de todas as regi\u00f5es do Brasil se reuniram para analisar e refletir os caminhos que este setor tem percorrido nos \u00faltimos anos. Uma das principais atividades do Setor Universidades tem sido estimular a articula\u00e7\u00e3o nos Regionais da CNBB dos diferentes atores da a\u00e7\u00e3o evangelizadora no \u00e2mbito universit\u00e1rio.<\/p>\n<blockquote>\n<p style=\"text-align: justify\"><span style=\"color: #993300\"><strong>\u201cH\u00e1 muito sendo realizado a partir de projetos da Pastoral Universit\u00e1ria, de Movimentos Eclesiais, de Novas Comunidades e de Congrega\u00e7\u00f5es Religiosas. No Encontro e no Semin\u00e1rio deste primeiro fim de semana de fevereiro os participantes sinalizaram a beleza e a riqueza dessa diversidade de a\u00e7\u00f5es evangelizadoras\u201d, destaca o Arcebispo Coadjutor de Montes Claros (MG) e presidente da Comiss\u00e3o Episcopal Pastoral para Cultura e Educa\u00e7\u00e3o da CNBB, dom Jo\u00e3o Justino de Medeiros.<\/strong><\/span><\/p>\n<\/blockquote>\n<p style=\"text-align: justify\">Durante dois dias, os participantes refletiram diversas tem\u00e1ticas. Entre elas: \u201cAntropologia Crist\u00e3 do Papa Francisco: educar ao humanismo solid\u00e1rio\u201d\u00a0dialogada pela Irm\u00e3 Cl\u00e1udia Chesini da Associa\u00e7\u00e3o Nacional de Educa\u00e7\u00e3o Cat\u00f3lica do Brasil (ANEC).<\/p>\n<p style=\"text-align: justify\">Para Valcir Moraes, membro do Observat\u00f3rio de Evangeliza\u00e7\u00e3o e Pastoral da PUCPR, a partir desta provoca\u00e7\u00e3o que o documento \u201cEducar ao humanismo solid\u00e1rio\u201d publicado pela Congrega\u00e7\u00e3o para a Educa\u00e7\u00e3o Cat\u00f3lica nos faz, come\u00e7amos os di\u00e1logos que nos inspirou a pensar o potencial que as institui\u00e7\u00f5es de ensino superior possuem para transformar realidades em prol do bem comum.<\/p>\n<p style=\"text-align: justify\">No encontro tamb\u00e9m houve um momento para mem\u00f3ria e avalia\u00e7\u00e3o das diversas atividades desenvolvidas pelo Setor Universidades desde 2015. Na sequ\u00eancia, foram apresentados dois blocos de projetos que abordaram os temas: Articula\u00e7\u00e3o dos regionais do Norte e Centro Oeste,\u00a0apresentado\u00a0pelos padres\u00a0Danilo Pinto e Silas Silva; Ensino EAD: perfil do p\u00fablico e estudo de caso,\u00a0apresentado pelo professor Rodrigo F\u00e9lix (UERJ; Programa Miss\u00e3o Pa\u00eds, apresentado por Valcir Moraes (PUCPR); II Encontro Nacional de Docentes do Ensino Superior\u00a0e\u00a0I Encontro Nacional de Profissionais \u00e0 Luz do Ensino Social da Igreja, que acontecer\u00e1 no \u00a0Rio de Janeiro (RJ) e N\u00facleo de Estudantes Internacionais\u00a0e\u00a0Estudantes com Necessidades Espec\u00edficas.<\/p>\n<blockquote>\n<p style=\"text-align: justify\"><span style=\"color: #993300\"><strong>\u201cOs di\u00e1logos que aconteceram ao redor de cada uma das comunica\u00e7\u00f5es realizadas, n\u00e3o raras vezes, fizeram eco ao conte\u00fado do documento apresentado no in\u00edcio do encontro. O desafio apresentado pela Ir. Cl\u00e1udia de um \u201cdesenvolvimento conjunto das oportunidades civis atrav\u00e9s de um plano educativo, capaz de\u00a0explicar as motiva\u00e7\u00f5es da coopera\u00e7\u00e3o num mundo solid\u00e1rio\u201d parece servir como eixo de conex\u00e3o entre as propostas que os colaboradores do Setor Universidades trouxeram para o encontro\u201d, destacou Valdir Moraes.<\/strong><\/span><\/p>\n<\/blockquote>\n<p style=\"text-align: justify\">O trabalho do Setor tem reflexo direto nas bases, isto \u00e9, nas Institui\u00e7\u00f5es de Ensino Superior (IES) onde \u00e9 sempre maior o n\u00famero de iniciativas de evangeliza\u00e7\u00e3o por parte dos universit\u00e1rios crist\u00e3os \u2013 estudantes e professores.<\/p>\n<blockquote>\n<p style=\"text-align: justify\"><span style=\"color: #993300\"><strong>\u201cPara Igreja do Brasil \u00e9 muito edificante verificar como alguns Regionais est\u00e3o se articulando, criando sempre mais oportunidades de somar esfor\u00e7os e agentes na miss\u00e3o evangelizadora no \u00e2mbito universit\u00e1rio. Assessores e colaboradores do Setor tem tido um papel muito importante. Aproveito para agradec\u00ea-los\u201d, ressalta dom Jo\u00e3o Justino de Medeiros.<\/strong><\/span><\/p>\n<\/blockquote>\n<p style=\"text-align: justify\">A presen\u00e7a de representantes de cada regi\u00e3o do Brasil, fortalece o Setor da CNBB e abre um horizonte de in\u00fameras possibilidades de anuncio do Evangelho nas Institui\u00e7\u00f5es de Ensino Superior de nosso pa\u00eds j\u00e1 que o \u00e2mbito universit\u00e1rio \u00e9, antes de tudo, um espa\u00e7o humano, repleto de pessoas em trabalho de forma\u00e7\u00e3o profissional. Isto se d\u00e1 nos eixos do ensino, da pesquisa e da extens\u00e3o.<\/p>\n<blockquote>\n<p style=\"text-align: justify\"><span style=\"color: #993300\"><strong>Para o arcebispo e presidente da comiss\u00e3o, quem cr\u00ea em Jesus Cristo encontra no espa\u00e7o universit\u00e1rio um campo para viver suas convic\u00e7\u00f5es de f\u00e9 e de testemunhar o projeto do Reino na viv\u00eancia do evangelho. Temos longo caminho para percorrer, mas j\u00e1 sentimos \u201ca alegria do Evangelho\u201d ao encontrar centenas e centenas de estudantes universit\u00e1rios que aprenderam a promover o di\u00e1logo entre f\u00e9 e raz\u00e3o.<\/strong><\/span><\/p>\n<\/blockquote>\n<p style=\"text-align: justify\">O encontro \u00e9 promovido anualmente e tem como objetivo reunir agentes, pessoas de refer\u00eancia e coordenadores de Pastoral Universit\u00e1ria dos Regionais, dioceses e institui\u00e7\u00f5es de ensino superior de todo o pa\u00eds para refletir e planejar as a\u00e7\u00f5es pastorais no ambiente universit\u00e1rio.<\/p>\n<p style=\"text-align: justify\">Para 2018, um dos principais projetos \u00e9 a atualiza\u00e7\u00e3o do Estudo 102 \u2013 O seguimento de Jesus Cristo e a a\u00e7\u00e3o evangelizadora no \u00e2mbito universit\u00e1rio. Uma agenda de trabalho j\u00e1 foi organizada no sentido de recolher os frutos amadurecidos desta reflex\u00e3o iniciada em 2010. O texto publicado no in\u00edcio de 2013 precisa incorporar importantes contribui\u00e7\u00f5es do Papa Francisco, por exemplo.<\/p>\n","protected":false},"excerpt":{"rendered":"<p>Ao todo 35 representantes\u00a0vindos\u00a0de todo Brasil participaram das atividades entre os dias 02 e 03 de fevereiro<\/p>\n","protected":false},"author":83,"featured_media":8813,"comment_status":"closed","ping_status":"open","sticky":false,"template":"","format":"standard","meta":{"site-sidebar-layout":"default","site-content-layout":"default","ast-global-header-display":"","ast-banner-title-visibility":"","ast-main-header-display":"","ast-hfb-above-header-display":"","ast-hfb-below-header-display":"","ast-hfb-mobile-header-display":"","site-post-title":"","ast-breadcrumbs-content":"","ast-featured-img":"","footer-sml-layout":"","theme-transparent-header-meta":"","adv-header-id-meta":"","stick-header-meta":"","header-above-stick-meta":"","header-main-stick-meta":"","header-below-stick-meta":""},"categories":[799],"tags":[],"acf":[],"_links":{"self":[{"href":"https:\/\/www.cnbb.org.br\/cnbb-app\/wp\/v2\/posts\/8812"}],"collection":[{"href":"https:\/\/www.cnbb.org.br\/cnbb-app\/wp\/v2\/posts"}],"about":[{"href":"https:\/\/www.cnbb.org.br\/cnbb-app\/wp\/v2\/types\/post"}],"author":[{"embeddable":true,"href":"https:\/\/www.cnbb.org.br\/cnbb-app\/wp\/v2\/users\/83"}],"replies":[{"embeddable":true,"href":"https:\/\/www.cnbb.org.br\/cnbb-app\/wp\/v2\/comments?post=8812"}],"version-history":[{"count":0,"href":"https:\/\/www.cnbb.org.br\/cnbb-app\/wp\/v2\/posts\/8812\/revisions"}],"wp:featuredmedia":[{"embeddable":true,"href":"https:\/\/www.cnbb.org.br\/cnbb-app\/wp\/v2\/media\/8813"}],"wp:attachment":[{"href":"https:\/\/www.cnbb.org.br\/cnbb-app\/wp\/v2\/media?parent=8812"}],"wp:term":[{"taxonomy":"category","embeddable":true,"href":"https:\/\/www.cnbb.org.br\/cnbb-app\/wp\/v2\/categories?post=8812"},{"taxonomy":"post_tag","embeddable":true,"href":"https:\/\/www.cnbb.org.br\/cnbb-app\/wp\/v2\/tags?post=8812"}],"curies":[{"name":"wp","href":"https:\/\/api.w.org\/{rel}","templated":true}]}}