{"id":8842,"date":"2018-02-09T00:00:00","date_gmt":"2018-02-09T02:00:00","guid":{"rendered":"https:\/\/www.cnbb.org.br\/grupo-de-assessores-aprofunda-a-antropologia-do-papa-franscisco-em-primeira-reuniao-do-ano\/"},"modified":"2018-02-09T00:00:00","modified_gmt":"2018-02-09T02:00:00","slug":"grupo-de-assessores-aprofunda-a-antropologia-do-papa-franscisco-em-primeira-reuniao-do-ano","status":"publish","type":"post","link":"https:\/\/www.cnbb.org.br\/grupo-de-assessores-aprofunda-a-antropologia-do-papa-franscisco-em-primeira-reuniao-do-ano\/","title":{"rendered":"\u201cAntropologia do papa Francisco\u201d \u00e9 apresentada em reuni\u00e3o de assessores"},"content":{"rendered":"<p style=\"text-align: justify\">O Grupo de Assessores (GA) das Comiss\u00f5es Episcopais da Confer\u00eancia Nacional dos Bispos do Brasil (CNBB), incluindo tamb\u00e9m assessores das Edi\u00e7\u00f5es CNBB e da Comiss\u00e3o Especial da Amaz\u00f4nia \u00a0se reuniu em Bras\u00edlia (DF), nesta quinta-feira (8), em sua primeira reuni\u00e3o de 2018.<\/p>\n<p style=\"text-align: justify\">Participando da reuni\u00e3o pela primeira vez, ap\u00f3s ter assumido a assessoria da Comiss\u00e3o Episcopal Pastoral para a Liturgia, o padre Leonardo Jos\u00e9 de Souza Pinheiro, de Juiz de Fora (MG), disse que, para ele, esta reuni\u00e3o \u00e9 um momento de conhecimento da din\u00e2mica de trabalho com os outros assessores. \u201cVejo o carinho e o amor que cada um deles tem, a partir de sua comiss\u00e3o, pela Igreja de Cristo no Brasil\u201d, disse. Outro aspecto que ele ressaltou foi a riqueza de tantas realidades e focos de trabalho da Igreja no Brasil. \u201cPercebe-se uma linda co-responsabilidade e fraternidade entre os assessores\u201d, disse.<\/p>\n<figure id=\"attachment_164302\" aria-describedby=\"caption-attachment-164302\" style=\"width: 300px\" class=\"wp-caption alignleft\"><a href=\"http:\/\/cnbb.net.br\/grupo-de-assessores-aprofunda-a-antropologia-do-papa-franscisco-em-primeira-reuniao-do-ano\/catelan\/\" rel=\"attachment wp-att-164302 noopener\" target=\"_blank\"><img decoding=\"async\" loading=\"lazy\" class=\"wp-image-164302 size-medium\" src=\"http:\/\/cnbb.net.br\/wp-content\/uploads\/2018\/02\/Catelan-300x231.jpg\" alt=\"\" width=\"300\" height=\"231\" \/><\/a><figcaption id=\"caption-attachment-164302\" class=\"wp-caption-text\">Monsenhor Antonio Catelan. Foto: Willian Bonfim\/Assessoria de Imprensa CNBB<\/figcaption><\/figure>\n<p style=\"text-align: justify\">O tema de reflex\u00e3o, conduzido pelo monsenhor Antonio Luiz Catelan Ferreira, assessor da Comiss\u00e3o Episcopal Pastoral para a Doutrina da F\u00e9 da Confer\u00eancia Nacional da\u00a0 CNBB, foi a \u201cAntropologia do papa Francisco\u201d.<\/p>\n<p style=\"text-align: justify\">Segundo o monsenhor, a antropologia do papa Franscico sobre o ser humano \u00e9 marcada profundamente por um interesse pastoral. Embora nos seus elementos fundamentais, a antropologia do pont\u00edfice seja baseada na tradi\u00e7\u00e3o da Igreja (na sagrada Escritura, na no\u00e7\u00e3o da imagem e semelhan\u00e7a de Deus, na tradi\u00e7\u00e3o teol\u00f3gica), Catelan defende que o papa Francisco procura responder aos desafios concretos.<\/p>\n<p style=\"text-align: justify\">Um exemplo, cita o religioso, \u00e9 a enc\u00edclica <em>Laudato Si<\/em>, na qual o santo padre desenvolve muitos elementos antropol\u00f3gicos mas vai al\u00e9m da quest\u00e3o do meio ambiente. \u201cEle est\u00e1 respondendo a uma quest\u00e3o muito mais ampla, da qual a ecologia \u00e9 apenas um sintoma. O papa questiona uma compreens\u00e3o reducionista de ser humano a uma das necessidades que \u00e9 o consumo. Isto no paradigma da cultura atual, que \u00e9 tecnocrata e tecnol\u00f3gica, onde tudo se reduz ao economicismo potencializado pela tecnologia\u201d, pontuou.<\/p>\n<p style=\"text-align: justify\"><span style=\"color: #993300\"><strong>A pobreza como crit\u00e9rio<\/strong><\/span> &#8211; Para o monsenhor, o papa faz uma den\u00fancia prof\u00e9tica da redu\u00e7\u00e3o do ser humano a mercadoria e objeto. \u201cO papa anuncia que a cultura atual precisa reencontrar-se com valores fundamentais para que esteja a servi\u00e7o do ser humano\u201d, disse. Outra caracter\u00edstica fundamental da antropologia do papa atual, apresentada ao GA, foi a de que o pont\u00edfice toma os pobres como crit\u00e9rio. \u201cPara o papa, uma cultura quando chega a produzir progresso tamb\u00e9m para os pobres \u00e9 boa. No caso contr\u00e1rio, ela n\u00e3o est\u00e1 bem\u201d, concluiu.<\/p>\n<p style=\"text-align: justify\">O \u00a0subsecret\u00e1rio adjunto de Pastoral da CNBB, padre Deusmar Jesus da Silva, coordenador da reuni\u00e3o, lembra que a reuni\u00e3o do GA tem como objetivo principal ser um espa\u00e7o de troca de experi\u00eancias para que os assessores se ajudem mutuamente no trabalho que prestam \u00e0 Confer\u00eancia, \u00e0s igrejas particulares e \u00e0 Igreja do Brasil. \u201cEssas reuni\u00f5es colaboram para \u00a0que a gente possa crescer mutuamente e desenvolver um trabalho melhor de assessoria\u201d, avaliou.<\/p>\n<p style=\"text-align: justify\">Al\u00e9m de estudos, como este do aprofundamento sobre \u201cAntropologia do papa Francisco\u201d, o grupo se dedicar\u00e1 a conhecer a experi\u00eancia de assessoria \u00e0 Comiss\u00e3o Episcopal Pastoral para a A\u00e7\u00e3o Social Transformadora e a temas e encaminhamos pr\u00f3prios do GA, refor\u00e7ou padre Deusmar.\u00a0Durante o ano de 2018, o Grupo de Assessores da Comiss\u00f5es da CNBB se encontrar\u00e1 ainda nas seguintes datas: 21 de maio; 18 de junho; 23 e 24 de agosto; 17 de setembro e 22 de outubro.<\/p>\n","protected":false},"excerpt":{"rendered":"<p>Novo no grupo, padre Leonardo Jos\u00e9, de Juiz de Fora (MG): &#8220;percebe-se uma fraternidade entre os assessores&#8221;<\/p>\n","protected":false},"author":83,"featured_media":0,"comment_status":"closed","ping_status":"open","sticky":false,"template":"","format":"standard","meta":{"site-sidebar-layout":"default","site-content-layout":"default","ast-global-header-display":"","ast-banner-title-visibility":"","ast-main-header-display":"","ast-hfb-above-header-display":"","ast-hfb-below-header-display":"","ast-hfb-mobile-header-display":"","site-post-title":"","ast-breadcrumbs-content":"","ast-featured-img":"","footer-sml-layout":"","theme-transparent-header-meta":"","adv-header-id-meta":"","stick-header-meta":"","header-above-stick-meta":"","header-main-stick-meta":"","header-below-stick-meta":""},"categories":[744,820],"tags":[],"acf":[],"_links":{"self":[{"href":"https:\/\/www.cnbb.org.br\/cnbb-app\/wp\/v2\/posts\/8842"}],"collection":[{"href":"https:\/\/www.cnbb.org.br\/cnbb-app\/wp\/v2\/posts"}],"about":[{"href":"https:\/\/www.cnbb.org.br\/cnbb-app\/wp\/v2\/types\/post"}],"author":[{"embeddable":true,"href":"https:\/\/www.cnbb.org.br\/cnbb-app\/wp\/v2\/users\/83"}],"replies":[{"embeddable":true,"href":"https:\/\/www.cnbb.org.br\/cnbb-app\/wp\/v2\/comments?post=8842"}],"version-history":[{"count":0,"href":"https:\/\/www.cnbb.org.br\/cnbb-app\/wp\/v2\/posts\/8842\/revisions"}],"wp:attachment":[{"href":"https:\/\/www.cnbb.org.br\/cnbb-app\/wp\/v2\/media?parent=8842"}],"wp:term":[{"taxonomy":"category","embeddable":true,"href":"https:\/\/www.cnbb.org.br\/cnbb-app\/wp\/v2\/categories?post=8842"},{"taxonomy":"post_tag","embeddable":true,"href":"https:\/\/www.cnbb.org.br\/cnbb-app\/wp\/v2\/tags?post=8842"}],"curies":[{"name":"wp","href":"https:\/\/api.w.org\/{rel}","templated":true}]}}