{"id":8845,"date":"2018-02-09T00:00:00","date_gmt":"2018-02-09T02:00:00","guid":{"rendered":"https:\/\/www.cnbb.org.br\/faleceu-dom-agenor-girardi-bispo-da-diocese-de-uniao-da-vitoria-no-parana\/"},"modified":"2018-02-09T00:00:00","modified_gmt":"2018-02-09T02:00:00","slug":"faleceu-dom-agenor-girardi-bispo-da-diocese-de-uniao-da-vitoria-no-parana","status":"publish","type":"post","link":"https:\/\/www.cnbb.org.br\/faleceu-dom-agenor-girardi-bispo-da-diocese-de-uniao-da-vitoria-no-parana\/","title":{"rendered":"Faleceu dom Agenor Girardi, bispo da Diocese de Uni\u00e3o da Vit\u00f3ria, no Paran\u00e1"},"content":{"rendered":"<p style=\"text-align: justify\">Faleceu na noite desta quinta-feira, 08 de fevereiro, \u00e0s 22h30, aos 66 anos de idade, dom Agenor Girardi, bispo diocesano de Uni\u00e3o da Vit\u00f3ria (PR). Segundo nota da diocese, dom Agenor estava internado no Hospital S\u00e3o Br\u00e1s, em Porto Uni\u00e3o (SC), e veio a falecer v\u00edtima de um quadro infeccioso grave que evoluiu para a fal\u00eancia m\u00faltipla de \u00f3rg\u00e3os. O bispo auxiliar de Bras\u00edlia (DF) e secret\u00e1rio-geral da Confer\u00eancia Nacional dos Bispos do Brasil (CNBB), dom Leonardo Steiner, enviou nota de condol\u00eancias \u00e0 diocese e aos familiares manifestando o pesar e a solidariedade fraterna da entidade.<\/p>\n<p style=\"text-align: justify\">A nota ainda informa que desde novembro do ano passado Dom Agenor vivia uma maratona entre sua resid\u00eancia e o hospital para tratar de sua sa\u00fade. Chegou a ser internado na Unidade de Terapia Intensiva (UTI), mas seu quadro se agravou. Nos \u00faltimos dias dom Agenor passou no quarto de Hospital, sendo monitorado pelos m\u00e9dicos e acompanhado por familiares, amigos e membros do clero da diocese. Segundo a fam\u00edlia, dom Agenor estava ciente do seu quadro de sa\u00fade e foi respeitada a sua vontade quanto ao tratamento, tendo sido feito todo o poss\u00edvel por parte da equipe m\u00e9dica.<\/p>\n<figure id=\"attachment_164365\" aria-describedby=\"caption-attachment-164365\" style=\"width: 209px\" class=\"wp-caption alignleft\"><a href=\"http:\/\/cnbb.net.br\/faleceu-dom-agenor-girardi-bispo-da-diocese-de-uniao-da-vitoria-no-parana\/posse_dom-agenor\/\" rel=\"attachment wp-att-164365 noopener\" target=\"_blank\"><img decoding=\"async\" loading=\"lazy\" class=\" wp-image-164365\" src=\"http:\/\/cnbb.net.br\/wp-content\/uploads\/2018\/02\/Posse_Dom-Agenor-300x300.jpg\" alt=\"\" width=\"209\" height=\"209\" \/><\/a><figcaption id=\"caption-attachment-164365\" class=\"wp-caption-text\"><em>Foto: divulga\u00e7\u00e3o | Dom Peruzzo preside posse de dom Agenor, em 2015<\/em><\/figcaption><\/figure>\n<p style=\"text-align: justify\">No final da nota, a diocese de Uni\u00e3o da Vit\u00f3ria &#8220;manifesta profundo pesar pela morte de seu Pastor, e rende preces \u00e0 Deus pelo seu descanso na vida eterna. Em solidariedade aos familiares, amigos e fi\u00e9is diocesanos, expressa tamb\u00e9m sentimentos de conforto \u00e0 todos&#8221;.<\/p>\n<p style=\"text-align: justify\">O vel\u00f3rio acontece nesta sexta-feira, 09, a partir das 7h, com missas durante o dia. A\u00a0Missa de Ex\u00e9quias ser\u00e1 no s\u00e1bado, 10, \u00e0s 9h, na Catedral Sagrado Cora\u00e7\u00e3o de Jesus, em Uni\u00e3o da Vit\u00f3ria, e ser\u00e1 presidida pelo arcebispo de Curitiba (PR), dom Jos\u00e9 Ant\u00f4nio Peruzzo. O sepultamento est\u00e1 previsto para as 10h30, na Catedral Sagrado Cora\u00e7\u00e3o de Jesus.<\/p>\n<p>&nbsp;<\/p>\n<p><span style=\"color: #993300\"><strong>Biografia<\/strong><\/span><br \/>\nDom Agenor Girardi nasceu no dia 02 de fevereiro de 1952 e era natural da cidade de Orleans (SC).<\/p>\n<p style=\"text-align: justify\"><span style=\"color: #000000\"><strong>Estudos<\/strong><\/span><br \/>\nEm 1966 iniciou o ensino fundamental no Semin\u00e1rio Menor S\u00e3o Jos\u00e9, em Francisco Beltr\u00e3o e concluiu o Ensino M\u00e9dio na Escola Estadual M\u00e1rio de Andrade, em Francisco Beltr\u00e3o, em 1974. Estudou Filosofia na Pontif\u00edcia Universidade Cat\u00f3lica de Campinas concluindo em 1977, e formou-se em Teologia pela Faculdade de Teologia Nossa Senhora da Assun\u00e7\u00e3o na cidade de S\u00e3o Paulo, em 1982. Fez sua profiss\u00e3o religiosa na Congrega\u00e7\u00e3o dos Mission\u00e1rios do Sagrado Cora\u00e7\u00e3o no dia 1 de fevereiro de 1982 e foi ordenado sacerdote em 5 de setembro do mesmo ano por Dom Agostinho Jos\u00e9 Sartori. Obteve a Licen\u00e7a em Teologia Espiritual na Pontif\u00edcia Universidade Gregoriana, em Roma. Tamb\u00e9m fez o Curso de Espiritualidade no CETESP, no Rio de Janeiro.<\/p>\n<p style=\"text-align: justify\"><span style=\"color: #000000\"><strong>Trabalhos Pastorais em Par\u00f3quia e Semin\u00e1rio<\/strong><\/span><br \/>\nEm 1982 foi nomeado vig\u00e1rio paroquial da Par\u00f3quia de Santa Rita de C\u00e1ssia em Marmeleiro; em 1983 foi vice-diretor do Semin\u00e1rio S\u00e3o Jos\u00e9, em Francisco Beltr\u00e3o. De 1984 a 1988 foi diretor do mesmo Semin\u00e1rio em Francisco Beltr\u00e3o e mestre de novi\u00e7os em Pirassununga, durante os anos 1991 a 1995. Foi coordenador do CETESP (Centro Teol\u00f3gico de Estudos e Espiritualidade para a Vida Religiosa), no Rio de Janeiro no per\u00edodo 1996 a 1998 e superior provincial da Comunidade de Curitiba, de 1999 a 2001. Atuou como reitor do Santu\u00e1rio de Nossa Senhora do Sagrado Cora\u00e7\u00e3o em Curitiba, de 1999 a 2001 e vig\u00e1rio paroquial da par\u00f3quia S\u00e3o Jos\u00e9 na cidade de Francisco Beltr\u00e3o, de 2002 a 2009. Desde 2002 foi consultor da Confer\u00eancia dos Religiosos do Brasil, para obten\u00e7\u00e3o de orienta\u00e7\u00f5es espirituais e exerc\u00edcios de treinamento sobre a Vida Consagrada. Em 2009 assumiu como p\u00e1roco da Par\u00f3quia S\u00e3o Jos\u00e9 em Francisco Beltr\u00e3o.<\/p>\n<p style=\"text-align: justify\"><span style=\"color: #000000\"><strong>Nomea\u00e7\u00e3o Episcopal<\/strong><\/span><br \/>\nDom Agenor foi nomeado bispo pelo Papa Bento XVI no dia 22 de dezembro de 2010 indicado como bispo-auxiliar para a Arquidiocese de Porto Alegre (RS). Sua sagra\u00e7\u00e3o episcopal se deu no dia 25 de mar\u00e7o de 2011, na cidade de Francisco Beltr\u00e3o juntamente com o Monsenhor Geremias Steinmetz. Aos 2 de abril de 2015 foi nomeado Vig\u00e1rio Geral da Arquidiocese de Porto Alegre e Bispo Referencial para a Vida Consagrada na mesma arquidiocese.<\/p>\n<p style=\"text-align: justify\"><strong>Em Uni\u00e3o da Vit\u00f3ria<\/strong><br \/>\nNo dia 06 de maio de 2015, dom Agenor foi transferido pelo papa Francisco, da sede titular de \u201cFornos Maggiore\u201d e do of\u00edcio de auxiliar na Arquidiocese de Porto Alegre para a Diocese de Uni\u00e3o da Vit\u00f3ria, tomando Posse no dia 12 de junho de 2015, solenidade do Sagrado Cora\u00e7\u00e3o de Jesus, como 3\u00ba Bispo Diocesano de Uni\u00e3o da Vit\u00f3ria.<\/p>\n<p>&nbsp;<\/p>\n<h4 style=\"text-align: center\">Nota de Condol\u00eancias da CNBB pelo falecimento de dom Agenor Girardi<\/h4>\n<p style=\"text-align: right\">Bras\u00edlia, 09 de fevereiro de 2018<\/p>\n<blockquote>\n<p style=\"text-align: justify\">A Confer\u00eancia Nacional dos Bispos do Brasil (CNBB) recebeu com pesar a not\u00edcia do falecimento de dom Agenor Girardi, bispo da diocese de Uni\u00e3o da Vit\u00f3ria (PR), ocorrido na noite desta quinta-feira, 08 de fevereiro, no Hospital S\u00e3o Br\u00e1s, em Porto Uni\u00e3o (SC).<\/p>\n<p style=\"text-align: justify\">Enviamos nosso abra\u00e7o de solidariedade fraterna aos familiares de dom Agenor, ao Clero e \u00e0s comunidades da diocese de Uni\u00e3o da Vit\u00f3ria. Renovamos, com todos, nossa certeza na feliz ressurrei\u00e7\u00e3o. O seu sofrimento foi participa\u00e7\u00e3o no sofrimento salv\u00edfico de Jesus Cristo para o bem da Igreja.<\/p>\n<p style=\"text-align: justify\">Nesta hora, lembramos as palavras iluminadas do Beato Paulo VI, em suas medita\u00e7\u00f5es sobre a morte: <em>\u201cCurvo a cabe\u00e7a e levanto o esp\u00edrito. Humilho-me a mim mesmo e exalto-Te a Ti, Deus, \u2018cuja natureza \u00e9 bondade\u2019 (S\u00e3o Le\u00e3o). Permite que, nesta \u00faltima vig\u00edlia, eu preste homenagem a Ti, Deus vivo e verdadeiro, que amanh\u00e3 ser\u00e1s o meu juiz, e que Te d\u00ea o louvor que mais ambicionas, o nome que preferes: \u00e9s Pai\u201d<\/em>.<\/p>\n<p style=\"text-align: justify\">Ao nos despedir desse nosso Irm\u00e3o, recordamos a beleza do seu lema episcopal: \u201c<em>Ametur cor Iesu<\/em>\u201d (\u201cAmado seja o Cora\u00e7\u00e3o de Jesus\u201d). Papa Francisco nos lembrava, numa Festa do Cora\u00e7\u00e3o de Jesus, o sentido desse amor: \u201c<em>Eis como Ele mesmo se definia: \u2018Aprendei de mim, que sou manso e humilde de cora\u00e7\u00e3o\u2019 (Mt 11, 29). E o sentido [&#8230;] consiste em descobrir cada vez mais e em deixar-nos abra\u00e7ar pela lealdade humilde da mansid\u00e3o do amor de Cristo, Revela\u00e7\u00e3o da miseric\u00f3rdia do Pai. N\u00f3s podemos experimentar e saborear a ternura deste amor em cada fase da vida: no tempo da alegria e das tristezas, no tempo da sa\u00fade e da enfermidade e da doen\u00e7a\u201d<\/em>. E, hoje, podemos dizer que experimentamos o consolo desse amor tamb\u00e9m no momento da P\u00e1scoa do nosso Irm\u00e3o, dom Agenor.<\/p>\n<p style=\"text-align: justify\">Enviamos nossas ora\u00e7\u00f5es.<br \/>\nEm Cristo,<\/p>\n<\/blockquote>\n<p style=\"text-align: center\"><strong>Dom Leonardo Ulrich Steiner<\/strong><br \/>\nBispo auxiliar de Bras\u00edlia<br \/>\nSecret\u00e1rio-Geral da CNBB<\/p>\n","protected":false},"excerpt":{"rendered":"<p>Dom Agenor tinha 66 anos, estava internado em Porto Uni\u00e3o (SC) e veio a falecer v\u00edtima de um quadro infeccioso grave que evoluiu para a fal\u00eancia m\u00faltipla de \u00f3rg\u00e3os. Vel\u00f3rio acontece nesta sexta-feira e sepultamento ser\u00e1 amanh\u00e3, ap\u00f3s missa das ex\u00e9quias, marcada para as 9h. CNBB divulga nota de condol\u00eancias<\/p>\n","protected":false},"author":83,"featured_media":0,"comment_status":"closed","ping_status":"open","sticky":false,"template":"","format":"standard","meta":{"site-sidebar-layout":"default","site-content-layout":"default","ast-global-header-display":"","ast-banner-title-visibility":"","ast-main-header-display":"","ast-hfb-above-header-display":"","ast-hfb-below-header-display":"","ast-hfb-mobile-header-display":"","site-post-title":"","ast-breadcrumbs-content":"","ast-featured-img":"","footer-sml-layout":"","theme-transparent-header-meta":"","adv-header-id-meta":"","stick-header-meta":"","header-above-stick-meta":"","header-main-stick-meta":"","header-below-stick-meta":""},"categories":[798],"tags":[],"acf":[],"_links":{"self":[{"href":"https:\/\/www.cnbb.org.br\/cnbb-app\/wp\/v2\/posts\/8845"}],"collection":[{"href":"https:\/\/www.cnbb.org.br\/cnbb-app\/wp\/v2\/posts"}],"about":[{"href":"https:\/\/www.cnbb.org.br\/cnbb-app\/wp\/v2\/types\/post"}],"author":[{"embeddable":true,"href":"https:\/\/www.cnbb.org.br\/cnbb-app\/wp\/v2\/users\/83"}],"replies":[{"embeddable":true,"href":"https:\/\/www.cnbb.org.br\/cnbb-app\/wp\/v2\/comments?post=8845"}],"version-history":[{"count":0,"href":"https:\/\/www.cnbb.org.br\/cnbb-app\/wp\/v2\/posts\/8845\/revisions"}],"wp:attachment":[{"href":"https:\/\/www.cnbb.org.br\/cnbb-app\/wp\/v2\/media?parent=8845"}],"wp:term":[{"taxonomy":"category","embeddable":true,"href":"https:\/\/www.cnbb.org.br\/cnbb-app\/wp\/v2\/categories?post=8845"},{"taxonomy":"post_tag","embeddable":true,"href":"https:\/\/www.cnbb.org.br\/cnbb-app\/wp\/v2\/tags?post=8845"}],"curies":[{"name":"wp","href":"https:\/\/api.w.org\/{rel}","templated":true}]}}