{"id":8854,"date":"2018-02-16T00:00:00","date_gmt":"2018-02-16T02:00:00","guid":{"rendered":"https:\/\/www.cnbb.org.br\/dom-pedro-casaldaliga-completa-90-anos-de-idade-nesta-sexta-feira-16-de-fevereiro\/"},"modified":"2018-02-16T00:00:00","modified_gmt":"2018-02-16T02:00:00","slug":"dom-pedro-casaldaliga-completa-90-anos-de-idade-nesta-sexta-feira-16-de-fevereiro","status":"publish","type":"post","link":"https:\/\/www.cnbb.org.br\/dom-pedro-casaldaliga-completa-90-anos-de-idade-nesta-sexta-feira-16-de-fevereiro\/","title":{"rendered":"Dom Pedro Casald\u00e1liga completa 90 anos de idade nesta sexta-feira, 16 de fevereiro"},"content":{"rendered":"<p style=\"text-align: justify\">O bispo em\u00e9rito da Prelazia de S\u00e3o Felix do Araguaia (MT) celebra anivers\u00e1rio de 90 anos cercado de homenagens. Dom Adriano Ciocca Vasino, bispo de S\u00e3o Felix, em texto publicado no jornal da Prelazia confessa: &#8220;<em>Dom Pedro ainda \u00e9 visto como bispo de S\u00e3o Felix do Araguaia e a mem\u00f3ria do seu minist\u00e9rio prof\u00e9tico continua impulsionar as comunidades desta Igreja<\/em>&#8220;. Dom Adriano ainda diz que foi gra\u00e7as a dom Pedro e \u00e0 equipe que trabalhou com ele por longos anos que a Prelazia \u00e9 vista como uma presen\u00e7a firme ao lado dos pequenos e marginalizados. &#8220;<em>Presen\u00e7a que continua hoje atrav\u00e9s do acompanhamento constante no caminho de f\u00e9 das comunidades tanto rurais como urbanas e das pastorais sociais<\/em>&#8220;, explica.<\/p>\n<p style=\"text-align: justify\"><a href=\"http:\/\/cnbb.net.br\/dom-pedro-casaldaliga-completa-90-anos-de-idade-nesta-sexta-feira-16-de-fevereiro\/jornal-domperdo\/\" rel=\"attachment wp-att-164444 noopener\" target=\"_blank\"><img decoding=\"async\" loading=\"lazy\" class=\"size-medium wp-image-164444 alignleft\" src=\"http:\/\/cnbb.net.br\/wp-content\/uploads\/2018\/02\/JORNAL.DOMPERDO-300x195.jpg\" alt=\"\" width=\"300\" height=\"195\" \/><\/a>O soci\u00f3logo Pedro Ribeiro de Oliveira, comentando o filme &#8220;Descal\u00e7o sobre a terra vermelha&#8221;, que mostra o testemunho de dom Pedro na defesa dos pobres nos sert\u00f5es do Araguaia, destaca: &#8220;<em>seu empenho em favor dos Direitos Humanos era t\u00e3o grande que certas autoridades eclesi\u00e1sticas questionavam se aquele bispo era mesmo um mission\u00e1rio do Evangelho ou somente um l\u00edder social [&#8230;] aquela suspeita, por\u00e9m, n\u00e3o era inteiramente sem fundamento porque a pequenina Igreja que se constitu\u00eda na regi\u00e3o do (Rio) Araguaia parecia n\u00e3o se preocupar com suas pr\u00f3prias estruturas, t\u00e3o ocupada estava com as pessoas mais vulner\u00e1veis<\/em>&#8220;. E o professor Pedro Ribeiro, em janeiro deste ano, avalia realidade daquele tempo considerando que aquele cen\u00e1rio era de &#8220;<em>uma uma &#8216;Igreja em sa\u00edda&#8217;, como pede hoje o Papa Francisco, e mal tinha tempo para se organizar internamente<\/em>&#8220;.<\/p>\n<p><span style=\"color: #993300\"><strong>Testemunhos<\/strong><\/span><\/p>\n<p style=\"text-align: justify\">Luzia Bento Piage, membro da comunidade de Canabrava do Norte, na Prelazia de S\u00e3o Felix afirma: &#8220;<em>Outra coisa que devemos gratid\u00e3o a dom Pedro \u00e9 a escola. Ele enviou agentes de pastoral para c\u00e1 e eles cuidaram da escola. Antes, n\u00e3o tinha nada por aqui, a escola come\u00e7ou atrav\u00e9s do bispo aqui em Canabrava<\/em>&#8220;. E completou: &#8220;<em>Pedro sempre cuidou muito da gente, do povo pobre. Eu tive uma nen\u00ea e, com seis dias de nascida, deu t\u00e9tano na minha bebezinha. Ele estava de visita a Canabrava com uma irm\u00e3. Eles levaram a nen\u00ea para S\u00e3o Felix, ela ficou internada durante sete dias e eles cuidando dela. Ele viu o nosso sofrimento e cuidava da gente!<\/em>&#8220;.<\/p>\n<p style=\"text-align: justify\"><a href=\"http:\/\/cnbb.net.br\/dom-pedro-casaldaliga-completa-90-anos-de-idade-nesta-sexta-feira-16-de-fevereiro\/pedro-indigenas\/\" rel=\"attachment wp-att-164443 noopener\" target=\"_blank\"><img decoding=\"async\" loading=\"lazy\" class=\"size-medium wp-image-164443 alignright\" src=\"http:\/\/cnbb.net.br\/wp-content\/uploads\/2018\/02\/PEDRO.IND\u00cdGENAS-300x172.jpg\" alt=\"\" width=\"300\" height=\"172\" \/><\/a>Kamoriwa`i Elber Tapirap\u00e9, cacique do povo Apy\u00e3wa-Tapirap\u00e9, refere-se a dom Pedro Casald\u00e1liga da seguinte maneira: &#8220;<em>Ele chegou na regi\u00e3o parra dar apoio \u00e0 quest\u00e3o do mais pobre, aos mais necessitados da regi\u00e3o. Ent\u00e3o, ele veio cuidar da nossa parte<\/em>&#8220;. O cacique conta como foi que dom Pedro aproximou-se da comunidade dos ind\u00edgenas: &#8220;<em>Ele come\u00e7ou fazendo visitas, reconhecendo, vendo a quest\u00e3o nossa, para saber da nossa hist\u00f3ria, dos problemas que a gente enfrentava, nas quest\u00f5es da terra, da sa\u00fade, da educa\u00e7\u00e3o tamb\u00e9m. Vistando a nossa comunidade, ele foi conhecendo os nossos problemas<\/em>&#8220;. O cacique reconhece o esfor\u00e7o que sempre dom Pedro fez, lutando junto com as pessoas daquele regi\u00e3o. Diz ainda que o bispo sempre foi uma pessoa muito respons\u00e1vel na luta e que nunca desistiu de lutar junto com o povo daquele peda\u00e7o do Mato Grosso. &#8220;<em>Pedro sempre foi conhecido pelo povo Apyy\u00e3wa como Xeramoja. Xeramoja na nossa l\u00edngua significa vov\u00f4, nosso av\u00f4<\/em>&#8220;, completa.<\/p>\n<p><span style=\"color: #993300\"><strong>Homenagens<\/strong><\/span><\/p>\n<p style=\"text-align: justify\">Paulo Gabriel, poeta espanhol, religioso agostiniano escreveu para o jornal da Prelazia e fez uma retomada da caminhada de dom Pedro Casald\u00e1liga. &#8220;<em>Deus me concedeu o privil\u00e9gio de viver 20 anos ao lado de Pedro. Sou testemunha de sua paix\u00e3o pela Am\u00e9rica Latina, paix\u00e3o que contagiou toda a equipe pastoral e todos aqueles aos quais chegaram suas palavras e seus escritos. Amigo e admirador dos grandes bispos latino-americanos, Santos Padres deste Continente, at\u00e9 hoje conserva em seu quarto as fotos de Mendez Arceo e Samuel Ruiz, mexicanos; Angelelli, argentino, assassinado pela ditadura daquele pa\u00eds; Leonidas Proa\u00f1o, equatoriano defensor dos \u00edndios. H\u00e9lder C\u00e2mara, Tom\u00e1s Baldu\u00edno, brasileiros e, claro, presidindo todos eles, Oscar Romero, salvadorenho<\/em>&#8220;. O depoimento de Paulo Gabriel continua: &#8220;<em>Na capela da casa onde vive com a comunidade agostiniana, que agora cuida dele, conserva-se uma rel\u00edquia, fragmento da t\u00fanica ensaguentada de &#8216;S\u00e3o Oscar Romero da Am\u00e9rica Latina&#8217; &#8211; poema que percorreu o mundo &#8211; junto com outra rel\u00edquia de Ignacio Ellacuria, jesu\u00edta assassinado pela ditadura de El Salvador e grande pensador da teologia e da hist\u00f3ria latino-americanas<\/em>&#8220;.<\/p>\n<p style=\"text-align: justify\">O texto de homenagem enviado pelo Conselho Indigenista Mission\u00e1rio (CIMI) leva a declara\u00e7\u00e3o dos envolvidos na causa ind\u00edgena no Brasil em nome da Igreja: &#8220;<em>Em sua humildade evang\u00e9lica radical, Pedro foi sempre uma presen\u00e7a solid\u00e1ria junto aos povos ind\u00edgenas e mission\u00e1rios. Nunca aceitou nenhum &#8216;cargo&#8217; no Cimi. Por ocasi\u00e3o dos 30 anos do Cimi, n\u00e3o podendo estar presente, enviou uma mensagem que at\u00e9 hoje continua fortalecendo nossa caminhada de solidariedade com os povos ind\u00edgenas. Nela dizia &#8216;me fa\u00e7o presente de cora\u00e7\u00e3o nesse Congresso de 30 anos de mem\u00f3ria, miss\u00e3o e utopia, caminhada de generosidade, teimosia e esperan\u00e7a. Somos soldados derrotados de uma causa invenc\u00edvel. Devemos continuar sendo, na ora\u00e7\u00e3o e no sonho, radicais<\/em>&#8216;&#8221;.<\/p>\n<p><span style=\"color: #993300\"><strong>&#8220;S\u00edmbolo de rebeldia evang\u00e9lica para os jovens&#8221;<\/strong><\/span><\/p>\n<p style=\"text-align: justify\"><a href=\"http:\/\/cnbb.net.br\/dom-pedro-casaldaliga-completa-90-anos-de-idade-nesta-sexta-feira-16-de-fevereiro\/jovens-pedro\/\" rel=\"attachment wp-att-164442 noopener\" target=\"_blank\"><img decoding=\"async\" loading=\"lazy\" class=\"size-medium wp-image-164442 alignleft\" src=\"http:\/\/cnbb.net.br\/wp-content\/uploads\/2018\/02\/jovens.PEDRO_-300x196.jpg\" alt=\"\" width=\"300\" height=\"196\" \/><\/a>Marco Ant\u00f4nio Gallo, agente de Pastoral referencial da PJ na Prelazia de S\u00e3o Felix do Araguaia deixou sua homenagem afirmando que dom Pedro \u00e9 um s\u00edmbolo de rebeldia evang\u00e9lica para a juventude. &#8220;<em>Neste ano que celebramos 90 anos de nosso Profeta, n\u00f3s, da Pastoral da Juventude, queremos reafirmar nosso compromisso com o Reino numa atitude de a\u00e7\u00e3o de gra\u00e7as pela Vida do Nosso Profeta, agradecer a Deus por este nosso companheiro de caminhada que, com sua singeleza, nos anima na luta por um mundo novo<\/em>&#8220;.<\/p>\n<p style=\"text-align: justify\">E Gallo declara, em nome da juventude da Prelazia de S\u00e3o F\u00e9lix: &#8220;<em>Comprometemo-nos a fazer ecoar o que um dia (Pedro) nos pediu: somos Igreja jovem, popular, comprometida, &#8216;esperan\u00e7ada e esperan\u00e7adora&#8217;! A Pastoral da Juventude pula, grita, canta e luta pelos 90 anos de Pedro Casald\u00e1liga!<\/em>&#8220;.<\/p>\n<p>&nbsp;<\/p>\n<p>&nbsp;<\/p>\n<p>&nbsp;<\/p>\n","protected":false},"excerpt":{"rendered":"<p>Bispo atual, dom Adriano Ciocca diz que, gra\u00e7as ao trabalho de dom Pedro, prelazia \u00e9 vista como presen\u00e7a firme ao lado de pequenos e marginalizados<\/p>\n","protected":false},"author":83,"featured_media":0,"comment_status":"closed","ping_status":"open","sticky":false,"template":"","format":"standard","meta":{"site-sidebar-layout":"default","site-content-layout":"default","ast-global-header-display":"","ast-banner-title-visibility":"","ast-main-header-display":"","ast-hfb-above-header-display":"","ast-hfb-below-header-display":"","ast-hfb-mobile-header-display":"","site-post-title":"","ast-breadcrumbs-content":"","ast-featured-img":"","footer-sml-layout":"","theme-transparent-header-meta":"","adv-header-id-meta":"","stick-header-meta":"","header-above-stick-meta":"","header-main-stick-meta":"","header-below-stick-meta":""},"categories":[841],"tags":[],"acf":[],"_links":{"self":[{"href":"https:\/\/www.cnbb.org.br\/cnbb-app\/wp\/v2\/posts\/8854"}],"collection":[{"href":"https:\/\/www.cnbb.org.br\/cnbb-app\/wp\/v2\/posts"}],"about":[{"href":"https:\/\/www.cnbb.org.br\/cnbb-app\/wp\/v2\/types\/post"}],"author":[{"embeddable":true,"href":"https:\/\/www.cnbb.org.br\/cnbb-app\/wp\/v2\/users\/83"}],"replies":[{"embeddable":true,"href":"https:\/\/www.cnbb.org.br\/cnbb-app\/wp\/v2\/comments?post=8854"}],"version-history":[{"count":0,"href":"https:\/\/www.cnbb.org.br\/cnbb-app\/wp\/v2\/posts\/8854\/revisions"}],"wp:attachment":[{"href":"https:\/\/www.cnbb.org.br\/cnbb-app\/wp\/v2\/media?parent=8854"}],"wp:term":[{"taxonomy":"category","embeddable":true,"href":"https:\/\/www.cnbb.org.br\/cnbb-app\/wp\/v2\/categories?post=8854"},{"taxonomy":"post_tag","embeddable":true,"href":"https:\/\/www.cnbb.org.br\/cnbb-app\/wp\/v2\/tags?post=8854"}],"curies":[{"name":"wp","href":"https:\/\/api.w.org\/{rel}","templated":true}]}}