{"id":8940,"date":"2018-02-23T00:00:00","date_gmt":"2018-02-23T03:00:00","guid":{"rendered":"https:\/\/www.cnbb.org.br\/coordenacao-nacional-da-pastur-se-reune-em-brasilia-para-preparar-o-primeiro-encontro-nacional-na-regiao-norte\/"},"modified":"2018-02-23T00:00:00","modified_gmt":"2018-02-23T03:00:00","slug":"coordenacao-nacional-da-pastur-se-reune-em-brasilia-para-preparar-o-primeiro-encontro-nacional-na-regiao-norte","status":"publish","type":"post","link":"https:\/\/www.cnbb.org.br\/coordenacao-nacional-da-pastur-se-reune-em-brasilia-para-preparar-o-primeiro-encontro-nacional-na-regiao-norte\/","title":{"rendered":"Pastur prepara primeiro Encontro Nacional na Regi\u00e3o Norte"},"content":{"rendered":"<p style=\"text-align: justify\">A coordena\u00e7\u00e3o nacional da Pastoral do Turismo da Confer\u00eancia Nacional dos Bispos do Brasil (CNBB) se reunir\u00e1 na pr\u00f3xima segunda-feira (26), em Bras\u00edlia, para primeira reuni\u00e3o anual.<\/p>\n<p style=\"text-align: justify\">Na ocasi\u00e3o, ser\u00e1 aprofundado o projeto <strong><em>\u201cNossos Turistas, Novos Turistas\u201d<\/em><\/strong>, em parceria com a Associa\u00e7\u00e3o Nacional de Educa\u00e7\u00e3o Cat\u00f3lica do Brasil (ANEC). Al\u00e9m disso, a coordena\u00e7\u00e3o definir\u00e1 a programa\u00e7\u00e3o do 5\u00ba Encontro Nacional da Pastur que acontecer\u00e1 em Bel\u00e9m do Par\u00e1, entre os dias 08 e 10 de novembro.<\/p>\n<blockquote>\n<figure id=\"attachment_164931\" aria-describedby=\"caption-attachment-164931\" style=\"width: 347px\" class=\"wp-caption alignleft\"><a href=\"http:\/\/cnbb.net.br\/coordenacao-nacional-da-pastur-se-reune-em-brasilia-para-preparar-o-primeiro-encontro-nacional-na-regiao-norte\/padre-manoel\/\" rel=\"attachment wp-att-164931 noopener\" target=\"_blank\"><img decoding=\"async\" loading=\"lazy\" class=\" wp-image-164931\" src=\"http:\/\/cnbb.net.br\/wp-content\/uploads\/2018\/02\/Padre-Manoel-300x189.jpg\" alt=\"\" width=\"347\" height=\"218\" \/><\/a><figcaption id=\"caption-attachment-164931\" class=\"wp-caption-text\"><em>Reprodu\u00e7\u00e3o TV Aparecida<\/em><\/figcaption><\/figure>\n<p style=\"text-align: justify\"><span style=\"color: #993300\"><strong>\u201cPrecisamos formar novos turistas e vamos come\u00e7ar com as crian\u00e7as e jovens das escolas cat\u00f3licas, a partir da parceria com a ANEC. O projeto ser\u00e1 lan\u00e7ando oficialmente durante o F\u00f3rum Nacional de Pastoral que acontecer\u00e1 em S\u00e3o Paulo no m\u00eas de mar\u00e7o\u201d, explica o coordenador nacional da Pastur, padre Manoel de Oliveira Filho.<\/strong><\/span><\/p>\n<\/blockquote>\n<p style=\"text-align: justify\">O 5\u00ba Encontro Nacional ser\u00e1 o primeiro na Regi\u00e3o Norte do pa\u00eds e tem como objetivo ser um momento de expans\u00e3o da Pastur nas dioceses e par\u00f3quias daquela regi\u00e3o do Brasil.<\/p>\n<blockquote>\n<p style=\"text-align: justify\">Para o padre Manoel Filho, este encontro ser\u00e1 um divisor de \u00e1guas para a pastoral. <span style=\"color: #993300\"><strong>\u201cQueremos ver acontecer uma nova forma de fazer Turismo em nosso Brasil: mais respeito \u00e0 natureza, as pessoas e culturas locais. Sem degrada\u00e7\u00e3o humana e ambiental\u201d.<\/strong><\/span><\/p>\n<\/blockquote>\n<p style=\"text-align: justify\">Estar\u00e3o presentes na reuni\u00e3o, o bispo referencial da pastoral do Turismo, dom Irineu Roman, o coordenador nacional da Pastur, padre Manoel de Oliveira Filho e representantes da ANEC.<\/p>\n<blockquote>\n<p style=\"text-align: justify\">Em mat\u00e9ria publicada no site da ANEC, a institui\u00e7\u00e3o afirma que a ideia da parceria \u00e9:<span style=\"color: #993300\"><strong> \u201cformar uma mentalidade evang\u00e9lica em nossas crian\u00e7as e em nossos jovens, tamb\u00e9m no que diz respeito \u00e0 pratica do turismo, \u00e0 viv\u00eancia das f\u00e9rias. Acreditamos que, atrav\u00e9s de reflex\u00e3o, ora\u00e7\u00e3o, estudo e a\u00e7\u00f5es concretas podemos favorecer o surgimento de uma mentalidade nova sobre o encontro com Deus na natureza, no patrim\u00f4nio, nas pessoas, no outro, enfim, enquanto cultura, modo de vida, sotaque, alimenta\u00e7\u00e3o, folclore\u201d.<\/strong><\/span><\/p>\n<p style=\"text-align: justify\">Para divulgar a campanha, a institui\u00e7\u00e3o j\u00e1 deu in\u00edcio a divulga\u00e7\u00e3o nas escolas com os banners do site oficial. <span style=\"color: #993300\"><strong>\u201cDurante o ano de 2018 vamos trabalhar a forma\u00e7\u00e3o, junto com toda a comunidade educativa, os nossos turistas que ser\u00e3o os novos turistas que o nosso mundo precisa\u201d, destaca o site da ANEC.<\/strong><\/span><\/p>\n<\/blockquote>\n","protected":false},"excerpt":{"rendered":"<p>Coordena\u00e7\u00e3o Nacional se re\u00fane para primeira reuni\u00e3o do ano sobre o 5\u00ba Encontro Nacional da Pastoral do Turismo acontecer\u00e1 em Bel\u00e9m do Par\u00e1<\/p>\n","protected":false},"author":83,"featured_media":0,"comment_status":"closed","ping_status":"open","sticky":false,"template":"","format":"standard","meta":{"site-sidebar-layout":"default","site-content-layout":"default","ast-global-header-display":"","ast-banner-title-visibility":"","ast-main-header-display":"","ast-hfb-above-header-display":"","ast-hfb-below-header-display":"","ast-hfb-mobile-header-display":"","site-post-title":"","ast-breadcrumbs-content":"","ast-featured-img":"","footer-sml-layout":"","theme-transparent-header-meta":"","adv-header-id-meta":"","stick-header-meta":"","header-above-stick-meta":"","header-main-stick-meta":"","header-below-stick-meta":""},"categories":[785],"tags":[],"acf":[],"_links":{"self":[{"href":"https:\/\/www.cnbb.org.br\/cnbb-app\/wp\/v2\/posts\/8940"}],"collection":[{"href":"https:\/\/www.cnbb.org.br\/cnbb-app\/wp\/v2\/posts"}],"about":[{"href":"https:\/\/www.cnbb.org.br\/cnbb-app\/wp\/v2\/types\/post"}],"author":[{"embeddable":true,"href":"https:\/\/www.cnbb.org.br\/cnbb-app\/wp\/v2\/users\/83"}],"replies":[{"embeddable":true,"href":"https:\/\/www.cnbb.org.br\/cnbb-app\/wp\/v2\/comments?post=8940"}],"version-history":[{"count":0,"href":"https:\/\/www.cnbb.org.br\/cnbb-app\/wp\/v2\/posts\/8940\/revisions"}],"wp:attachment":[{"href":"https:\/\/www.cnbb.org.br\/cnbb-app\/wp\/v2\/media?parent=8940"}],"wp:term":[{"taxonomy":"category","embeddable":true,"href":"https:\/\/www.cnbb.org.br\/cnbb-app\/wp\/v2\/categories?post=8940"},{"taxonomy":"post_tag","embeddable":true,"href":"https:\/\/www.cnbb.org.br\/cnbb-app\/wp\/v2\/tags?post=8940"}],"curies":[{"name":"wp","href":"https:\/\/api.w.org\/{rel}","templated":true}]}}