{"id":897121,"date":"2022-05-09T14:30:09","date_gmt":"2022-05-09T17:30:09","guid":{"rendered":"https:\/\/www.cnbb.org.br\/?p=897121"},"modified":"2022-05-09T14:56:05","modified_gmt":"2022-05-09T17:56:05","slug":"edicoes-cnbb-oferece-a-novena-de-pentecostes-2022-em-preparacao-para-a-festa-do-espirito-santo","status":"publish","type":"post","link":"https:\/\/www.cnbb.org.br\/edicoes-cnbb-oferece-a-novena-de-pentecostes-2022-em-preparacao-para-a-festa-do-espirito-santo\/","title":{"rendered":"Edi\u00e7\u00f5es CNBB oferece a \u201cNovena de Pentecostes 2022\u201d em prepara\u00e7\u00e3o para a Festa do Esp\u00edrito Santo"},"content":{"rendered":"<p style=\"text-align: justify;\">30A hist\u00f3ria do culto ao Divino Esp\u00edrito Santo se confunde com a pr\u00f3pria hist\u00f3ria da Igreja. Somos envolvidos e movidos pelo Esp\u00edrito prometido por nosso Senhor, e muitos s\u00e3o os milagres que, em todos os tempos, revelam a presen\u00e7a sempre terna dessa Pessoa da Sant\u00edssima Trindade.<\/p>\n<p style=\"text-align: justify;\">Sabemos que, em Pentecostes, que este ano ser\u00e1 celebrado em 5 de junho, celebramos a descida do Esp\u00edrito sobre os Ap\u00f3stolos, a Virgem Maria, algumas mulheres e outros disc\u00edpulos: essa Solenidade marca o nascimento da Igreja. Assim, as prepara\u00e7\u00f5es populares para esse importante dia come\u00e7am muito antes e fazem parte n\u00e3o s\u00f3 do nosso calend\u00e1rio, mas da nossa identidade crist\u00e3.<\/p>\n<p style=\"text-align: justify;\">S\u00e3o t\u00e3o variados os modos de se preparar para Pentecostes quanto as pessoas que participam das celebra\u00e7\u00f5es. Certamente, uma das mais tradicionais no Brasil \u00e9 a Festa do Divino Esp\u00edrito Santo.<\/p>\n<p style=\"text-align: justify;\">A difus\u00e3o do culto ao Divino Esp\u00edrito Santo data do s\u00e9culo XIV, em Portugal. No Brasil, esse momento festivo foi sendo transformado de acordo com os costumes e culturas de cada regi\u00e3o, com suas cores e nuances pr\u00f3prias. Ela \u00e9 uma das devo\u00e7\u00f5es populares mais antigas no catolicismo, com suas maiores manifesta\u00e7\u00f5es em cidades como Piren\u00f3polis (GO) e Paraty (RJ).<\/p>\n<p style=\"text-align: justify;\">Essas festas s\u00e3o concebidas por meio de um trabalho comunit\u00e1rio, demonstra\u00e7\u00e3o do Esp\u00edrito que congrega todos na fraternidade. Nesse tempo, as comunidades e fam\u00edlias se re\u00fanem para preparar e celebrar esse evento marcante. Isso se d\u00e1 de formas diversas: prociss\u00f5es, peregrina\u00e7\u00f5es, com m\u00fasicos e cantores pelas ruas da cidade e ora\u00e7\u00f5es de novenas. Al\u00e9m disso, a famosa bandeira do Divino, que exibe a pomba retratada em diversos estandartes, \u00e9 levada de casa em casa, visitando os fi\u00e9is e difundindo a devo\u00e7\u00e3o ao Esp\u00edrito Divino.<\/p>\n<p>O Santo Esp\u00edrito \u00e9 assim apresentado como o Consolador, que infunde o esp\u00edrito comunit\u00e1rio e a caridade divina na rela\u00e7\u00e3o entre o Pai e o Filho. A festa \u00e9 a celebra\u00e7\u00e3o da comunidade solid\u00e1ria, do pertencimento pela Tradi\u00e7\u00e3o e a f\u00e9.<\/p>\n<p style=\"text-align: justify;\">Como gra\u00e7a, recebemos, do Esp\u00edrito, os seus sete dons: sabedoria, intelig\u00eancia, conselho, fortaleza, conhecimento, piedade e temor de Deus. \u00c9 assim que o Esp\u00edrito Santo nos beneficia, concedendo-nos for\u00e7as para al\u00e9m de nossas capacidades e transformando-nos em instrumentos especiais de Deus neste mundo. Esses dons, infundidos na humanidade, s\u00e3o manifesta\u00e7\u00e3o da obra do Senhor que edifica a Igreja em sua miss\u00e3o.<\/p>\n<p style=\"text-align: justify;\">Para esse tempo de prepara\u00e7\u00e3o para os festejos do Divino, a Edi\u00e7\u00f5es CNBB apresenta o subs\u00eddio \u201cNovena de Pentecostes\u201d, cujo prop\u00f3sito \u00e9 convidar as comunidades a rezar, cantar e experimentar esse tempo de gra\u00e7a. Iluminados pelas medita\u00e7\u00f5es do Papa Francisco, o livro traz um roteiro detalhado e de f\u00e1cil compreens\u00e3o para a celebra\u00e7\u00e3o de cada encontro da Novena.<\/p>\n<p><strong>Conhe\u00e7a<\/strong>, participe e adquira agora a Novena de Pentecostes 2022 no site da <a href=\"https:\/\/www.edicoescnbb.com.br\/categoria-do-produto-de-teste\/novena-de-pentecostes-os-dons-do-espirito\" target=\"_blank\" rel=\"noopener\">Edi\u00e7\u00f5es CNBB<\/a><br \/>\n<strong>Imagem:<\/strong> www.agenciabrasilia.df.gov.br<\/p>\n","protected":false},"excerpt":{"rendered":"<p>Para esse tempo de prepara\u00e7\u00e3o para os festejos do Divino, a Edi\u00e7\u00f5es CNBB apresenta o subs\u00eddio cujo prop\u00f3sito \u00e9 convidar as comunidades a rezar, cantar e experimentar esse tempo de gra\u00e7a. Iluminados pelas medita\u00e7\u00f5es do Papa Francisco, o livro traz um roteiro detalhado e de f\u00e1cil compreens\u00e3o para a celebra\u00e7\u00e3o de cada encontro da Novena. Saiba como adquirir<\/p>\n","protected":false},"author":142,"featured_media":897324,"comment_status":"open","ping_status":"open","sticky":false,"template":"","format":"standard","meta":{"site-sidebar-layout":"default","site-content-layout":"default","ast-global-header-display":"","ast-banner-title-visibility":"","ast-main-header-display":"","ast-hfb-above-header-display":"","ast-hfb-below-header-display":"","ast-hfb-mobile-header-display":"","site-post-title":"","ast-breadcrumbs-content":"","ast-featured-img":"","footer-sml-layout":"","theme-transparent-header-meta":"default","adv-header-id-meta":"","stick-header-meta":"","header-above-stick-meta":"","header-main-stick-meta":"","header-below-stick-meta":""},"categories":[1840,847],"tags":[4469,4470],"acf":[],"_links":{"self":[{"href":"https:\/\/www.cnbb.org.br\/cnbb-app\/wp\/v2\/posts\/897121"}],"collection":[{"href":"https:\/\/www.cnbb.org.br\/cnbb-app\/wp\/v2\/posts"}],"about":[{"href":"https:\/\/www.cnbb.org.br\/cnbb-app\/wp\/v2\/types\/post"}],"author":[{"embeddable":true,"href":"https:\/\/www.cnbb.org.br\/cnbb-app\/wp\/v2\/users\/142"}],"replies":[{"embeddable":true,"href":"https:\/\/www.cnbb.org.br\/cnbb-app\/wp\/v2\/comments?post=897121"}],"version-history":[{"count":0,"href":"https:\/\/www.cnbb.org.br\/cnbb-app\/wp\/v2\/posts\/897121\/revisions"}],"wp:featuredmedia":[{"embeddable":true,"href":"https:\/\/www.cnbb.org.br\/cnbb-app\/wp\/v2\/media\/897324"}],"wp:attachment":[{"href":"https:\/\/www.cnbb.org.br\/cnbb-app\/wp\/v2\/media?parent=897121"}],"wp:term":[{"taxonomy":"category","embeddable":true,"href":"https:\/\/www.cnbb.org.br\/cnbb-app\/wp\/v2\/categories?post=897121"},{"taxonomy":"post_tag","embeddable":true,"href":"https:\/\/www.cnbb.org.br\/cnbb-app\/wp\/v2\/tags?post=897121"}],"curies":[{"name":"wp","href":"https:\/\/api.w.org\/{rel}","templated":true}]}}