{"id":9043,"date":"2018-03-09T00:00:00","date_gmt":"2018-03-09T03:00:00","guid":{"rendered":"https:\/\/www.cnbb.org.br\/amaz\/"},"modified":"2020-03-11T16:16:10","modified_gmt":"2020-03-11T19:16:10","slug":"amaz","status":"publish","type":"post","link":"https:\/\/www.cnbb.org.br\/amaz\/","title":{"rendered":"Papa Francisco define o tema do S\u00ednodo dos Bispos em 2019"},"content":{"rendered":"<p style=\"text-align: justify\">O Papa Francisco estabeleceu que a assembleia especial do S\u00ednodo dos Bispos para a Pan-amaz\u00f4nia, programada para outubro de 2019, ter\u00e1 como tema: \u201cAmaz\u00f4nia: novos caminhos para a Igreja e por uma ecologia integral\u201d.\u00a0A not\u00edcia foi divulgada nesta quinta-feira (08\/03) no <a href=\"http:\/\/www.vaticannews.va\/pt\/papa\/news\/2018-03\/tema-e-nomeacoes-do-sinodo-dos-bispos-para-a-pan-amazonia.html\" target=\"_blank\" rel=\"noopener\">VaticanNews<\/a>. Al\u00e9m do tema foram divulgados os nomes dos membros do Conselho pr\u00e9-sinodal, nomeados pelo Pont\u00edfice, que ir\u00e1 colaborar com a Secretaria Geral na prepara\u00e7\u00e3o desta assembleia.<\/p>\n<p style=\"text-align: justify\">Entre eles, cinco brasileiros foram nomeados: o cardeal Cl\u00e1udio Hummes, arcebispo em\u00e9rito de S\u00e3o Paulo e presidente da Rede Eclesial Pan-Amaz\u00f4nica (Repam), o arcebispo de Porto Velho (RO), dom Roque Paloschi, o bispo de Ju\u00edna (MT), dom Neri Jos\u00e9 Tondello, o prelado em\u00e9rito do Xingu (PA), dom Erwin Kr\u00e4utler e a assessora da Comiss\u00e3o Episcopal Pastoral para a Amaz\u00f4nia, irm\u00e3 Maria Irene Lopes que ter\u00e1 o papel de representar a Confedera\u00e7\u00e3o Latino-Americana e Caribenha de Religiosos e Religiosas (CLAR) no conselho.<\/p>\n<p style=\"text-align: justify\">Para o arcebispo em\u00e9rito de S\u00e3o Paulo, cardeal Cl\u00e1udio Hummes, presidente da Rede Eclesial Pan-Amaz\u00f4nica (REPAM), o\u00a0tema anunciado pelo papa \u00e9 muito bonito, abrangente e interpelativo. &#8220;O desejo do papa, expresso no tema, fala de novos caminhos para a Igreja e a Amaz\u00f4nia&#8221;. Para o cardeal, a indica\u00e7\u00e3o dos nomes ao Conselho pr\u00e9-sinodal \u00e9 um passo determinante no processo do S\u00ednodo 2019.\u00a0 &#8220;Foram nomeados\u00a0representantes de 9 pa\u00edses que englobam a regi\u00e3o Amaz\u00f4nica. Isto dar\u00e1 uma qualifica\u00e7\u00e3o especial porque vai favorecer que as aspira\u00e7\u00f5es das igrejas e dos povos da regi\u00e3o sejam ouvidas&#8221;, disse.<\/p>\n<p style=\"text-align: justify\">A irm\u00e3 Maria Irene recebeu a not\u00edcia de sua nomea\u00e7\u00e3o com alegria. &#8220;Eu quero ser a voz de todas as pessoas da Amaz\u00f4nia e principalmente das mulheres&#8221;. Segundo ela, o s\u00ednodo quer dar voz a todas as pessoas que est\u00e3o nas bases (quilombolas, ind\u00edgenas, ribeirinhos, etc) e nas cidades que integram a Amaz\u00f4nia Legal, bioma que abrange 60% do territ\u00f3rio brasileiro. \u00a0&#8220;N\u00f3s seremos porta vozes destas pessoas no Conselho pr\u00e9-sinodal&#8221;, concluiu.<\/p>\n<p><strong><span style=\"color: #800000\">Membros do Conselho pr\u00e9-Sinodal \u00a0nomeados pelo papa Francisco.\u00a0<\/span><\/strong><\/p>\n<p>1. Cardeal Cl\u00e1udio HUMMES, O.F.M., arcebispo em\u00e9rito de S\u00e3o Paulo (Brasil), presidente da Rede Eclesial Pan-Amaz\u00f4nica (REPAM).<br \/>\n2. Cardeal Peter Kodwo Appiah TURKSON, Prefeito do Dicast\u00e9rio para o Servi\u00e7o do Desenvolvimento Humano Integral.<br \/>\n3. Cardeal Carlos AGUIAR RETES, Arcebispo de Cidade do M\u00e9xico (M\u00e9xico).<br \/>\n4. Dom Pedro Ricardo BARRETO JIMENO, S.I., Arcebispo de Huancayo (Peru), vice-presidente da REPAM.<br \/>\n5. Dom Paul Richard GALLAGHER, Secret\u00e1rio das Rela\u00e7\u00f5es com os Estados.<br \/>\n6. Dom Edmundo Ponciano VALENZUELA MELLID, Arcebispo de Assun\u00e7\u00e3o (Paraguai).<br \/>\n7. Dom Roque PALOSCHI, Arcebispo de Porto Velho, Rond\u00f4nia (Brasil).<br \/>\n8. Dom Oscar Vicente OJEA, Bispo de San Isidro, Presidente da Confer\u00eancia Episcopal Argentina.<br \/>\n9. Dom Neri Jos\u00e9 TONDELLO, Bispo de Ju\u00edna, Mato Grosso (Brasil).<br \/>\n10. Dom Karel Martinus CHOENNIE, Bispo de Paramaribo (Suriname).<br \/>\n11. Dom Erwin KR\u00c4UTLER, C.PP.S., Prelado em\u00e9rito do Xingu, Par\u00e1 (Brasil).<br \/>\n12. Dom Jos\u00e9 \u00c1ngel DIVASS\u00d3N CILVETI, S.D.B., vig\u00e1rio apost\u00f3lico em\u00e9rito de Puerto Ayacucho (Venezuela).<br \/>\n13. Dom Rafael COB GARC\u00cdA, vig\u00e1rio apost\u00f3lico de Puyo (Equador).<br \/>\n14. Dom Eugenio COTER, vig\u00e1rio apost\u00f3lico de Pando (Bol\u00edvia).<br \/>\n15. Dom Joaqu\u00edn Humberto PINZ\u00d3N G\u00dcIZA, I.M.C., vig\u00e1rio apost\u00f3lico de Puerto Legu\u00edzamo-Solano (Col\u00f4mbia).<br \/>\n16. Dom David MART\u00cdNEZ DE AGUIRRE GUINEA, O.P., vig\u00e1rio apost\u00f3lico de Puerto Maldonado (Peru).<br \/>\n17. Irm\u00e3 Mar\u00eda Irene LOPES DOS SANTOS, S.C.M.S.T.B.G., Delegada da Confedera\u00e7\u00e3o Latino-Americana e Caribenha de Religiosos e Religiosas (CLAR).<br \/>\n18. Sr. Mauricio L\u00d3PEZ, secret\u00e1rio executivo da REPAM (Equador).<\/p>\n<p>Com informa\u00e7\u00f5es da <a href=\"http:\/\/www.vaticannews.va\/pt\/papa\/news\/2018-03\/tema-e-nomeacoes-do-sinodo-dos-bispos-para-a-pan-amazonia.html\" target=\"_blank\" rel=\"noopener\">VaticanNews<\/a><\/p>\n","protected":false},"excerpt":{"rendered":"<p>Papa nomeia membros do Conselho pr\u00e9-sinodal. Entre os cinco brasileiros, a \u00fanica mulher:  irm\u00e3 Maria Irene, assessora da Comiss\u00e3o da Amaz\u00f4nia<\/p>\n","protected":false},"author":83,"featured_media":9044,"comment_status":"closed","ping_status":"open","sticky":false,"template":"","format":"standard","meta":{"site-sidebar-layout":"default","site-content-layout":"default","ast-global-header-display":"","ast-banner-title-visibility":"","ast-main-header-display":"","ast-hfb-above-header-display":"","ast-hfb-below-header-display":"","ast-hfb-mobile-header-display":"","site-post-title":"","ast-breadcrumbs-content":"","ast-featured-img":"","footer-sml-layout":"","theme-transparent-header-meta":"","adv-header-id-meta":"","stick-header-meta":"","header-above-stick-meta":"","header-main-stick-meta":"","header-below-stick-meta":""},"categories":[925],"tags":[],"acf":[],"_links":{"self":[{"href":"https:\/\/www.cnbb.org.br\/cnbb-app\/wp\/v2\/posts\/9043"}],"collection":[{"href":"https:\/\/www.cnbb.org.br\/cnbb-app\/wp\/v2\/posts"}],"about":[{"href":"https:\/\/www.cnbb.org.br\/cnbb-app\/wp\/v2\/types\/post"}],"author":[{"embeddable":true,"href":"https:\/\/www.cnbb.org.br\/cnbb-app\/wp\/v2\/users\/83"}],"replies":[{"embeddable":true,"href":"https:\/\/www.cnbb.org.br\/cnbb-app\/wp\/v2\/comments?post=9043"}],"version-history":[{"count":0,"href":"https:\/\/www.cnbb.org.br\/cnbb-app\/wp\/v2\/posts\/9043\/revisions"}],"wp:featuredmedia":[{"embeddable":true,"href":"https:\/\/www.cnbb.org.br\/cnbb-app\/wp\/v2\/media\/9044"}],"wp:attachment":[{"href":"https:\/\/www.cnbb.org.br\/cnbb-app\/wp\/v2\/media?parent=9043"}],"wp:term":[{"taxonomy":"category","embeddable":true,"href":"https:\/\/www.cnbb.org.br\/cnbb-app\/wp\/v2\/categories?post=9043"},{"taxonomy":"post_tag","embeddable":true,"href":"https:\/\/www.cnbb.org.br\/cnbb-app\/wp\/v2\/tags?post=9043"}],"curies":[{"name":"wp","href":"https:\/\/api.w.org\/{rel}","templated":true}]}}