{"id":912315,"date":"2022-05-06T12:52:52","date_gmt":"2022-05-06T15:52:52","guid":{"rendered":"https:\/\/www.cnbb.org.br\/?p=912315"},"modified":"2022-05-06T12:55:21","modified_gmt":"2022-05-06T15:55:21","slug":"jesus-nos-chama-a-salvacao","status":"publish","type":"post","link":"https:\/\/www.cnbb.org.br\/jesus-nos-chama-a-salvacao\/","title":{"rendered":"Jesus nos chama \u00e0 salva\u00e7\u00e3o\u00a0"},"content":{"rendered":"<p style=\"text-align: right;\"><strong>Dom Jos\u00e9 Gislon<br \/>\n<span style=\"font-size: 16px;\" data-contrast=\"auto\">Bispo de Caxias do Sul<\/span><span style=\"font-size: 16px;\" data-ccp-props=\"{&quot;201341983&quot;:0,&quot;335551550&quot;:6,&quot;335551620&quot;:6,&quot;335559739&quot;:0,&quot;335559740&quot;:240}\"> (RS)<\/span><\/strong><\/p>\n<p><span data-ccp-props=\"{&quot;201341983&quot;:0,&quot;335551550&quot;:6,&quot;335551620&quot;:6,&quot;335559739&quot;:0,&quot;335559740&quot;:240}\">\u00a0<\/span><\/p>\n<p style=\"text-align: justify;\"><span data-contrast=\"auto\">Estimados irm\u00e3os e irm\u00e3s em Cristo Jesus! A palavra de Deus \u00e9 sempre uma den\u00fancia do pecado e um convite \u00e0 renova\u00e7\u00e3o e \u00e0 convers\u00e3o. \u00c9 como uma espada que transpassa o cora\u00e7\u00e3o e nos coloca defronte \u00e0s nossas fragilidades, os nossos erros e o mal que muitas vezes nos impedem de vivermos a fraternidade de filhos e filhas de Deus, em fam\u00edlia e na comunidade.<\/span><span data-ccp-props=\"{&quot;201341983&quot;:0,&quot;335551550&quot;:6,&quot;335551620&quot;:6,&quot;335559739&quot;:0,&quot;335559740&quot;:240}\">\u00a0<\/span><\/p>\n<p style=\"text-align: justify;\"><span data-contrast=\"auto\">Jesus chama tamb\u00e9m os homens e as mulheres que peregrinam neste mundo, na realidade de hoje, \u00e0 salva\u00e7\u00e3o. Ele conhece as nossas virtudes, mas tamb\u00e9m as nossas fragilidades, que nos ferem no corpo e na alma, e n\u00e3o deixa de nos oferecer uma vida nova, atrav\u00e9s do seu amor misericordioso e da sua compaix\u00e3o. Jesus \u00e9 o bom pastor que v\u00ea as realidades escondidas que guardamos no nosso cora\u00e7\u00e3o e continuamente nos ferem, porque n\u00e3o confiamos na for\u00e7a libertadora do perd\u00e3o. Ele \u00e9 o bom pastor que d\u00e1 a vida pelas suas ovelhas. <\/span><span data-contrast=\"auto\">As ovelhas conhecem a sua voz, nele confiam e o seguem. O mal e a morte n\u00e3o t\u00eam mais poder sobre elas. O poder de Jesus se identifica com aquele do Pai: \u201cEu e o Pai somos um\u201d (Jo 10,30).<\/span><span data-ccp-props=\"{&quot;201341983&quot;:0,&quot;335551550&quot;:6,&quot;335551620&quot;:6,&quot;335559739&quot;:0,&quot;335559740&quot;:240}\">\u00a0<\/span><\/p>\n<p style=\"text-align: justify;\"><span data-contrast=\"auto\">Jesus, o bom pastor, nos revela o rosto aut\u00eantico de Deus, um Deus que nos ama, que se ajoelha para lavar os p\u00e9s dos homens. E n\u00f3s seremos merecedores de toda essa ternura e amor de Deus, se tivermos a humildade em nosso cora\u00e7\u00e3o para acolhermos a sua Palavra e deixarmos que ela oriente a nossa vida pessoal, mas tamb\u00e9m da nossa fam\u00edlia e da comunidade. O bom Pastor n\u00e3o tem medo de sofrer pelas suas ovelhas porque ele as conhece, chama, conduz e caminha \u00e0 sua frente, e estas o seguem. Por isso \u00e9 importante que cada batizado se sinta Igreja, e cultive um relacionamento de perten\u00e7a a uma comunidade, para mantermos viva a miss\u00e3o que o Senhor Jesus nos confiou: \u201ctestemunhar e anunciar o Reino de Deus no mundo\u201d. Sem a comunh\u00e3o das ovelhas com o seu pastor, corremos o perigo da dispers\u00e3o, e dispersos, seremos presas f\u00e1ceis do maligno, e daqueles que n\u00e3o t\u00eam um compromisso de amor com o povo do Senhor.<\/span><span data-ccp-props=\"{&quot;201341983&quot;:0,&quot;335551550&quot;:6,&quot;335551620&quot;:6,&quot;335559739&quot;:0,&quot;335559740&quot;:240}\">\u00a0<\/span><\/p>\n<p style=\"text-align: justify;\"><span data-contrast=\"auto\">O pai e a m\u00e3e que assumiram, diante de Deus, formar uma fam\u00edlia em nome do amor rec\u00edproco, devem tamb\u00e9m, em nome desse amor, ensinar com sabedoria, educar e cuidar com amor os filhos, para que a fam\u00edlia possa ser um espa\u00e7o sagrado que acolha e cuide da vida dom de Deus. Muitos dos males que podemos observar na nossa sociedade, embora n\u00e3o queiramos admitir, provem do vazio existencial, da falta de Deus. Quando falta Deus na nossa vida, falta amor, compreens\u00e3o, perd\u00e3o e reconcilia\u00e7\u00e3o, com as pessoas que est\u00e3o ao nosso lado, no ambiente familiar e tamb\u00e9m comunit\u00e1rio.<\/span><span data-ccp-props=\"{&quot;201341983&quot;:0,&quot;335551550&quot;:6,&quot;335551620&quot;:6,&quot;335559739&quot;:0,&quot;335559740&quot;:240}\">\u00a0<\/span><\/p>\n<p style=\"text-align: justify;\"><span data-contrast=\"auto\">No quarto Domingo do tempo pascal, a Igreja, comunidade de f\u00e9, convida seus filhos e filhas a participarem do 59\u00ba Dia Mundial de Ora\u00e7\u00e3o pelas Voca\u00e7\u00f5es, tendo presente o chamado do Senhor e a resposta que cada um de n\u00f3s pode dar a Deus, de forma livre e consciente. Como sociedade, comemoramos no segundo domingo de maio, o Dia das M\u00e3es, e o fazemos com esp\u00edrito de gratid\u00e3o. Creio que todos n\u00f3s levamos no cora\u00e7\u00e3o e fazemos mem\u00f3ria, nos passos da nossa vida, de palavras simples, encorajadoras e afetuosas que ouvimos de nossas m\u00e3es, muitas vezes nos momentos dif\u00edceis que tivemos. Aquilo que recebemos e vivemos em nossas fam\u00edlias nos acompanha no peregrinar da vida. Muitos dos nossos santos receberam no ambiente familiar uma forma\u00e7\u00e3o que os ajudaram a discernir a pr\u00f3pria voca\u00e7\u00e3o. A fam\u00edlia \u00e9 a primeira promotora vocacional dos filhos, a falta de voca\u00e7\u00f5es \u00e9 tamb\u00e9m um reflexo da viv\u00eancia da vida crist\u00e3 das nossas fam\u00edlias e das nossas comunidades. Que tenhamos os ouvidos do cora\u00e7\u00e3o abertos \u00e0 voz do Bom Pastor, que nos chama \u00e1 segui-lo e servi-lo pelo dom da voca\u00e7\u00e3o.<\/span><span data-ccp-props=\"{&quot;201341983&quot;:0,&quot;335551550&quot;:6,&quot;335551620&quot;:6,&quot;335559739&quot;:0,&quot;335559740&quot;:240}\">\u00a0<\/span><\/p>\n<p style=\"text-align: justify;\"><span data-contrast=\"auto\">Por intercess\u00e3o de Nossa Senhora de Caravaggio, nossa m\u00e3e, rainha e padroeira de nossa Diocese, aben\u00e7oe-vos o Deus todo poderoso, Pai e Filho e Esp\u00edrito Santo. Am\u00e9m.<\/span><span data-ccp-props=\"{&quot;201341983&quot;:0,&quot;335551550&quot;:6,&quot;335551620&quot;:6,&quot;335559739&quot;:0,&quot;335559740&quot;:240}\">\u00a0<\/span><\/p>\n<p style=\"text-align: justify;\"><span data-contrast=\"auto\">Tende todos um bom dia.<\/span><span data-ccp-props=\"{&quot;201341983&quot;:0,&quot;335551550&quot;:6,&quot;335551620&quot;:6,&quot;335559739&quot;:0,&quot;335559740&quot;:240}\">\u00a0<\/span><\/p>\n<p style=\"text-align: justify;\"><span data-ccp-props=\"{&quot;201341983&quot;:0,&quot;335551550&quot;:6,&quot;335551620&quot;:6,&quot;335559739&quot;:0,&quot;335559740&quot;:240}\">\u00a0<\/span><\/p>\n<p>&nbsp;<\/p>\n<p><span data-ccp-props=\"{&quot;201341983&quot;:0,&quot;335551550&quot;:6,&quot;335551620&quot;:6,&quot;335559739&quot;:0,&quot;335559740&quot;:240}\">\u00a0<\/span><\/p>\n<p><span data-ccp-props=\"{&quot;201341983&quot;:0,&quot;335551550&quot;:6,&quot;335551620&quot;:6,&quot;335559739&quot;:0,&quot;335559740&quot;:240}\">\u00a0<\/span><\/p>\n","protected":false},"excerpt":{"rendered":"<p>Dom Jos\u00e9 Gislon Bispo de Caxias do Sul (RS) \u00a0 Estimados irm\u00e3os e irm\u00e3s em Cristo Jesus! A palavra de Deus \u00e9 sempre uma den\u00fancia do pecado e um convite \u00e0 renova\u00e7\u00e3o e \u00e0 convers\u00e3o. \u00c9 como uma espada que transpassa o cora\u00e7\u00e3o e nos coloca defronte \u00e0s nossas fragilidades, os nossos erros e o &hellip;<\/p>\n<p class=\"read-more\"> <a class=\"\" href=\"https:\/\/www.cnbb.org.br\/jesus-nos-chama-a-salvacao\/\"> <span class=\"screen-reader-text\">Jesus nos chama \u00e0 salva\u00e7\u00e3o\u00a0<\/span> Leia mais &raquo;<\/a><\/p>\n","protected":false},"author":20,"featured_media":0,"comment_status":"open","ping_status":"open","sticky":false,"template":"","format":"standard","meta":{"site-sidebar-layout":"default","site-content-layout":"default","ast-global-header-display":"","ast-banner-title-visibility":"","ast-main-header-display":"","ast-hfb-above-header-display":"","ast-hfb-below-header-display":"","ast-hfb-mobile-header-display":"","site-post-title":"","ast-breadcrumbs-content":"","ast-featured-img":"","footer-sml-layout":"","theme-transparent-header-meta":"default","adv-header-id-meta":"","stick-header-meta":"","header-above-stick-meta":"","header-main-stick-meta":"","header-below-stick-meta":""},"categories":[758],"tags":[],"acf":[],"_links":{"self":[{"href":"https:\/\/www.cnbb.org.br\/cnbb-app\/wp\/v2\/posts\/912315"}],"collection":[{"href":"https:\/\/www.cnbb.org.br\/cnbb-app\/wp\/v2\/posts"}],"about":[{"href":"https:\/\/www.cnbb.org.br\/cnbb-app\/wp\/v2\/types\/post"}],"author":[{"embeddable":true,"href":"https:\/\/www.cnbb.org.br\/cnbb-app\/wp\/v2\/users\/20"}],"replies":[{"embeddable":true,"href":"https:\/\/www.cnbb.org.br\/cnbb-app\/wp\/v2\/comments?post=912315"}],"version-history":[{"count":0,"href":"https:\/\/www.cnbb.org.br\/cnbb-app\/wp\/v2\/posts\/912315\/revisions"}],"wp:attachment":[{"href":"https:\/\/www.cnbb.org.br\/cnbb-app\/wp\/v2\/media?parent=912315"}],"wp:term":[{"taxonomy":"category","embeddable":true,"href":"https:\/\/www.cnbb.org.br\/cnbb-app\/wp\/v2\/categories?post=912315"},{"taxonomy":"post_tag","embeddable":true,"href":"https:\/\/www.cnbb.org.br\/cnbb-app\/wp\/v2\/tags?post=912315"}],"curies":[{"name":"wp","href":"https:\/\/api.w.org\/{rel}","templated":true}]}}