{"id":912327,"date":"2022-05-06T13:06:51","date_gmt":"2022-05-06T16:06:51","guid":{"rendered":"https:\/\/www.cnbb.org.br\/?p=912327"},"modified":"2022-05-06T13:07:30","modified_gmt":"2022-05-06T16:07:30","slug":"na-escola-do-bom-pastor","status":"publish","type":"post","link":"https:\/\/www.cnbb.org.br\/na-escola-do-bom-pastor\/","title":{"rendered":"Na escola do bom Pastor"},"content":{"rendered":"<p style=\"text-align: right;\"><strong>Dom Alberto Taveira Corr\u00eaa\u00a0<\/strong><br \/>\n<strong>Arcebispo de Bel\u00e9m do Par\u00e1 (PA)<\/strong><\/p>\n<p>&nbsp;<\/p>\n<p style=\"text-align: justify;\"><span data-contrast=\"none\">Vivemos um tempo especial de envolvimento pastoral na Arquidiocese de Bel\u00e9m, dentro de uma verdadeira moldura tra\u00e7ada pelo Esp\u00edrito Santo. De um lado, o S\u00ednodo Especial para a Amaz\u00f4nia, com seu Documento Final e a Exorta\u00e7\u00e3o Apost\u00f3lica \u201cQuerida Amaz\u00f4nia\u201d, eventos que foram como que provocados por um Encontro dos Bispos da Amaz\u00f4nia Legal, acontecido aqui mesmo em Bel\u00e9m. Envolvendo-nos plenamente est\u00e1 o rico magist\u00e9rio do Papa Francisco, que nos impulsiona a sair de n\u00f3s mesmos e desenvolver o esp\u00edrito mission\u00e1rio de uma Igreja \u201cem sa\u00edda\u201d, para frente e para o alto, a escuta preparat\u00f3ria do S\u00ednodo dos Bispos de 2023, meta aberta pelo Papa e pela Igreja para todos n\u00f3s. Aqui, no ch\u00e3o de nossa terra, acontecem as etapas decisivas do Primeiro S\u00ednodo Arquidiocesano de Bel\u00e9m, al\u00e9m das iniciativas mission\u00e1rias de nossa Igreja, que n\u00e3o perde tempo, mas \u00e9 chamada a lan\u00e7ar-se a novos horizontes, a fim de que ningu\u00e9m fique fora do alcance do Evangelho. Nos meses de maio e junho, a cada semana haver\u00e1 um Encontro Sinodal, com os diversos setores de atividade pastoral da Arquidiocese, num processo de envolvimento de todas as for\u00e7as vivas de nossa Igreja<\/span><span data-ccp-props=\"{&quot;201341983&quot;:0,&quot;335551550&quot;:6,&quot;335551620&quot;:6,&quot;335559739&quot;:160,&quot;335559740&quot;:256}\">\u00a0<\/span><\/p>\n<p style=\"text-align: justify;\"><span data-contrast=\"none\">Na festa do Bom Pastor, somos chamados a seguir o Senhor, o Pastor de todos os pastores, assim como deveremos espelhar, em nossas atitudes, a mente, o cora\u00e7\u00e3o e os gestos do Senhor. Estamos diante da figura do Bom Pastor, cujas belas palavras incomodaram muitas pessoas, que se sentiram atingidas e feridas, pois os mercen\u00e1rios com os quais foram comparados, n\u00e3o cuidaram do povo que o pr\u00f3prio Deus lhes havia confiado. Estamos na Escola do Bom Pastor, para que nossas atividades \u201cpastorais\u201d possam refletir suas palavras, seus sentimentos e seu cora\u00e7\u00e3o. Nosso \u00fanico Mestre seja Jesus Cristo!<\/span><span data-ccp-props=\"{&quot;201341983&quot;:0,&quot;335551550&quot;:6,&quot;335551620&quot;:6,&quot;335559739&quot;:160,&quot;335559740&quot;:256}\">\u00a0<\/span><\/p>\n<p style=\"text-align: justify;\"><span data-contrast=\"none\">Ressoe a palavra prof\u00e9tica: <\/span><span data-contrast=\"auto\">\u201cComo o pastor toma conta do rebanho quando ele pr\u00f3prio se encontra no meio das ovelhas dispersadas, assim irei visitar as minhas ovelhas e as resgatarei de todos os lugares em que foram dispersadas em dia de nuvens e de escurid\u00e3o. Eu as retirarei do meio dos povos e as recolherei do meio dos pa\u00edses para conduzi-las \u00e0 sua terra. Apascentarei as ovelhas sobre os montes de Israel, no vale dos c\u00f3rregos e em todas as regi\u00f5es habit\u00e1veis do pa\u00eds. Eu as apascentarei em vi\u00e7osas pastagens, e no alto monte de Israel estar\u00e1 o seu curral. Ali repousar\u00e3o num belo redil e pastar\u00e3o em suculentas pastagens sobre os montes de Israel. Eu mesmo apascentarei minhas ovelhas e as farei repousar. Procurarei a ovelha perdida, reconduzirei a desgarrada, enfaixarei a quebrada, fortalecerei a doente e vigiarei a ovelha gorda e forte. Vou apascent\u00e1-las conforme o direito\u201d (Ez 34,1-16). Sabemos que ele est\u00e1 no meio de n\u00f3s, e quando nos queremos bem e nos amamos com sinceridade, esta presen\u00e7a nos d\u00e1 inspira\u00e7\u00e3o para as decis\u00f5es e os procedimentos em vista do bem de nosso Povo e o crescimento da Igreja e do Reino de Deus.<\/span><span data-ccp-props=\"{&quot;201341983&quot;:0,&quot;335551550&quot;:6,&quot;335551620&quot;:6,&quot;335559731&quot;:708,&quot;335559739&quot;:160,&quot;335559740&quot;:256}\">\u00a0<\/span><\/p>\n<p style=\"text-align: justify;\"><span data-contrast=\"none\">Deixemo-nos provocar positivamente, para rever nossa docilidade ao Bom Pastor e nossas atitudes diante das muitas pessoas que, de alguma forma, nos s\u00e3o confiadas (Cf. Jo 10,1-18). Sim, aqui somos rebanho e pastor, ao mesmo tempo!<\/span><span data-ccp-props=\"{&quot;201341983&quot;:0,&quot;335551550&quot;:6,&quot;335551620&quot;:6,&quot;335559731&quot;:708,&quot;335559739&quot;:160,&quot;335559740&quot;:256}\">\u00a0<\/span><\/p>\n<p style=\"text-align: justify;\"><span data-contrast=\"none\">Quem entra pela porta \u00e9 o pastor, quem n\u00e3o entra pela porta no redil onde est\u00e3o as ovelhas, mas sobe por outro lugar, esse \u00e9 ladr\u00e3o e assaltante. Nossa atitude pastoral, com \u201ccheiro de ovelhas\u201d, \u00e9 primeiro um respeito profundo pelas pessoas. Entrar pela porta \u00e9 levar em conta sua hist\u00f3ria, seus anseios, esperan\u00e7as e problemas, superando julgamentos e preconceitos. E Jesus Cristo \u00e9 a porta das ovelhas. Quem entrar por ele ser\u00e1 salvo; poder\u00e1 entrar e sair, e encontrar\u00e1 pastagem! Encontrando-nos com ele, passaremos pela porta e chegaremos ao cora\u00e7\u00e3o das pessoas. Se tudo come\u00e7a em Cristo, dar\u00e1 certo! Ningu\u00e9m se iluda, pensando que poder\u00e1 resolver todos os problemas apenas com as for\u00e7as humanas. Atitude a ser tomada, em consequ\u00eancia, \u00e9 uma vida intensa de comunh\u00e3o com Cristo, para chegar ao cora\u00e7\u00e3o das pessoas.<\/span><span data-ccp-props=\"{&quot;201341983&quot;:0,&quot;335551550&quot;:6,&quot;335551620&quot;:6,&quot;335559731&quot;:708,&quot;335559739&quot;:160,&quot;335559740&quot;:256}\">\u00a0<\/span><\/p>\n<p style=\"text-align: justify;\"><span data-contrast=\"none\">Aquele que \u00e9 o Bom Pastor, Jesus Cristo, chama as ovelhas pelo nome, e elas o escutam e o seguem. O Senhor quer que n\u00f3s alcancemos a todos, sem exce\u00e7\u00e3o, e que conhe\u00e7amos os nomes e as situa\u00e7\u00f5es em que as pessoas se encontram. O trabalho pastoral h\u00e1 de ser personalizado, e para isso haveremos de formar bem as pessoas que v\u00e3o ao encontro das situa\u00e7\u00f5es mais dif\u00edceis. Trata-se de um povo que assume atitudes pastorais, com o desejado n\u00famero e qualidade de agentes. Atitude pastoral consequente ser\u00e1 a amplia\u00e7\u00e3o de servi\u00e7os e minist\u00e9rios, para alcan\u00e7ar o maior n\u00famero poss\u00edvel. \u201c<\/span><span data-contrast=\"auto\">Ai de mim, se eu n\u00e3o anunciar o evangelho! Livre em rela\u00e7\u00e3o a todos, eu me tornei escravo de todos, a fim de ganhar o maior n\u00famero poss\u00edvel. Com os sem-lei, me fiz um sem lei \u2013 eu que n\u00e3o era sem a lei de Deus, j\u00e1 que estava na lei de Cristo \u2013, para ganhar os sem-lei. Com os fracos me fiz fraco, para ganhar os fracos. Para todos eu me fiz tudo, para certamente salvar alguns. Por causa do evangelho eu fa\u00e7o tudo, para dele me tornar participante\u201d (Cf. 1 Cor 9, 17-23).<\/span><span data-ccp-props=\"{&quot;201341983&quot;:0,&quot;335551550&quot;:6,&quot;335551620&quot;:6,&quot;335559731&quot;:708,&quot;335559739&quot;:160,&quot;335559740&quot;:256}\">\u00a0<\/span><\/p>\n<p style=\"text-align: justify;\"><span data-contrast=\"auto\">O Bom Pastor caminha \u00e0 frente das ovelhas! O aprendizado na Escola de Jesus Bom Pastor pede que n\u00f3s demos testemunho de coer\u00eancia e viv\u00eancia do Evangelho, n\u00e3o admitindo em n\u00f3s mesmos qualquer relaxamento e infidelidade! E se acontecer de um de n\u00f3s cair ao ch\u00e3o, pelas suas fraquezas, venha imediatamente uma atitude pastoral de cuidado com quem agora, feito ovelha perdida, precisa de quem a ponha sobre os ombros para reintegr\u00e1-la no exerc\u00edcio dos servi\u00e7os pastorais.<\/span><span data-ccp-props=\"{&quot;201341983&quot;:0,&quot;335551550&quot;:6,&quot;335551620&quot;:6,&quot;335559731&quot;:708,&quot;335559739&quot;:160,&quot;335559740&quot;:256}\">\u00a0<\/span><\/p>\n<p style=\"text-align: justify;\"><span data-contrast=\"auto\">O Bom Pastor, em sua Escola, chama e forma disc\u00edpulos mission\u00e1rios, n\u00e3o apenas alunos. A eles, ele d\u00e1 a vida em abund\u00e2ncia, e quer que estes se desdobrem na oferta da vida a todos os outros, que porventura ainda n\u00e3o se encontrem no Rebanho do Senhor. N\u00e3o somos pastores ou ovelhas \u201cprofissionais\u201d e assalariados, mas homens e mulheres que descobriram a fonte da vida em Jesus Cristo, n\u00e3o podendo acomodar-nos ou ficar calados. Abrem-se horizontes infindos para nossa presen\u00e7a! Ningu\u00e9m passe em v\u00e3o ao nosso lado na Igreja de Bel\u00e9m!<\/span><span data-ccp-props=\"{&quot;201341983&quot;:0,&quot;335551550&quot;:6,&quot;335551620&quot;:6,&quot;335559731&quot;:708,&quot;335559739&quot;:160,&quot;335559740&quot;:256}\">\u00a0<\/span><\/p>\n<p style=\"text-align: justify;\"><span data-contrast=\"none\">Enfim, compartilhamos com o Senhor o projeto de um s\u00f3 Rebanho e um s\u00f3 Pastor. N\u00e3o nos acomodemos com as divis\u00f5es internas na Igreja e nem com um mundo de indiferentes ou inimigos! O Sangue derramado que nos salvou tem valor de eternidade, e n\u00e3o nos permite ficar acomodados.<\/span><span data-ccp-props=\"{&quot;201341983&quot;:0,&quot;335551550&quot;:6,&quot;335551620&quot;:6,&quot;335559731&quot;:708,&quot;335559739&quot;:160,&quot;335559740&quot;:256}\">\u00a0<\/span><\/p>\n","protected":false},"excerpt":{"rendered":"<p>Dom Alberto Taveira Corr\u00eaa\u00a0 Arcebispo de Bel\u00e9m do Par\u00e1 (PA) &nbsp; Vivemos um tempo especial de envolvimento pastoral na Arquidiocese de Bel\u00e9m, dentro de uma verdadeira moldura tra\u00e7ada pelo Esp\u00edrito Santo. De um lado, o S\u00ednodo Especial para a Amaz\u00f4nia, com seu Documento Final e a Exorta\u00e7\u00e3o Apost\u00f3lica \u201cQuerida Amaz\u00f4nia\u201d, eventos que foram como que &hellip;<\/p>\n<p class=\"read-more\"> <a class=\"\" href=\"https:\/\/www.cnbb.org.br\/na-escola-do-bom-pastor\/\"> <span class=\"screen-reader-text\">Na escola do bom Pastor<\/span> Leia mais &raquo;<\/a><\/p>\n","protected":false},"author":21,"featured_media":0,"comment_status":"open","ping_status":"open","sticky":false,"template":"","format":"standard","meta":{"site-sidebar-layout":"default","site-content-layout":"default","ast-global-header-display":"","ast-banner-title-visibility":"","ast-main-header-display":"","ast-hfb-above-header-display":"","ast-hfb-below-header-display":"","ast-hfb-mobile-header-display":"","site-post-title":"","ast-breadcrumbs-content":"","ast-featured-img":"","footer-sml-layout":"","theme-transparent-header-meta":"default","adv-header-id-meta":"","stick-header-meta":"","header-above-stick-meta":"","header-main-stick-meta":"","header-below-stick-meta":""},"categories":[758],"tags":[],"acf":[],"_links":{"self":[{"href":"https:\/\/www.cnbb.org.br\/cnbb-app\/wp\/v2\/posts\/912327"}],"collection":[{"href":"https:\/\/www.cnbb.org.br\/cnbb-app\/wp\/v2\/posts"}],"about":[{"href":"https:\/\/www.cnbb.org.br\/cnbb-app\/wp\/v2\/types\/post"}],"author":[{"embeddable":true,"href":"https:\/\/www.cnbb.org.br\/cnbb-app\/wp\/v2\/users\/21"}],"replies":[{"embeddable":true,"href":"https:\/\/www.cnbb.org.br\/cnbb-app\/wp\/v2\/comments?post=912327"}],"version-history":[{"count":0,"href":"https:\/\/www.cnbb.org.br\/cnbb-app\/wp\/v2\/posts\/912327\/revisions"}],"wp:attachment":[{"href":"https:\/\/www.cnbb.org.br\/cnbb-app\/wp\/v2\/media?parent=912327"}],"wp:term":[{"taxonomy":"category","embeddable":true,"href":"https:\/\/www.cnbb.org.br\/cnbb-app\/wp\/v2\/categories?post=912327"},{"taxonomy":"post_tag","embeddable":true,"href":"https:\/\/www.cnbb.org.br\/cnbb-app\/wp\/v2\/tags?post=912327"}],"curies":[{"name":"wp","href":"https:\/\/api.w.org\/{rel}","templated":true}]}}