{"id":912819,"date":"2022-05-13T11:39:12","date_gmt":"2022-05-13T14:39:12","guid":{"rendered":"https:\/\/www.cnbb.org.br\/?p=912819"},"modified":"2022-12-21T11:45:50","modified_gmt":"2022-12-21T14:45:50","slug":"maio-mariano-mes-da-virgem-maria","status":"publish","type":"post","link":"https:\/\/www.cnbb.org.br\/maio-mariano-mes-da-virgem-maria\/","title":{"rendered":"Maio Mariano &#8211; M\u00eas da Virgem Maria"},"content":{"rendered":"<div dir=\"auto\">\n<div dir=\"auto\" style=\"text-align: right;\"><strong>Dom Carlos Jos\u00e9<\/strong><\/div>\n<div dir=\"auto\" style=\"text-align: right;\"><strong>Bispo de Apucarana (PR)<\/strong><\/div>\n<div dir=\"auto\"><\/div>\n<div dir=\"auto\"><\/div>\n<\/div>\n<div dir=\"auto\">\u201cAve cheia de gra\u00e7a, o Senhor \u00e9 contigo\u201d. (Lc 1,28)<\/div>\n<div dir=\"auto\"><\/div>\n<div dir=\"auto\" style=\"text-align: justify;\">Cada vez que rezamos uma Ave Maria, reconhecemos que Ela, a M\u00e3e de Jesus, \u00e9 a mulher escolhida por Deus, habitada por Ele e, por isso, repleta da Gra\u00e7a Divina em plenitude! S\u00e3o Jo\u00e3o Paulo, devoto fervoroso da Virgem Maria, declarou: \u201cO m\u00eas de maio nos estimula a pensar e a falar de modo particular dEla. De fato, maio \u00e9 o seu m\u00eas\u201d. Ecoa em n\u00f3s as celebra\u00e7\u00f5es do Tempo Pascal, t\u00e3o profundas e marcantes em todos os cora\u00e7\u00f5es que acolhem o Cristo Ressuscitado. E, junto ao Ressuscitado, est\u00e1 sua M\u00e3e, Maria Sant\u00edssima.\u00a0 A viv\u00eancia da Ressurrei\u00e7\u00e3o de Cristo nos chama a abrirmos o nosso cora\u00e7\u00e3o de forma toda especial para a Virgem Maria, M\u00e3e de Deus, pois, estando Ela ao lado de Jesus do come\u00e7o aos C\u00e9us, nos assumiu aos p\u00e9s da Cruz, como filhos seus. E essa ado\u00e7\u00e3o materna nos garante sua presen\u00e7a at\u00e9 o nosso fim neste mundo, e nos d\u00e1 a esperan\u00e7a de um dia v\u00ea-La, com Jesus, face-a-face. Por ser maio o m\u00eas das m\u00e3es em muitos pa\u00edses, tamb\u00e9m o dedicamos \u00e0 M\u00e3e de todos os homens, o que torna esse m\u00eas profundamente Mariano, onde se intensificam as homenagens e celebra\u00e7\u00f5es em honra \u00e0 M\u00e3e de todos n\u00f3s.\u00a0 No m\u00eas de maio europeu, de onde herdamos a devo\u00e7\u00e3o Mariana, celebra-se o tempo do reflorescimento da natureza, o desabrochar das flores, a vida que brota da semente plantada. Sendo a Virgem Maria escolhida para dar a vida ao Filho de Deus, Ela, recebendo a semente da Salva\u00e7\u00e3o em seu ventre, fez desabrochar a Palavra Viva que d\u00e1 vida nova ao mundo, restaurando a natureza humana atrav\u00e9s do seu sim. Foi a primeira crist\u00e3, pois aceitou Jesus antes mesmo de ser fecundada, foi a \u00fanica a viver a mais forte a\u00e7\u00e3o do Esp\u00edrito Divino, ao permitir-se ser habitada por Ele para gerar Jesus, que \u00e9 Deus! \u201cArca da verdadeira alian\u00e7a\u2019, tamb\u00e9m foi a primeira testemunha e mission\u00e1ria da Boa Nova do Pai, evangelizando com a pr\u00f3pria vida, n\u00e3o querendo reconhecimento nem d\u00e1divas, mas nos direcionando a amarmos a Sant\u00edssima Trindade acima de tudo. Desde os prim\u00f3rdios do descobrimento do Brasil, a devo\u00e7\u00e3o Mariana foi introduzida pelos jesu\u00edtas, os primeiros evangelizadores dessa terra, at\u00e9 tornar-se o que \u00e9 hoje. Nos primeiros s\u00e9culos, a devo\u00e7\u00e3o \u00e0 Virgem Maria era muito forte, sobretudo entre o povo mais simples que encontravam Nela consolo, for\u00e7a e esperan\u00e7a diante dos sofrimentos e opress\u00f5es da \u00e9poca. Com o passar dos anos, essa devo\u00e7\u00e3o Mariana n\u00e3o pode ser aplicada apenas aos mais humildes e necessitados! Em tempos de tantas tribula\u00e7\u00f5es pelas quais passa a humanidade, dif\u00edcil \u00e9 encontrar quem a Ela n\u00e3o recorra, como Medianeira de gra\u00e7as e livramentos.\u00a0 Essa mesma devo\u00e7\u00e3o \u00e0 M\u00e3e de Deus nasce em n\u00f3s quando reconhecemos a sua dignidade, santidade, virtudes e solicitude para conosco. \u00c9 fato que chegar a Jesus por meio de Nossa Senhora tornou-se um caminho de f\u00e9, pois Ela \u00e9 a Medianeira e Socorro dos que a Ela se dirigem com confian\u00e7a. Pedir \u00e0 M\u00e3e \u00e9 ter a certeza de sermos atendidos pelo Filho! In\u00fameros Santos alimentavam sua f\u00e9 atrav\u00e9s da devo\u00e7\u00e3o Mariana, aprendendo a amar Jesus e sua Palavra, como Ela amou.\u00a0 \u201cMaria era feliz porque ouviu a Palavra de Deus e a p\u00f4s em pr\u00e1tica; guardou mais a Verdade de Cristo na sua mente do que o corpo de Cristo no seu seio\u201d. (Santo Agostinho de Hipona).\u00a0 Maio nos apresenta duas datas a serem celebradas com carinho e dedica\u00e7\u00e3o pela Igreja e pelo povo fiel, em honra \u00e0 Virgem Maria. No dia 13, celebramos Nossa Senhora de F\u00e1tima e no dia 24, Nossa Senhora Auxiliadora. Ambos os t\u00edtulos t\u00eam, cada um, sua hist\u00f3ria e import\u00e2ncia na vida da humanidade. A Auxiliadora, como diz o nome, \u00e9 invocada nos momentos mais atribulados, onde a vit\u00f3ria sobre uma causa ou necessidade se torna humanamente imposs\u00edvel e s\u00f3 \u00e9 alcan\u00e7ada sob o aux\u00edlio da M\u00e3e de Deus. Em F\u00e1tima, Nossa Senhora vem, como M\u00e3e amorosa e zelosa que \u00e9, nos alertar sobre a necessidade da ora\u00e7\u00e3o cont\u00ednua, da penit\u00eancia e da convers\u00e3o como forma de salva\u00e7\u00e3o em Cristo Jesus. Em todas as apari\u00e7\u00f5es da Virgem Maria, o pedido \u00e9 sempre o mesmo: \u201cFazei tudo o que meu Filho vos pedir\u201d (Jo 2,5). E esse fazer tudo, realmente \u00e9 tudo: ora\u00e7\u00e3o cont\u00ednua, convers\u00e3o di\u00e1ria, vida eucar\u00edstica, miss\u00e3o e evangeliza\u00e7\u00e3o, vida sacramental, ou seja: seguir os passos de Jesus e seus ensinamentos, amando a Deus sobre todas as coisas, sempre sob o aux\u00edlio e prote\u00e7\u00e3o da Virgem Maria, nossa M\u00e3e e Rainha. Celebrada e conhecida com in\u00fameros t\u00edtulos que A reverenciam mundo afora, a M\u00e3e de Deus \u00e9 \u00fanica: a mesma Virgem Maria, a Mulher do sim mais importante da hist\u00f3ria da humanidade. Saudemos Maria, em maio, e todos os dias do ano, invocando-A sempre: Rogai por n\u00f3s, Santa M\u00e3e de Deus, para que sejamos dignos das promessas de Cristo! Am\u00e9m.<\/div>\n<div dir=\"auto\"><\/div>\n<div dir=\"auto\"><\/div>\n","protected":false},"excerpt":{"rendered":"<p>Dom Carlos Jos\u00e9 Bispo de Apucarana (PR) \u201cAve cheia de gra\u00e7a, o Senhor \u00e9 contigo\u201d. (Lc 1,28) Cada vez que rezamos uma Ave Maria, reconhecemos que Ela, a M\u00e3e de Jesus, \u00e9 a mulher escolhida por Deus, habitada por Ele e, por isso, repleta da Gra\u00e7a Divina em plenitude! S\u00e3o Jo\u00e3o Paulo, devoto fervoroso da &hellip;<\/p>\n<p class=\"read-more\"> <a class=\"\" href=\"https:\/\/www.cnbb.org.br\/maio-mariano-mes-da-virgem-maria\/\"> <span class=\"screen-reader-text\">Maio Mariano &#8211; M\u00eas da Virgem Maria<\/span> Leia mais &raquo;<\/a><\/p>\n","protected":false},"author":101,"featured_media":0,"comment_status":"open","ping_status":"open","sticky":false,"template":"","format":"standard","meta":{"site-sidebar-layout":"default","site-content-layout":"default","ast-global-header-display":"","ast-banner-title-visibility":"","ast-main-header-display":"","ast-hfb-above-header-display":"","ast-hfb-below-header-display":"","ast-hfb-mobile-header-display":"","site-post-title":"","ast-breadcrumbs-content":"","ast-featured-img":"","footer-sml-layout":"","theme-transparent-header-meta":"default","adv-header-id-meta":"","stick-header-meta":"","header-above-stick-meta":"","header-main-stick-meta":"","header-below-stick-meta":""},"categories":[758],"tags":[],"acf":[],"_links":{"self":[{"href":"https:\/\/www.cnbb.org.br\/cnbb-app\/wp\/v2\/posts\/912819"}],"collection":[{"href":"https:\/\/www.cnbb.org.br\/cnbb-app\/wp\/v2\/posts"}],"about":[{"href":"https:\/\/www.cnbb.org.br\/cnbb-app\/wp\/v2\/types\/post"}],"author":[{"embeddable":true,"href":"https:\/\/www.cnbb.org.br\/cnbb-app\/wp\/v2\/users\/101"}],"replies":[{"embeddable":true,"href":"https:\/\/www.cnbb.org.br\/cnbb-app\/wp\/v2\/comments?post=912819"}],"version-history":[{"count":1,"href":"https:\/\/www.cnbb.org.br\/cnbb-app\/wp\/v2\/posts\/912819\/revisions"}],"predecessor-version":[{"id":935282,"href":"https:\/\/www.cnbb.org.br\/cnbb-app\/wp\/v2\/posts\/912819\/revisions\/935282"}],"wp:attachment":[{"href":"https:\/\/www.cnbb.org.br\/cnbb-app\/wp\/v2\/media?parent=912819"}],"wp:term":[{"taxonomy":"category","embeddable":true,"href":"https:\/\/www.cnbb.org.br\/cnbb-app\/wp\/v2\/categories?post=912819"},{"taxonomy":"post_tag","embeddable":true,"href":"https:\/\/www.cnbb.org.br\/cnbb-app\/wp\/v2\/tags?post=912819"}],"curies":[{"name":"wp","href":"https:\/\/api.w.org\/{rel}","templated":true}]}}