{"id":913044,"date":"2022-05-18T11:29:17","date_gmt":"2022-05-18T14:29:17","guid":{"rendered":"https:\/\/www.cnbb.org.br\/?p=913044"},"modified":"2022-05-18T11:36:45","modified_gmt":"2022-05-18T14:36:45","slug":"dia-nacional-de-combate-a-exploracao-sexual-de-criancas-e-adolescentes","status":"publish","type":"post","link":"https:\/\/www.cnbb.org.br\/dia-nacional-de-combate-a-exploracao-sexual-de-criancas-e-adolescentes\/","title":{"rendered":"No Dia Nacional de Combate \u00e0 Explora\u00e7\u00e3o Sexual de Crian\u00e7as e Adolescentes, conhe\u00e7a o papel do N\u00facleo Lux Mundi"},"content":{"rendered":"<p style=\"text-align: justify;\">Com o objetivo de mobilizar a sociedade brasileira e convoc\u00e1-la para o engajamento contra a viola\u00e7\u00e3o dos direitos sexuais de crian\u00e7as e adolescentes, o 18 de maio foi estabelecido como o Dia Nacional de Combate ao Abuso e \u00e0 Explora\u00e7\u00e3o Sexual de Crian\u00e7as e Adolescentes.<\/p>\n<p style=\"text-align: justify;\">Neste dia, em 1973, uma menina de 8 anos, de Vit\u00f3ria (ES), foi sequestrada, violentada e cruelmente assassinada. Com a repercuss\u00e3o do caso e forte mobiliza\u00e7\u00e3o do movimento em defesa dos direitos das crian\u00e7as e adolescentes, 18 de maio foi institu\u00eddo pela <a href=\"http:\/\/www.planalto.gov.br\/ccivil_03\/leis\/L9970.htm\" target=\"_blank\" rel=\"noopener\">Lei n\u00ba 9.970\/2.000<\/a>,\u00a0\u00a0como o Dia Nacional de Combate ao Abuso e \u00e0 Explora\u00e7\u00e3o Sexual de Crian\u00e7as e Adolescentes. Desde ent\u00e3o, esse se tornou o dia para que a popula\u00e7\u00e3o brasileira se una e se manifeste contra esse tipo de viol\u00eancia.<\/p>\n<h3 style=\"text-align: justify;\"><strong>A a\u00e7\u00e3o da Igreja na prote\u00e7\u00e3o das crian\u00e7as, adolescentes e pessoas vulner\u00e1veis<\/strong><\/h3>\n<p style=\"text-align: justify;\">Em mais uma a\u00e7\u00e3o para aplicar pol\u00edticas de prote\u00e7\u00e3o das crian\u00e7as, adolescentes e pessoas vulner\u00e1veis de abusos sexuais, a Igreja no Brasil conta com o N\u00facleo Lux Mundi. \u00c9 um escrit\u00f3rio central, localizado em Bras\u00edlia (DF), que apoia as comiss\u00f5es diocesanas na aplica\u00e7\u00e3o das indica\u00e7\u00f5es do Motu Proprio do Papa Francisco <a href=\"https:\/\/www.vatican.va\/content\/francesco\/pt\/motu_proprio\/documents\/papa-francesco-motu-proprio-20190507_vos-estis-lux-mundi.html\" target=\"_blank\" rel=\"noopener\">\u201cVos estis lux mundi\u201d<\/a>. O documento papal estabelece novos procedimentos para denunciar mol\u00e9stias e viol\u00eancias, e garantir que bispos e superiores religiosos prestem contas de seu trabalho.<\/p>\n<p style=\"text-align: justify;\">O N\u00facleo Lux Mundi tem o objetivo de acompanhar as comiss\u00f5es e ser refer\u00eancia para d\u00favidas em rela\u00e7\u00e3o \u00e0 aplica\u00e7\u00e3o dos direcionamentos indicados pelo Papa Francisco. Sua institui\u00e7\u00e3o surgiu da parceria da Comiss\u00e3o Especial para a Prote\u00e7\u00e3o da Crian\u00e7a e do Adolescente da Confer\u00eancia Nacional dos Bispos do Brasil (CNBB) com a Confer\u00eancia dos Religiosos do Brasil (CRB) para facilitar e possibilitar o estabelecimento de comiss\u00f5es nas dioceses e congrega\u00e7\u00f5es religiosas e velar pelo bom desempenho das mesmas para a prote\u00e7\u00e3o das crian\u00e7as, adolescentes e pessoas vulner\u00e1veis.<\/p>\n<p style=\"text-align: justify;\">Segundo dom Francisco Carlos Bach, atual presidente da Comiss\u00e3o Especial para a Prote\u00e7\u00e3o da Crian\u00e7a e do Adolescente, \u201co N\u00facleo Lux Mundi \u00e9 o bra\u00e7o executivo da Comiss\u00e3o&#8221;.<\/p>\n<figure id=\"attachment_913100\" aria-describedby=\"caption-attachment-913100\" style=\"width: 300px\" class=\"wp-caption alignleft\"><img decoding=\"async\" loading=\"lazy\" class=\"wp-image-913100 size-medium\" src=\"https:\/\/www.cnbb.org.br\/wp-content\/uploads\/2022\/05\/Dom-Francisco-300x154.jpeg\" alt=\"\" width=\"300\" height=\"154\" srcset=\"https:\/\/www.cnbb.org.br\/wp-content\/uploads\/2022\/05\/Dom-Francisco-300x154.jpeg 300w, https:\/\/www.cnbb.org.br\/wp-content\/uploads\/2022\/05\/Dom-Francisco-1024x524.jpeg 1024w, https:\/\/www.cnbb.org.br\/wp-content\/uploads\/2022\/05\/Dom-Francisco-768x393.jpeg 768w, https:\/\/www.cnbb.org.br\/wp-content\/uploads\/2022\/05\/Dom-Francisco-500x256.jpeg 500w, https:\/\/www.cnbb.org.br\/wp-content\/uploads\/2022\/05\/Dom-Francisco.jpeg 1026w\" sizes=\"(max-width: 300px) 100vw, 300px\" \/><figcaption id=\"caption-attachment-913100\" class=\"wp-caption-text\">Dom Francisco Carlos Bach<\/figcaption><\/figure>\n<blockquote>\n<p style=\"text-align: justify;\">&#8220;Cabe ao N\u00facleo auxiliar as Igrejas particulares e Institutos de Vida Consagrada na aplica\u00e7\u00e3o de pol\u00edticas para preven\u00e7\u00e3o e encaminhamentos relacionados aos casos de abusos sexuais na Igreja. O N\u00facleo Lux Mundi \u00e9 o bra\u00e7o executivo da Comiss\u00e3o\u201d.<\/p>\n<\/blockquote>\n<p style=\"text-align: justify;\">O bispo apresentou o trabalho da Comiss\u00e3o durante a \u00faltima <a href=\"https:\/\/www.cnbb.org.br\/comissao-especial-para-a-protecao-da-crianca-e-do-adolescente\/\">Assembleia Geral da CNBB<\/a>, ocorrida em abril, de forma online.<\/p>\n<p style=\"text-align: justify;\"><strong>Constitui\u00e7\u00e3o dos Servi\u00e7os de Prote\u00e7\u00e3o &#8211;\u00a0<\/strong>Para cumprir o objetivo concreto do N\u00facleo Lux neste momento, que \u00e9 o de ajudar na constitui\u00e7\u00e3o dos Servi\u00e7os de Prote\u00e7\u00e3o, seu regulamento e forma\u00e7\u00e3o de seus membros, est\u00e1 sendo realizada uma pesquisa por meio de um formul\u00e1rio enviado a todas as dioceses do Brasil. O secret\u00e1rio-geral da CNBB, dom Joel Portella Amado, refor\u00e7ou a import\u00e2ncia de todas as dioceses participarem para ajudar no mapeamento dos grupos de trabalho com este objetivo que j\u00e1 est\u00e3o institu\u00eddos pelo Brasil.<\/p>\n<blockquote><p>A Comiss\u00e3o n\u00e3o foi nomeada para julgar e investigar os bispos, pois n\u00e3o podemos investigar a n\u00f3s pr\u00f3prios. Estamos \u00e0 disposi\u00e7\u00e3o para ajudar a definir alguns regulamentos e ajudar a identificar poss\u00edveis caminhos para a atua\u00e7\u00e3o em determinadas situa\u00e7\u00f5es\u201d, refor\u00e7a dom Francisco.<\/p><\/blockquote>\n<p style=\"text-align: justify;\">O contato com a Comiss\u00e3o Especial para a Prote\u00e7\u00e3o da Crian\u00e7a e do Adolescente da CNBB pode ser feito pelo telefone (61) 98303-4554, com Elaine Tag, secret\u00e1ria do N\u00facleo Lux Mundi.<\/p>\n<p style=\"text-align: justify;\">Dom Francisco refor\u00e7ou que ainda h\u00e1 um enorme trabalho a ser feito pela Comiss\u00e3o, que envolve forma\u00e7\u00e3o do clero atual e futuro e dos leigos das comiss\u00f5es diocesanas em preven\u00e7\u00e3o, responsabilidades episcopais, consequ\u00eancia e procedimentos a serem tomados em diversas situa\u00e7\u00f5es de abusos que porventura sejam relatados \u00e0 Igreja.<\/p>\n<p style=\"text-align: justify;\">Para auxiliar nesta demanda, a Comiss\u00e3o est\u00e1 trabalhando em um Manual de Procedimentos que ir\u00e1 contemplar a preven\u00e7\u00e3o, a interven\u00e7\u00e3o em caso de assinala\u00e7\u00f5es, a prote\u00e7\u00e3o do poss\u00edvel abusado e do denunciado e demais quest\u00f5es que possam envolver esses casos.<\/p>\n<p style=\"text-align: justify;\">Afinal, segundo dom Francisco, \u00e9 preciso auxiliar a Igreja a lidar com estas quest\u00f5es, o que n\u00e3o pode \u00e9 se calar: \u201ca\u00a0 pior decis\u00e3o \u00e9 cruzar os bra\u00e7os. O grande pecado que podemos cometer \u00e9 n\u00e3o investigar\u201d, disse.<\/p>\n<h3><strong>Entrevista com a presidente do N\u00facleo Nux Mundi<\/strong><\/h3>\n<figure id=\"attachment_913102\" aria-describedby=\"caption-attachment-913102\" style=\"width: 176px\" class=\"wp-caption alignright\"><img decoding=\"async\" loading=\"lazy\" class=\"wp-image-913102\" src=\"https:\/\/www.cnbb.org.br\/wp-content\/uploads\/2022\/05\/Eliane-300x300.jpg\" alt=\"\" width=\"176\" height=\"176\" srcset=\"https:\/\/www.cnbb.org.br\/wp-content\/uploads\/2022\/05\/Eliane-300x300.jpg 300w, https:\/\/www.cnbb.org.br\/wp-content\/uploads\/2022\/05\/Eliane-150x150.jpg 150w, https:\/\/www.cnbb.org.br\/wp-content\/uploads\/2022\/05\/Eliane-500x500.jpg 500w, https:\/\/www.cnbb.org.br\/wp-content\/uploads\/2022\/05\/Eliane.jpg 530w\" sizes=\"(max-width: 176px) 100vw, 176px\" \/><figcaption id=\"caption-attachment-913102\" class=\"wp-caption-text\">Dra Eliane De Carli, presidente do N\u00facleo Lux Mundi | Foto: divulga\u00e7\u00e3o<\/figcaption><\/figure>\n<p style=\"text-align: justify;\">A m\u00e9dica pediatra Eliane De Carli, presidente do N\u00facleo Lux Mundi, em entrevista ao portal da CNBB, em 2020,\u00a0 j\u00e1 havia respondido a algumas perguntas sobre a import\u00e2ncia da institui\u00e7\u00e3o e sobre as atividades realizadas.<\/p>\n<p style=\"text-align: justify;\">Tamb\u00e9m assessora da Comiss\u00e3o Especial de Prote\u00e7\u00e3o da Crian\u00e7a e do Adolescente da CNBB, Eliane falou do funcionamento da estrutura que auxiliar\u00e1 no combate aos abusos sexuais no \u00e2mbito da Igreja.<\/p>\n<p>Relembre a entrevista na \u00edntegra (<a href=\"https:\/\/www.cnbb.org.br\/presidente-nucleo-lux-mundi-fala-da-estrutura-combate-aos-abusos-sexuais\/\">AQUI<\/a>).<\/p>\n<p>&nbsp;<\/p>\n<p>&nbsp;<\/p>\n<pre>Foto de capa: Pixabay<\/pre>\n<p>&nbsp;<\/p>\n<p>&nbsp;<\/p>\n<p>&nbsp;<\/p>\n<p>&nbsp;<\/p>\n","protected":false},"excerpt":{"rendered":"<p>O N\u00facleo Lux Mundi tem o objetivo de acompanhar as comiss\u00f5es e ser refer\u00eancia para d\u00favidas em rela\u00e7\u00e3o \u00e0 aplica\u00e7\u00e3o dos direcionamentos indicados pelo Papa Francisco<\/p>\n","protected":false},"author":141,"featured_media":913106,"comment_status":"open","ping_status":"open","sticky":false,"template":"","format":"standard","meta":{"site-sidebar-layout":"default","site-content-layout":"default","ast-global-header-display":"","ast-banner-title-visibility":"","ast-main-header-display":"","ast-hfb-above-header-display":"","ast-hfb-below-header-display":"","ast-hfb-mobile-header-display":"","site-post-title":"","ast-breadcrumbs-content":"","ast-featured-img":"","footer-sml-layout":"","theme-transparent-header-meta":"default","adv-header-id-meta":"","stick-header-meta":"","header-above-stick-meta":"","header-main-stick-meta":"","header-below-stick-meta":""},"categories":[1840,1833],"tags":[4488,4487,4489],"acf":[],"_links":{"self":[{"href":"https:\/\/www.cnbb.org.br\/cnbb-app\/wp\/v2\/posts\/913044"}],"collection":[{"href":"https:\/\/www.cnbb.org.br\/cnbb-app\/wp\/v2\/posts"}],"about":[{"href":"https:\/\/www.cnbb.org.br\/cnbb-app\/wp\/v2\/types\/post"}],"author":[{"embeddable":true,"href":"https:\/\/www.cnbb.org.br\/cnbb-app\/wp\/v2\/users\/141"}],"replies":[{"embeddable":true,"href":"https:\/\/www.cnbb.org.br\/cnbb-app\/wp\/v2\/comments?post=913044"}],"version-history":[{"count":0,"href":"https:\/\/www.cnbb.org.br\/cnbb-app\/wp\/v2\/posts\/913044\/revisions"}],"wp:featuredmedia":[{"embeddable":true,"href":"https:\/\/www.cnbb.org.br\/cnbb-app\/wp\/v2\/media\/913106"}],"wp:attachment":[{"href":"https:\/\/www.cnbb.org.br\/cnbb-app\/wp\/v2\/media?parent=913044"}],"wp:term":[{"taxonomy":"category","embeddable":true,"href":"https:\/\/www.cnbb.org.br\/cnbb-app\/wp\/v2\/categories?post=913044"},{"taxonomy":"post_tag","embeddable":true,"href":"https:\/\/www.cnbb.org.br\/cnbb-app\/wp\/v2\/tags?post=913044"}],"curies":[{"name":"wp","href":"https:\/\/api.w.org\/{rel}","templated":true}]}}