{"id":913332,"date":"2022-05-19T12:48:45","date_gmt":"2022-05-19T15:48:45","guid":{"rendered":"https:\/\/www.cnbb.org.br\/?p=913332"},"modified":"2022-05-19T12:49:05","modified_gmt":"2022-05-19T15:49:05","slug":"para-que-a-cidade-se-encha-de-alegria","status":"publish","type":"post","link":"https:\/\/www.cnbb.org.br\/para-que-a-cidade-se-encha-de-alegria\/","title":{"rendered":"Para que a cidade se encha de alegria"},"content":{"rendered":"<p style=\"text-align: right;\"><b>Dom Alberto Taveira Corr\u00eaa<br \/>\nArcebispo de Bel\u00e9m do Par\u00e1 (PA)<\/b><\/p>\n<p>&nbsp;<\/p>\n<p style=\"text-align: justify;\"><span data-contrast=\"none\">Vivemos numa sociedade pluralista, com convic\u00e7\u00f5es diferentes, pr\u00e1ticas religiosas, op\u00e7\u00f5es pol\u00edticas e ideol\u00f3gicas tantas vezes contradit\u00f3rias e provocantes. Entretanto, a Igreja nos ensina a sonhar alto! Se este \u00e9 um tempo cheio de desafios e conflitos, n\u00e3o temos receio de buscar a \u201cJerusal\u00e9m do Alto\u201d. Voltemos os olhos e o cora\u00e7\u00e3o para o Apocalipse, no texto da Liturgia do Sexto Domingo da P\u00e1scoa: \u201cEle falou comigo e disse: \u2018Vem! Vou mostrar-te a noiva, a esposa do Cordeiro\u2019. Ent\u00e3o me levou em esp\u00edrito a uma montanha grande e alta. Mostrou-me a cidade santa, Jerusal\u00e9m, descendo do c\u00e9u, de junto de Deus, brilhando com a gl\u00f3ria de Deus. A cidade n\u00e3o precisa de sol nem de lua que a iluminem, pois, a gl\u00f3ria de Deus \u00e9 a sua luz e a sua l\u00e2mpada \u00e9 o Cordeiro. As na\u00e7\u00f5es caminhar\u00e3o \u00e0 sua luz e os reis da terra levar\u00e3o a ela a sua gl\u00f3ria. Suas portas n\u00e3o precisam de ser fechadas cada dia, pois j\u00e1 n\u00e3o haver\u00e1 noite; e a ela ser\u00e3o levadas a gl\u00f3ria e a riqueza das na\u00e7\u00f5es. Nunca mais entrar\u00e1 nela o que \u00e9 impuro, nem algu\u00e9m que pratique a abomina\u00e7\u00e3o e a mentira. Entrar\u00e3o nela somente os que est\u00e3o inscritos no livro da vida do Cordeiro\u201d (Ap 21,10-11.23-27).<\/span><span data-ccp-props=\"{&quot;201341983&quot;:0,&quot;335551550&quot;:6,&quot;335551620&quot;:6,&quot;335559739&quot;:160,&quot;335559740&quot;:256}\">\u00a0<\/span><\/p>\n<p style=\"text-align: justify;\"><span data-contrast=\"none\">Como poderemos contribuir para que a Jerusal\u00e9m do Alto penetre as estruturas do mundo atual? N\u00e3o nos cabe ser profetas da destrui\u00e7\u00e3o e amea\u00e7as diante de tantos problemas. Os crist\u00e3os, com as convic\u00e7\u00f5es nascidas do Evangelho, h\u00e3o de ser homens e mulheres anunciadores, com a palavra e a vida, da novidade que s\u00f3 pode vir de Deus. H\u00e1 uma promessa de Jesus que ressoar\u00e1 nas pr\u00f3ximas semanas em nossos ouvidos, devendo encontrar a resposta adequada de nossa f\u00e9. Trata-se da certeza de que n\u00e3o estamos sozinhos, pois o Esp\u00edrito Santo foi derramado em nossos cora\u00e7\u00f5es. Ele \u00e9 chamado Consolador, Defensor, Advogado! Com tal companhia, poderemos assumir os desafios que a vida apresenta, dando resposta corajosa e firme, comprometendo-nos com a for\u00e7a do Evangelho e tornando-nos efetivamente evangelizadores, cada um na sua voca\u00e7\u00e3o e com os seus dons.<\/span><span data-ccp-props=\"{&quot;201341983&quot;:0,&quot;335551550&quot;:6,&quot;335551620&quot;:6,&quot;335559739&quot;:160,&quot;335559740&quot;:256}\">\u00a0<\/span><\/p>\n<p style=\"text-align: justify;\"><span data-contrast=\"none\">O Esp\u00edrito de Deus nos inspira e suscita atitudes mission\u00e1rias. Tomemos consci\u00eancia de que as portas da cidade querida por Deus devem estar abertas. A primeira delas \u00e9 a porta da miseric\u00f3rdia e do perd\u00e3o. H\u00e1 muitas pessoas sedentas de acolhimento, marcadas pela rejei\u00e7\u00e3o, traumatizadas por situa\u00e7\u00f5es pessoais e sociais, com um hist\u00f3rico familiar tantas vezes doloroso! E muitas delas n\u00e3o descobrem a porta da Igreja, a n\u00e3o ser atrav\u00e9s do testemunho, muitas vezes silencioso, de crist\u00e3os que olham ao seu redor e n\u00e3o se omitem, mas fazem o bem, sem desviar o olhar, as m\u00e3os e o cora\u00e7\u00e3o. Este olhar dever\u00e1 ter a coragem da prefer\u00eancia pelos mais sofredores e isolados, aquelas pessoas que muitas vezes nem t\u00eam a coragem ou possibilidade de reclamar.<\/span><span data-ccp-props=\"{&quot;201341983&quot;:0,&quot;335551550&quot;:6,&quot;335551620&quot;:6,&quot;335559731&quot;:708,&quot;335559739&quot;:160,&quot;335559740&quot;:256}\">\u00a0<\/span><\/p>\n<p style=\"text-align: justify;\"><span data-contrast=\"none\">A elas e a todas as outras se estende a promessa feita por Jesus: \u201cDeixo-vos a paz\u201d! S\u00f3 que n\u00e3o \u00e9 a paz da defesa ou do preparar-se para guerrear. O medo \u00e9 vencido quando, deixando-nos conduzir pelo Esp\u00edrito Santo, professamos a f\u00e9 no amor de Deus que nos conduz. E esta paz h\u00e1 de nascer dentro de n\u00f3s, de uma consci\u00eancia pura e aberta para Deus, em cuja for\u00e7a poderemos viver sem medo nem perturba\u00e7\u00f5es. Entretanto, o pr\u00f3prio Senhor nos alerta que no mundo teremos perturba\u00e7\u00f5es. A verdadeira paz vem das chagas abertas do Crucificado-Ressuscitado, que se manifesta aos disc\u00edpulos no dia glorioso da P\u00e1scoa. Tomar consci\u00eancia das dores, persegui\u00e7\u00f5es ou fraquezas eventualmente existentes em nossa vida dever\u00e1 levar-nos \u00e0 certeza de que \u201cse \u00e0 tarde vem o pranto visitar-nos, de manh\u00e3 nos vem saudar a alegria\u201d (Sl 29,6). Nossa vida \u00e9 toda pascal, passagem da morte para a vida, da tristeza para a alegria, das trevas \u00e0 luz, do pecado \u00e0 gra\u00e7a!<\/span><span data-ccp-props=\"{&quot;201341983&quot;:0,&quot;335551550&quot;:6,&quot;335551620&quot;:6,&quot;335559731&quot;:708,&quot;335559739&quot;:160,&quot;335559740&quot;:256}\">\u00a0<\/span><\/p>\n<p style=\"text-align: justify;\"><span data-contrast=\"none\">A alegria prometida \u00e9 diferente e supera a exuber\u00e2ncia de risadas ou festas. Impressiona muito passar pelas nossas ruas, quase que a qualquer hora, e ver pessoas em torno de mesas nas cal\u00e7adas a beber! E se olhamos bem em seus olhos, muito al\u00e9m da pretensa exuber\u00e2ncia vinda da bebida, \u00e9 poss\u00edvel identificar uma tristeza profunda! A alegria que vem de Deus \u00e9 muito maior! Sabemos, com S\u00e3o Paulo, que a alegria \u00e9 fruto do Esp\u00edrito Santo e n\u00e3o fruto da carne! Nossas cidades poder\u00e3o readquirir a alegria se nos empenharmos em rela\u00e7\u00f5es verdadeiras e sinceras, quase \u201ccosturadas\u201d pouco a pouco, no contato que pudermos estabelecer. Quem sabe ser\u00e1 v\u00e1lida a proposta de cultivar, em marca\u00e7\u00e3o cerrada, alguma pessoa a quem possamos manifestar o bem querer! Pode ser uma visita, uma mensagem, uma chamada telef\u00f4nica, para chegar a um di\u00e1logo verdadeiro e sincero! A imagem do cacho de uva \u00e9 sugestiva. Se cada um de n\u00f3s cultivar no amor crist\u00e3o uma ou mais pessoas, poderemos incendiar com o amor de Deus nossas cidades e ambientes!<\/span><span data-ccp-props=\"{&quot;201341983&quot;:0,&quot;335551550&quot;:6,&quot;335551620&quot;:6,&quot;335559731&quot;:708,&quot;335559739&quot;:160,&quot;335559740&quot;:256}\">\u00a0<\/span><\/p>\n<p style=\"text-align: justify;\"><span data-contrast=\"none\">Os Atos dos Ap\u00f3stolos (At 15,1-29) contam a primeira reuni\u00e3o, que muitos chamaram de Conc\u00edlio de Jerusal\u00e9m, quando foram capazes de enfrentar as dificuldades surgidas nas primeiras comunidades crist\u00e3s, ouvindo uns aos outros, superando eventuais prefer\u00eancias pessoais, para chegarem a exigir delas aquilo que \u00e9 essencial, sem fazer pesar \u00e0queles que vinham de longe eventuais normas herdadas do juda\u00edsmo. Tamb\u00e9m n\u00f3s, nas cidades de hoje, em nossa Igreja, precisamos aprender que o caminho percorrido pelas pessoas tem diferen\u00e7as e graus a serem respeitados e valorizados. A paci\u00eancia com os defeitos dos outros suscitar\u00e1 neles mesmos a mesma atitude conosco, j\u00e1 que pecadores todos somos! A reciprocidade do amor misericordioso ser\u00e1 fonte de alegria! E abrir-se-\u00e3o outras portas como o di\u00e1logo, o servi\u00e7o, o testemunho de comunh\u00e3o e o an\u00fancio e prega\u00e7\u00e3o expl\u00edcita do Evangelho.<\/span><span data-ccp-props=\"{&quot;201341983&quot;:0,&quot;335551550&quot;:6,&quot;335551620&quot;:6,&quot;335559731&quot;:708,&quot;335559739&quot;:160,&quot;335559740&quot;:256}\">\u00a0<\/span><\/p>\n<p style=\"text-align: justify;\"><span data-contrast=\"none\">Enfim, parece-nos oportuno recordar neste m\u00eas de maio aquela que \u00e9 chamada na Ladainha de \u201cCausa de nossa alegria\u201d, a Virgem Maria, que neste ano a prepara\u00e7\u00e3o do C\u00edrio de Nazar\u00e9 chama de \u201cM\u00e3e e Mestra\u201d, aquela que de bra\u00e7os abertos levou seu Filho menino ao templo. Em Nazar\u00e9, com as portas abertas de sua casa e sua fam\u00edlia, guardou tudo no cora\u00e7\u00e3o, abra\u00e7ou a vida cotidiana com serenidade, fez-se disc\u00edpula de seu pr\u00f3prio Filho, tanto que em Can\u00e1 provocou o milagre da alegria. Com ela, poderemos trazer a alegria para nossas cidades, com a receita de milagre: \u201cFazei o que ele vos disser\u201d (Jo 2,5).<\/span><span data-ccp-props=\"{&quot;201341983&quot;:0,&quot;335551550&quot;:6,&quot;335551620&quot;:6,&quot;335559739&quot;:160,&quot;335559740&quot;:256}\">\u00a0<\/span><\/p>\n","protected":false},"excerpt":{"rendered":"<p>Dom Alberto Taveira Corr\u00eaa Arcebispo de Bel\u00e9m do Par\u00e1 (PA) &nbsp; Vivemos numa sociedade pluralista, com convic\u00e7\u00f5es diferentes, pr\u00e1ticas religiosas, op\u00e7\u00f5es pol\u00edticas e ideol\u00f3gicas tantas vezes contradit\u00f3rias e provocantes. Entretanto, a Igreja nos ensina a sonhar alto! Se este \u00e9 um tempo cheio de desafios e conflitos, n\u00e3o temos receio de buscar a \u201cJerusal\u00e9m do &hellip;<\/p>\n<p class=\"read-more\"> <a class=\"\" href=\"https:\/\/www.cnbb.org.br\/para-que-a-cidade-se-encha-de-alegria\/\"> <span class=\"screen-reader-text\">Para que a cidade se encha de alegria<\/span> Leia mais &raquo;<\/a><\/p>\n","protected":false},"author":21,"featured_media":0,"comment_status":"open","ping_status":"open","sticky":false,"template":"","format":"standard","meta":{"site-sidebar-layout":"default","site-content-layout":"default","ast-global-header-display":"","ast-banner-title-visibility":"","ast-main-header-display":"","ast-hfb-above-header-display":"","ast-hfb-below-header-display":"","ast-hfb-mobile-header-display":"","site-post-title":"","ast-breadcrumbs-content":"","ast-featured-img":"","footer-sml-layout":"","theme-transparent-header-meta":"default","adv-header-id-meta":"","stick-header-meta":"","header-above-stick-meta":"","header-main-stick-meta":"","header-below-stick-meta":""},"categories":[758],"tags":[],"acf":[],"_links":{"self":[{"href":"https:\/\/www.cnbb.org.br\/cnbb-app\/wp\/v2\/posts\/913332"}],"collection":[{"href":"https:\/\/www.cnbb.org.br\/cnbb-app\/wp\/v2\/posts"}],"about":[{"href":"https:\/\/www.cnbb.org.br\/cnbb-app\/wp\/v2\/types\/post"}],"author":[{"embeddable":true,"href":"https:\/\/www.cnbb.org.br\/cnbb-app\/wp\/v2\/users\/21"}],"replies":[{"embeddable":true,"href":"https:\/\/www.cnbb.org.br\/cnbb-app\/wp\/v2\/comments?post=913332"}],"version-history":[{"count":0,"href":"https:\/\/www.cnbb.org.br\/cnbb-app\/wp\/v2\/posts\/913332\/revisions"}],"wp:attachment":[{"href":"https:\/\/www.cnbb.org.br\/cnbb-app\/wp\/v2\/media?parent=913332"}],"wp:term":[{"taxonomy":"category","embeddable":true,"href":"https:\/\/www.cnbb.org.br\/cnbb-app\/wp\/v2\/categories?post=913332"},{"taxonomy":"post_tag","embeddable":true,"href":"https:\/\/www.cnbb.org.br\/cnbb-app\/wp\/v2\/tags?post=913332"}],"curies":[{"name":"wp","href":"https:\/\/api.w.org\/{rel}","templated":true}]}}