{"id":913478,"date":"2022-05-20T13:25:08","date_gmt":"2022-05-20T16:25:08","guid":{"rendered":"https:\/\/www.cnbb.org.br\/?p=913478"},"modified":"2022-05-20T15:10:05","modified_gmt":"2022-05-20T18:10:05","slug":"faleceu-o-compositor-reginaldo-veloso","status":"publish","type":"post","link":"https:\/\/www.cnbb.org.br\/faleceu-o-compositor-reginaldo-veloso\/","title":{"rendered":"Faleceu o compositor Reginaldo Veloso, que colaborou no canto lit\u00fargico e pastoral da Igreja no Brasil"},"content":{"rendered":"<p>Faleceu, na noite de quinta-feira, 19 de maio, o compositor cat\u00f3lico Reginaldo Veloso, aos 84 anos. Ele fez parte do grupo de reflex\u00e3o que contribui no Setor M\u00fasica Lit\u00fargica da Comiss\u00e3o Episcopal Pastoral para a Liturgia da Confer\u00eancia Nacional dos Bispos do Brasil (CNBB). Era mestre em Teologia e Hist\u00f3ria, escritor, compositor e especialista em liturgia.<\/p>\n<p>Colaborou com a Igreja no Brasil oferecendo diversas m\u00fasicas que animaram celebra\u00e7\u00f5es e atividades pastorais em todo o Brasil no p\u00f3s-concilio.<\/p>\n<p>Entre suas composi\u00e7\u00f5es no Hin\u00e1rio Lit\u00fargico da CNBB, destaca-se a conhecida melodia da vers\u00e3o popular do Prec\u00f4nio Pascal \u201cExulte de alegria dos anjos a multid\u00e3o\u201d, em parceria com o tamb\u00e9m j\u00e1 falecido frei Tito Figueiroa de Medeiros.<\/p>\n<p>Em 2018, Reginaldo foi homenageado na cerim\u00f4nia de entrega do Trof\u00e9u Louvemos o Senhor, premia\u00e7\u00e3o da m\u00fasica cat\u00f3lica promovida pela Associa\u00e7\u00e3o do Senhor Jesus. Veloso est\u00e1 no rol de agraciados que tamb\u00e9m conta com padre Zezinho, irm\u00e3 M\u00edria Kolling, frei Fabretti e padre Jos\u00e9 Weber.<\/p>\n<figure id=\"attachment_913494\" aria-describedby=\"caption-attachment-913494\" style=\"width: 1024px\" class=\"wp-caption aligncenter\"><img decoding=\"async\" loading=\"lazy\" class=\"wp-image-913494 size-large\" src=\"https:\/\/www.cnbb.org.br\/wp-content\/uploads\/2022\/05\/Grupo-de-reflexao-musica-liturgica-1024x768.jpeg\" alt=\"\" width=\"1024\" height=\"768\" srcset=\"https:\/\/www.cnbb.org.br\/wp-content\/uploads\/2022\/05\/Grupo-de-reflexao-musica-liturgica-1024x768.jpeg 1024w, https:\/\/www.cnbb.org.br\/wp-content\/uploads\/2022\/05\/Grupo-de-reflexao-musica-liturgica-300x225.jpeg 300w, https:\/\/www.cnbb.org.br\/wp-content\/uploads\/2022\/05\/Grupo-de-reflexao-musica-liturgica-768x576.jpeg 768w, https:\/\/www.cnbb.org.br\/wp-content\/uploads\/2022\/05\/Grupo-de-reflexao-musica-liturgica-500x375.jpeg 500w, https:\/\/www.cnbb.org.br\/wp-content\/uploads\/2022\/05\/Grupo-de-reflexao-musica-liturgica-800x600.jpeg 800w, https:\/\/www.cnbb.org.br\/wp-content\/uploads\/2022\/05\/Grupo-de-reflexao-musica-liturgica.jpeg 1152w\" sizes=\"(max-width: 1024px) 100vw, 1024px\" \/><figcaption id=\"caption-attachment-913494\" class=\"wp-caption-text\"><em>Reginaldo Veloso, na fileira de baixo, o segundo da direita para a esquerda| Foto: Setor M\u00fasica Lit\u00fargica CNBB<\/em><\/figcaption><\/figure>\n<p>Para o assessor do Setor M\u00fasica Lit\u00fargica da CNBB, irm\u00e3o Fernando Benedito Vieira, ficam a lembran\u00e7a e o legado de Reginaldo Veloso &#8220;com suas can\u00e7\u00f5es, cantadas de Norte a Sul do Brasil, algumas delas tamb\u00e9m presentes nos hin\u00e1rios de outras denomina\u00e7\u00f5es crist\u00e3s&#8221;.<\/p>\n<blockquote><p>&#8220;Seu legado musical e po\u00e9tico \u00e9, sem sombra de d\u00favida, um tesouro e inspira\u00e7\u00e3o do cantar da Igreja: um rico patrim\u00f4nio no campo do Canto Pastoral e Ritual, solid\u00e1rio com todos os sofrimentos da humanidade. Seu canto, ao longo destes anos todos, foi descobrir como cantar e como fazer cantar: cantando a vida!&#8221;<\/p><\/blockquote>\n<p>&nbsp;<\/p>\n<pre>Foto: divulga\u00e7\u00e3o\/Pr\u00eamio Louvemos o Senhor<\/pre>\n","protected":false},"excerpt":{"rendered":"<p>Ele fez parte do grupo de reflex\u00e3o que contribui no Setor M\u00fasica Lit\u00fargica da Comiss\u00e3o Episcopal Pastoral para a Liturgia da Confer\u00eancia Nacional dos Bispos do Brasil (CNBB). Colaborou com a Igreja no Brasil oferecendo diversas m\u00fasicas que animaram celebra\u00e7\u00f5es e atividades pastorais em todo o Brasil no p\u00f3s-concilio<\/p>\n","protected":false},"author":38,"featured_media":913496,"comment_status":"open","ping_status":"open","sticky":false,"template":"","format":"standard","meta":{"site-sidebar-layout":"default","site-content-layout":"default","ast-global-header-display":"","ast-banner-title-visibility":"","ast-main-header-display":"","ast-hfb-above-header-display":"","ast-hfb-below-header-display":"","ast-hfb-mobile-header-display":"","site-post-title":"","ast-breadcrumbs-content":"","ast-featured-img":"","footer-sml-layout":"","theme-transparent-header-meta":"default","adv-header-id-meta":"","stick-header-meta":"","header-above-stick-meta":"","header-main-stick-meta":"","header-below-stick-meta":""},"categories":[50,859],"tags":[2222],"acf":[],"_links":{"self":[{"href":"https:\/\/www.cnbb.org.br\/cnbb-app\/wp\/v2\/posts\/913478"}],"collection":[{"href":"https:\/\/www.cnbb.org.br\/cnbb-app\/wp\/v2\/posts"}],"about":[{"href":"https:\/\/www.cnbb.org.br\/cnbb-app\/wp\/v2\/types\/post"}],"author":[{"embeddable":true,"href":"https:\/\/www.cnbb.org.br\/cnbb-app\/wp\/v2\/users\/38"}],"replies":[{"embeddable":true,"href":"https:\/\/www.cnbb.org.br\/cnbb-app\/wp\/v2\/comments?post=913478"}],"version-history":[{"count":0,"href":"https:\/\/www.cnbb.org.br\/cnbb-app\/wp\/v2\/posts\/913478\/revisions"}],"wp:featuredmedia":[{"embeddable":true,"href":"https:\/\/www.cnbb.org.br\/cnbb-app\/wp\/v2\/media\/913496"}],"wp:attachment":[{"href":"https:\/\/www.cnbb.org.br\/cnbb-app\/wp\/v2\/media?parent=913478"}],"wp:term":[{"taxonomy":"category","embeddable":true,"href":"https:\/\/www.cnbb.org.br\/cnbb-app\/wp\/v2\/categories?post=913478"},{"taxonomy":"post_tag","embeddable":true,"href":"https:\/\/www.cnbb.org.br\/cnbb-app\/wp\/v2\/tags?post=913478"}],"curies":[{"name":"wp","href":"https:\/\/api.w.org\/{rel}","templated":true}]}}