{"id":914024,"date":"2022-05-26T16:23:13","date_gmt":"2022-05-26T19:23:13","guid":{"rendered":"https:\/\/www.cnbb.org.br\/?p=914024"},"modified":"2022-05-26T16:32:15","modified_gmt":"2022-05-26T19:32:15","slug":"uma-presenca-nova","status":"publish","type":"post","link":"https:\/\/www.cnbb.org.br\/uma-presenca-nova\/","title":{"rendered":"Uma presen\u00e7a nova\u00a0"},"content":{"rendered":"<p style=\"text-align: right;\"><strong>Dom Rodolfo Lu\u00eds Weber<\/strong><br \/>\n<strong>Arcebispo de Passo Fundo (RS)<\/strong><\/p>\n<p>&nbsp;<\/p>\n<p style=\"text-align: justify;\"><span data-contrast=\"auto\">A liturgia dominical da Ascens<\/span><span data-contrast=\"auto\">\u00e3o do Senhor celebra o artigo da Profiss\u00e3o de F\u00e9<\/span><span data-contrast=\"auto\"> crist\u00e3: \u201cSubiu aos c\u00e9us, est\u00e1 sentado \u00e0 direita de Deus Pai todo-poderoso\u201d (Atos 1,1-11, Sl 46, Ef\u00e9sios 1,17-230 e Lucas 24, 46-53). A primeira impress\u00e3o que vem \u00e0 mente que se trata de um afastamento, de um distanciamento de quem vai e de quem fica. A Ascens\u00e3o do Senhor n\u00e3o celebra um distanciamento de Jesus dos seus, porque seria um contrassenso. Se Jesus \u00e9 a vida dos crentes, como podem viver sem ele?<\/span><span data-ccp-props=\"{&quot;201341983&quot;:0,&quot;335551550&quot;:6,&quot;335551620&quot;:6,&quot;335559739&quot;:120,&quot;335559740&quot;:259}\">\u00a0<\/span><\/p>\n<p style=\"text-align: justify;\"><span data-contrast=\"auto\">Os disc\u00edpulos tinham experimentado tr\u00eas formas diversas da presen\u00e7a de Jesus. A presen\u00e7a ordin\u00e1ria \u00e9 a experi\u00eancia do Jesus hist\u00f3rico quando estava com eles e tinham a possibilidade de v\u00ea-lo, toc\u00e1-lo, escut\u00e1-lo, tirar d\u00favidas, comer e conviver com ele. <\/span><span data-contrast=\"auto\">\u00c9 a conviv\u00eancia f\u00edsica e mediada pelos sentidos que durou uns tr\u00eas anos. A segunda forma de presen\u00e7a podemos dizer que \u00e9 a excepcional. \u00c9 o per\u00edodo ap\u00f3s a ressurrei\u00e7\u00e3o quando o ressuscitado <\/span><span data-contrast=\"auto\">vai ao encontro dos disc\u00edpulos e oferece sinais que permitem reconhec\u00ea-lo. \u00c9 uma presen\u00e7a que foge da normalidade e que durou, segundo Lucas, quarenta dias. A terceira forma de presen\u00e7a \u00e9 a invis\u00edvel. \u00c9 a experi\u00eancia da comunidade depois da ascens\u00e3o. Jesus continua com os seus na comunidade que se iniciou, a Igreja. Os disc\u00edpulos n\u00e3o o veem mais, nem o sentem, mas o experimentam muito pr\u00f3ximo e sentem-se acompanhados e orientados.<\/span><span data-ccp-props=\"{&quot;201341983&quot;:0,&quot;335551550&quot;:6,&quot;335551620&quot;:6,&quot;335559739&quot;:120,&quot;335559740&quot;:259}\">\u00a0<\/span><\/p>\n<p style=\"text-align: justify;\"><span data-contrast=\"auto\">Os textos b\u00edblicos indicam que a ascens\u00e3o marca o fim de uma etapa, mas n\u00e3o fecha o caminho, mas ao contr\u00e1rio abre um novo horizonte, uma nova presen\u00e7a de Cristo e uma real comunh\u00e3o entre Ele e a Igreja. Um novo acesso se abre aos homens para se aproximarem de Deus. Os textos b\u00edblicos acentuam que os disc\u00edpulos sentiram \u201cgrande alegria\u201d com o que estava acontecendo.<\/span><span data-ccp-props=\"{&quot;201341983&quot;:0,&quot;335551550&quot;:6,&quot;335551620&quot;:6,&quot;335559739&quot;:120,&quot;335559740&quot;:259}\">\u00a0<\/span><\/p>\n<p style=\"text-align: justify;\"><span data-contrast=\"auto\">Por se tratar do fim de uma etapa se poderia imaginar que estaria repleto de recomenda\u00e7\u00f5es, mas n\u00e3o \u00e9 este o clima que Lucas descreve. Jesus recorda o acontecimento Pascal, renova o envio para serem testemunhas dos fatos em todos os lugares, promete enviar o Esp\u00edrito Santo. As palavras s\u00e3o acompanhadas com um gesto muito significativo. \u201cAli ergueu as m\u00e3os e aben\u00e7oou-os. Enquanto os aben\u00e7oava afastou-se deles e foi levado para o c\u00e9u\u201d. O gesto de aben\u00e7oar, de forma alguma remete a uma sauda\u00e7\u00e3o de adeus, mas torna-se media\u00e7\u00e3o que assegura a prote\u00e7\u00e3o de Deus.\u00a0<\/span><span data-ccp-props=\"{&quot;201341983&quot;:0,&quot;335551550&quot;:6,&quot;335551620&quot;:6,&quot;335559739&quot;:120,&quot;335559740&quot;:259}\">\u00a0<\/span><\/p>\n<p style=\"text-align: justify;\"><span data-contrast=\"auto\">A rea\u00e7\u00e3o dos disc\u00edpulos \u00e9 positiva. N\u00e3o gritam desesperados, do tipo \u201cn\u00e3o vai embora, fica conosco\u201d. Lucas registra que \u201celes o adoraram. Em seguida, voltaram para Jerusal\u00e9m, com grande alegria\u201d. Uma rea\u00e7\u00e3o respeitosa e um sentimento de quem n\u00e3o estava sendo abandonado, por isso sentiram \u201cgrande alegria\u201d. O evangelista Lucas, o mesmo que escreveu o livro dos \u201cAtos dos Ap\u00f3stolos\u201d, come\u00e7a o novo livro contando novamente a ascens\u00e3o. Acrescenta mais alguns detalhes, por exemplo, que os disc\u00edpulos acompanharam com os olhos Jesus subindo ao c\u00e9u.<\/span><span data-ccp-props=\"{&quot;201341983&quot;:0,&quot;335551550&quot;:6,&quot;335551620&quot;:6,&quot;335559739&quot;:120,&quot;335559740&quot;:259}\">\u00a0<\/span><\/p>\n<p style=\"text-align: justify;\"><span data-contrast=\"auto\">\u201cO Senhor atrai o olhar dos Ap\u00f3stolos e o nosso olhar para o C\u00e9u a fim de indicar como percorrer o caminho do bem durante a vida na terra. Contudo, Ele permanece na trama da hist\u00f3ria humana, est\u00e1 pr\u00f3ximo a cada um de n\u00f3s e guia o nosso caminho crist\u00e3o: \u00e9 companheiro dos perseguidos por causa da f\u00e9, est\u00e1 no cora\u00e7\u00e3o de todos que s\u00e3o marginalizados, est\u00e1 presente naqueles aos quais \u00e9 negado o direito \u00e0 vida. Podemos ouvir, ver e tocar o Senhor Jesus na Igreja, sobretudo mediante a palavra e os sacramentos\u201d. Foi a mensagem dirigida aos fi\u00e9is reunidos na pra\u00e7a S\u00e3o Pedro pelo papa em\u00e9rito Bento XVI na solenidade da ascens\u00e3o de 2010.\u00a0<\/span><span data-ccp-props=\"{&quot;201341983&quot;:0,&quot;335551550&quot;:6,&quot;335551620&quot;:6,&quot;335559739&quot;:120,&quot;335559740&quot;:259}\">\u00a0<\/span><\/p>\n<p><span data-ccp-props=\"{&quot;201341983&quot;:0,&quot;335551550&quot;:6,&quot;335551620&quot;:6,&quot;335559739&quot;:120,&quot;335559740&quot;:259}\">\u00a0<\/span><\/p>\n","protected":false},"excerpt":{"rendered":"<p>Dom Rodolfo Lu\u00eds Weber Arcebispo de Passo Fundo (RS) &nbsp; A liturgia dominical da Ascens\u00e3o do Senhor celebra o artigo da Profiss\u00e3o de F\u00e9 crist\u00e3: \u201cSubiu aos c\u00e9us, est\u00e1 sentado \u00e0 direita de Deus Pai todo-poderoso\u201d (Atos 1,1-11, Sl 46, Ef\u00e9sios 1,17-230 e Lucas 24, 46-53). A primeira impress\u00e3o que vem \u00e0 mente que se &hellip;<\/p>\n<p class=\"read-more\"> <a class=\"\" href=\"https:\/\/www.cnbb.org.br\/uma-presenca-nova\/\"> <span class=\"screen-reader-text\">Uma presen\u00e7a nova\u00a0<\/span> Leia mais &raquo;<\/a><\/p>\n","protected":false},"author":27,"featured_media":0,"comment_status":"open","ping_status":"open","sticky":false,"template":"","format":"standard","meta":{"site-sidebar-layout":"default","site-content-layout":"default","ast-global-header-display":"","ast-banner-title-visibility":"","ast-main-header-display":"","ast-hfb-above-header-display":"","ast-hfb-below-header-display":"","ast-hfb-mobile-header-display":"","site-post-title":"","ast-breadcrumbs-content":"","ast-featured-img":"","footer-sml-layout":"","theme-transparent-header-meta":"default","adv-header-id-meta":"","stick-header-meta":"","header-above-stick-meta":"","header-main-stick-meta":"","header-below-stick-meta":""},"categories":[758],"tags":[],"acf":[],"_links":{"self":[{"href":"https:\/\/www.cnbb.org.br\/cnbb-app\/wp\/v2\/posts\/914024"}],"collection":[{"href":"https:\/\/www.cnbb.org.br\/cnbb-app\/wp\/v2\/posts"}],"about":[{"href":"https:\/\/www.cnbb.org.br\/cnbb-app\/wp\/v2\/types\/post"}],"author":[{"embeddable":true,"href":"https:\/\/www.cnbb.org.br\/cnbb-app\/wp\/v2\/users\/27"}],"replies":[{"embeddable":true,"href":"https:\/\/www.cnbb.org.br\/cnbb-app\/wp\/v2\/comments?post=914024"}],"version-history":[{"count":0,"href":"https:\/\/www.cnbb.org.br\/cnbb-app\/wp\/v2\/posts\/914024\/revisions"}],"wp:attachment":[{"href":"https:\/\/www.cnbb.org.br\/cnbb-app\/wp\/v2\/media?parent=914024"}],"wp:term":[{"taxonomy":"category","embeddable":true,"href":"https:\/\/www.cnbb.org.br\/cnbb-app\/wp\/v2\/categories?post=914024"},{"taxonomy":"post_tag","embeddable":true,"href":"https:\/\/www.cnbb.org.br\/cnbb-app\/wp\/v2\/tags?post=914024"}],"curies":[{"name":"wp","href":"https:\/\/api.w.org\/{rel}","templated":true}]}}