{"id":914191,"date":"2022-05-30T11:32:14","date_gmt":"2022-05-30T14:32:14","guid":{"rendered":"https:\/\/www.cnbb.org.br\/?p=914191"},"modified":"2022-05-30T11:32:44","modified_gmt":"2022-05-30T14:32:44","slug":"a-bahia-e-o-papa","status":"publish","type":"post","link":"https:\/\/www.cnbb.org.br\/a-bahia-e-o-papa\/","title":{"rendered":"A Bahia e o Papa"},"content":{"rendered":"<p style=\"text-align: right;\"><strong>Cardeal Sergio da Rocha\u00a0<\/strong><br \/>\n<strong>Arcebispo de Salvador (BA)<\/strong><\/p>\n<p style=\"text-align: right;\"><strong>\u00a0<\/strong><\/p>\n<p style=\"text-align: justify;\"><span data-contrast=\"auto\">Os Bispos da Bahia estiveram em visita ao Papa Francisco e \u00e0 C\u00faria Romana, juntamente com os bispos de Sergipe, realizando uma visita muito especial, denominada \u201cvisita ad limina apostolorum\u201d ou simplesmente \u201cvisita ad limina\u201d, express\u00e3o latina que se refere \u00e0 visita ao t\u00famulo dos ap\u00f3stolos Pedro e Paulo, que se encontram em Roma nas bas\u00edlicas de S\u00e3o Pedro no Vaticano e de S\u00e3o Paulo \u201cfora dos muros\u201d. Neste sentido, trata-se de uma verdadeira peregrina\u00e7\u00e3o.\u00a0<\/span><span data-ccp-props=\"{&quot;201341983&quot;:0,&quot;335551550&quot;:6,&quot;335551620&quot;:6,&quot;335559731&quot;:708,&quot;335559739&quot;:160,&quot;335559740&quot;:360}\">\u00a0<\/span><\/p>\n<p style=\"text-align: justify;\"><span data-contrast=\"auto\">A <\/span><i><span data-contrast=\"auto\">visita ad limina<\/span><\/i><span data-contrast=\"auto\"> \u00e9 uma ocasi\u00e3o singular para expressar a comunh\u00e3o eclesial com a S\u00e9 Apost\u00f3lica, de modo especial, a unidade com o Sucessor do Ap\u00f3stolo Pedro, o Papa Francisco. Nela, os bispos t\u00eam a oportunidade de estabelecer di\u00e1logo sobre a realidade vivida pela Igreja no nordeste brasileiro e de acolher orienta\u00e7\u00f5es sobre a miss\u00e3o a ser desenvolvida diante dos desafios encontrados. Ela deveria ocorrer a cada cinco anos\u00a0\u00a0 precedida sempre de um relat\u00f3rio sobre a diocese, denominado justamente \u201cquinquenal\u201d, mas a \u00faltima ocorreu no pontificado de Bento XVI, tendo sido adiada diversas vezes devido \u00e0 mudan\u00e7a de Papa e \u00e0 pandemia.\u00a0<\/span><span data-ccp-props=\"{&quot;201341983&quot;:0,&quot;335551550&quot;:6,&quot;335551620&quot;:6,&quot;335559731&quot;:708,&quot;335559739&quot;:160,&quot;335559740&quot;:360}\">\u00a0<\/span><\/p>\n<p style=\"text-align: justify;\"><span data-contrast=\"auto\">Marcada pela agrad\u00e1vel conviv\u00eancia fraterna e pelo encontro com o Papa Francisco, a <\/span><i><span data-contrast=\"auto\">visita ad limina<\/span><\/i><span data-contrast=\"auto\"> dos bispos da Bahia e de Sergipe, que formam o Regional Nordeste 3 da CNBB, teve uma programa\u00e7\u00e3o intensa, com muitas atividades concentradas em uma semana, incluindo-se as reuni\u00f5es na C\u00faria Romana e as missas nas quatro bas\u00edlicas maiores de Roma: S. Pedro, S. Paulo, S. Jo\u00e3o de Latr\u00e3o e Sta. Maria Maior.\u00a0<\/span><span data-ccp-props=\"{&quot;201341983&quot;:0,&quot;335551550&quot;:6,&quot;335551620&quot;:6,&quot;335559731&quot;:708,&quot;335559739&quot;:160,&quot;335559740&quot;:360}\">\u00a0<\/span><\/p>\n<p style=\"text-align: justify;\"><span data-contrast=\"auto\">O encontro com o Papa Francisco, ocorrido na manh\u00e3 de 27 de maio, foi marcado pela generosa acolhida fraterna, pela sua habitual simplicidade, bom humor e afetuosa estima pelo Brasil. Podemos dizer que a Bahia entrou no Vaticano atrav\u00e9s dos bispos que atuam no Estado, que puderam compartilhar com o Papa as alegrias, dores e esperan\u00e7as do povo baiano.\u00a0 Sa\u00edmos do Vaticano deixando a Bahia no cora\u00e7\u00e3o e nas ora\u00e7\u00f5es do Papa. A mem\u00f3ria de Santa Dulce dos Pobres, canonizada por Francisco, esteve presente atrav\u00e9s do livro a ele ofertado sobre o \u201canjo bom da Bahia\u201d e do Brasil, que se torna, sempre mais, o anjo bom para o mundo t\u00e3o necessitado de caridade e de paz. Ele agradeceu vivamente e nos convidou a imit\u00e1-la no servi\u00e7o aos pobres.<\/span><span data-ccp-props=\"{&quot;201341983&quot;:0,&quot;335551550&quot;:6,&quot;335551620&quot;:6,&quot;335559731&quot;:708,&quot;335559739&quot;:160,&quot;335559740&quot;:360}\">\u00a0<\/span><\/p>\n<p style=\"text-align: justify;\"><span data-contrast=\"auto\">Transmitimos ao Papa a imensa gratid\u00e3o, as ora\u00e7\u00f5es e o amor da Igreja na Bahia e Sergipe, por ele, principalmente o afetuoso abra\u00e7o e o pedido de ben\u00e7\u00e3os de in\u00fameras pessoas que acolhem os seus ensinamentos, admiram o seu testemunho de amor aos pobres e sofredores e agradecem o seu incans\u00e1vel empenho em favor da paz. O Papa Francisco que acolheu generosamente a Bahia, representada pelos bispos, na <\/span><i><span data-contrast=\"auto\">visita ad limina<\/span><\/i><span data-contrast=\"auto\">, est\u00e1 no cora\u00e7\u00e3o do povo baiano que muito o ama e admira. \u201cPor favor, n\u00e3o se esque\u00e7am de rezar por mim\u201d, repete sempre o Papa, com humildade e confian\u00e7a em Deus, sabedor dos desafios de sua exigente miss\u00e3o.<\/span><span data-ccp-props=\"{&quot;201341983&quot;:0,&quot;335551550&quot;:6,&quot;335551620&quot;:6,&quot;335559731&quot;:708,&quot;335559739&quot;:160,&quot;335559740&quot;:360}\">\u00a0<\/span><\/p>\n<p style=\"text-align: justify;\"><span data-ccp-props=\"{&quot;201341983&quot;:0,&quot;335551550&quot;:6,&quot;335551620&quot;:6,&quot;335559731&quot;:708,&quot;335559739&quot;:160,&quot;335559740&quot;:360}\">\u00a0<\/span><\/p>\n<p style=\"text-align: justify;\"><span data-contrast=\"auto\">*Artigo publicado no jornal Correio no dia 30 de maio de 2022.<\/span><span data-ccp-props=\"{&quot;201341983&quot;:0,&quot;335551550&quot;:6,&quot;335551620&quot;:6,&quot;335559739&quot;:160,&quot;335559740&quot;:360}\">\u00a0<\/span><\/p>\n","protected":false},"excerpt":{"rendered":"<p>Cardeal Sergio da Rocha\u00a0 Arcebispo de Salvador (BA) \u00a0 Os Bispos da Bahia estiveram em visita ao Papa Francisco e \u00e0 C\u00faria Romana, juntamente com os bispos de Sergipe, realizando uma visita muito especial, denominada \u201cvisita ad limina apostolorum\u201d ou simplesmente \u201cvisita ad limina\u201d, express\u00e3o latina que se refere \u00e0 visita ao t\u00famulo dos ap\u00f3stolos &hellip;<\/p>\n<p class=\"read-more\"> <a class=\"\" href=\"https:\/\/www.cnbb.org.br\/a-bahia-e-o-papa\/\"> <span class=\"screen-reader-text\">A Bahia e o Papa<\/span> Leia mais &raquo;<\/a><\/p>\n","protected":false},"author":78,"featured_media":0,"comment_status":"open","ping_status":"open","sticky":false,"template":"","format":"standard","meta":{"site-sidebar-layout":"default","site-content-layout":"default","ast-global-header-display":"","ast-banner-title-visibility":"","ast-main-header-display":"","ast-hfb-above-header-display":"","ast-hfb-below-header-display":"","ast-hfb-mobile-header-display":"","site-post-title":"","ast-breadcrumbs-content":"","ast-featured-img":"","footer-sml-layout":"","theme-transparent-header-meta":"default","adv-header-id-meta":"","stick-header-meta":"","header-above-stick-meta":"","header-main-stick-meta":"","header-below-stick-meta":""},"categories":[758],"tags":[],"acf":[],"_links":{"self":[{"href":"https:\/\/www.cnbb.org.br\/cnbb-app\/wp\/v2\/posts\/914191"}],"collection":[{"href":"https:\/\/www.cnbb.org.br\/cnbb-app\/wp\/v2\/posts"}],"about":[{"href":"https:\/\/www.cnbb.org.br\/cnbb-app\/wp\/v2\/types\/post"}],"author":[{"embeddable":true,"href":"https:\/\/www.cnbb.org.br\/cnbb-app\/wp\/v2\/users\/78"}],"replies":[{"embeddable":true,"href":"https:\/\/www.cnbb.org.br\/cnbb-app\/wp\/v2\/comments?post=914191"}],"version-history":[{"count":0,"href":"https:\/\/www.cnbb.org.br\/cnbb-app\/wp\/v2\/posts\/914191\/revisions"}],"wp:attachment":[{"href":"https:\/\/www.cnbb.org.br\/cnbb-app\/wp\/v2\/media?parent=914191"}],"wp:term":[{"taxonomy":"category","embeddable":true,"href":"https:\/\/www.cnbb.org.br\/cnbb-app\/wp\/v2\/categories?post=914191"},{"taxonomy":"post_tag","embeddable":true,"href":"https:\/\/www.cnbb.org.br\/cnbb-app\/wp\/v2\/tags?post=914191"}],"curies":[{"name":"wp","href":"https:\/\/api.w.org\/{rel}","templated":true}]}}