{"id":914196,"date":"2022-05-30T11:37:22","date_gmt":"2022-05-30T14:37:22","guid":{"rendered":"https:\/\/www.cnbb.org.br\/?p=914196"},"modified":"2022-05-30T11:37:39","modified_gmt":"2022-05-30T14:37:39","slug":"7-domingo-da-pascoa-ascensao-do-senhor","status":"publish","type":"post","link":"https:\/\/www.cnbb.org.br\/7-domingo-da-pascoa-ascensao-do-senhor\/","title":{"rendered":"7\u00b0 Domingo da P\u00e1scoa: Ascens\u00e3o do Senhor"},"content":{"rendered":"<p style=\"text-align: right;\"><b><span data-contrast=\"none\">Dom Carmo Jo\u00e3o Rhoden<br \/>\n<\/span><\/b><b><span data-contrast=\"none\">Bispo Em\u00e9rito de Taubat\u00e9\u00a0 (SP)<\/span><\/b><\/p>\n<p style=\"text-align: right;\"><span data-ccp-props=\"{&quot;201341983&quot;:0,&quot;335551550&quot;:2,&quot;335551620&quot;:2,&quot;335559739&quot;:160,&quot;335559740&quot;:257}\">\u00a0<\/span><\/p>\n<p style=\"text-align: justify;\"><b><span data-contrast=\"auto\">Ali, ergueu as m\u00e3os e aben\u00e7oou-os. Enquanto os aben\u00e7oava, afastou-se deles e foi levado para o c\u00e9u. (Lc24,50b-51)<\/span><\/b><span data-ccp-props=\"{&quot;201341983&quot;:0,&quot;335551550&quot;:2,&quot;335551620&quot;:2,&quot;335559739&quot;:160,&quot;335559740&quot;:259}\">\u00a0<\/span><\/p>\n<p style=\"text-align: justify;\"><b><span data-contrast=\"auto\">56\u00b0 Dia Mundial das Comunica\u00e7\u00f5es Sociais: tema escolhido pelo Papa \u201cEscutai.\u201d<\/span><\/b><span data-ccp-props=\"{&quot;201341983&quot;:0,&quot;335559731&quot;:708,&quot;335559739&quot;:160,&quot;335559740&quot;:259}\">\u00a0<\/span><\/p>\n<p style=\"text-align: justify;\"><b><span data-contrast=\"auto\">1\u00b0<\/span><\/b><span data-contrast=\"auto\"> Jesus Cristo do Pai veio e ao Pai haveria de voltar. Tinha cumprido sua miss\u00e3o. Mesmo sofrendo muito, sendo crucificado e morto injustamente, venceu. Ressuscitou.\u00a0 Voltou glorioso ao Pai. Com Ele (Pai) envia o Esp\u00edrito Santo que deve ser ouvido e obedecido, pois, continuar\u00e1 a obra do Ressuscitado.<\/span><span data-ccp-props=\"{&quot;201341983&quot;:0,&quot;335551550&quot;:6,&quot;335551620&quot;:6,&quot;335559739&quot;:160,&quot;335559740&quot;:259}\">\u00a0<\/span><\/p>\n<p style=\"text-align: justify;\"><b><span data-contrast=\"auto\">2\u00b0<\/span><\/b><span data-contrast=\"auto\"> Aos ap\u00f3stolos e disc\u00edpulos cabe ser suas testemunhas, at\u00e9 o fim do mundo. Devem evangelizar e servir. H\u00e3o de sofrer tamb\u00e9m. Mas pela f\u00e9 e amor vencer\u00e3o, como o Mestre. Voltando ao Pai, Jesus aben\u00e7oou aos ap\u00f3stolos, a quem confiou Sua miss\u00e3o. Esta \u00e9, hoje, a nossa. Pergunto: o Evangelho est\u00e1 em boas m\u00e3os?<\/span><span data-ccp-props=\"{&quot;201341983&quot;:0,&quot;335551550&quot;:6,&quot;335551620&quot;:6,&quot;335559739&quot;:160,&quot;335559740&quot;:259}\">\u00a0<\/span><\/p>\n<p style=\"text-align: justify;\"><b><span data-contrast=\"auto\">3\u00b0<\/span><\/b><span data-contrast=\"auto\"> Hoje, \u00e9 o 56\u00b0 anivers\u00e1rio do dia das comunica\u00e7\u00f5es cuja\u00a0 tema \u00e9, \u201cEscutai\u201d lembrado pelo Papa Francisco. Toda pessoa \u00e9 rela\u00e7\u00e3o. \u00c9 comunica\u00e7\u00e3o. Por isso, deve aprender a \u201cescutar\u201d antes de falar. De fato, \u00e9 preciso escutar mais, falar menos e relacionar-nos melhor. Como vivenciaremos a mensagem do s\u00ednodo, sem ouvir e sem conviver fraternamente? Como ouviremos, sem que haja evangelizadores? E como haver\u00e1 evangelizadores, sem que, estes sejam enviados? N\u00f3s todos somos enviados. Como assumimos nossa miss\u00e3o? Onde, os crist\u00e3os n\u00e3o divulgam a palavra de Deus, os maus semeiam, desuni\u00e3o, agress\u00f5es, viol\u00eancias e at\u00e9 guerras. N\u00e3o \u00e9 o que vemos?\u00a0\u00a0\u00a0\u00a0<\/span><span data-ccp-props=\"{&quot;201341983&quot;:0,&quot;335551550&quot;:6,&quot;335551620&quot;:6,&quot;335559739&quot;:160,&quot;335559740&quot;:259}\">\u00a0<\/span><\/p>\n<p><span data-ccp-props=\"{&quot;201341983&quot;:0,&quot;335559739&quot;:160,&quot;335559740&quot;:257}\">\u00a0<\/span><\/p>\n<p>&nbsp;<\/p>\n","protected":false},"excerpt":{"rendered":"<p>Dom Carmo Jo\u00e3o Rhoden Bispo Em\u00e9rito de Taubat\u00e9\u00a0 (SP) \u00a0 Ali, ergueu as m\u00e3os e aben\u00e7oou-os. Enquanto os aben\u00e7oava, afastou-se deles e foi levado para o c\u00e9u. (Lc24,50b-51)\u00a0 56\u00b0 Dia Mundial das Comunica\u00e7\u00f5es Sociais: tema escolhido pelo Papa \u201cEscutai.\u201d\u00a0 1\u00b0 Jesus Cristo do Pai veio e ao Pai haveria de voltar. Tinha cumprido sua miss\u00e3o. &hellip;<\/p>\n<p class=\"read-more\"> <a class=\"\" href=\"https:\/\/www.cnbb.org.br\/7-domingo-da-pascoa-ascensao-do-senhor\/\"> <span class=\"screen-reader-text\">7\u00b0 Domingo da P\u00e1scoa: Ascens\u00e3o do Senhor<\/span> Leia mais &raquo;<\/a><\/p>\n","protected":false},"author":132,"featured_media":0,"comment_status":"open","ping_status":"open","sticky":false,"template":"","format":"standard","meta":{"site-sidebar-layout":"default","site-content-layout":"default","ast-global-header-display":"","ast-banner-title-visibility":"","ast-main-header-display":"","ast-hfb-above-header-display":"","ast-hfb-below-header-display":"","ast-hfb-mobile-header-display":"","site-post-title":"","ast-breadcrumbs-content":"","ast-featured-img":"","footer-sml-layout":"","theme-transparent-header-meta":"default","adv-header-id-meta":"","stick-header-meta":"","header-above-stick-meta":"","header-main-stick-meta":"","header-below-stick-meta":""},"categories":[758],"tags":[],"acf":[],"_links":{"self":[{"href":"https:\/\/www.cnbb.org.br\/cnbb-app\/wp\/v2\/posts\/914196"}],"collection":[{"href":"https:\/\/www.cnbb.org.br\/cnbb-app\/wp\/v2\/posts"}],"about":[{"href":"https:\/\/www.cnbb.org.br\/cnbb-app\/wp\/v2\/types\/post"}],"author":[{"embeddable":true,"href":"https:\/\/www.cnbb.org.br\/cnbb-app\/wp\/v2\/users\/132"}],"replies":[{"embeddable":true,"href":"https:\/\/www.cnbb.org.br\/cnbb-app\/wp\/v2\/comments?post=914196"}],"version-history":[{"count":0,"href":"https:\/\/www.cnbb.org.br\/cnbb-app\/wp\/v2\/posts\/914196\/revisions"}],"wp:attachment":[{"href":"https:\/\/www.cnbb.org.br\/cnbb-app\/wp\/v2\/media?parent=914196"}],"wp:term":[{"taxonomy":"category","embeddable":true,"href":"https:\/\/www.cnbb.org.br\/cnbb-app\/wp\/v2\/categories?post=914196"},{"taxonomy":"post_tag","embeddable":true,"href":"https:\/\/www.cnbb.org.br\/cnbb-app\/wp\/v2\/tags?post=914196"}],"curies":[{"name":"wp","href":"https:\/\/api.w.org\/{rel}","templated":true}]}}