{"id":914414,"date":"2022-06-02T10:17:40","date_gmt":"2022-06-02T13:17:40","guid":{"rendered":"https:\/\/www.cnbb.org.br\/?p=914414"},"modified":"2022-06-02T10:17:40","modified_gmt":"2022-06-02T13:17:40","slug":"arquidioceses-do-regional-nordeste-2-mobilizam-se-para-apoio-as-vitimas-das-chuvas-em-alagoas-e-pernambuco","status":"publish","type":"post","link":"https:\/\/www.cnbb.org.br\/arquidioceses-do-regional-nordeste-2-mobilizam-se-para-apoio-as-vitimas-das-chuvas-em-alagoas-e-pernambuco\/","title":{"rendered":"Arquidioceses do Regional Nordeste 2 mobilizam-se para apoio \u00e0s v\u00edtimas das chuvas em Alagoas e Pernambuco"},"content":{"rendered":"<p>As arquidioceses de Macei\u00f3 e Natal est\u00e3o mobilizadas para auxiliar as v\u00edtimas das chuvas no Nordeste. Em Alagoas, a arquidiocese arrecada at\u00e9 domingo doa\u00e7\u00f5es para a capital e cidades do interior alagoano. J\u00e1 a Igreja potiguar aderiu \u00e0 campanha SOS Recife e Regi\u00e3o metropolitana.<\/p>\n<h3>Macei\u00f3<\/h3>\n<p><img decoding=\"async\" loading=\"lazy\" class=\"alignleft\" src=\"https:\/\/cnbbne2.org.br\/wp-content\/uploads\/2022\/06\/Campanha-maceio-1024x1024.png\" width=\"232\" height=\"232\" \/>Em Alagoas, a Arquidiocese de Macei\u00f3 realiza a campanha \u201cAjude os desabrigados de Macei\u00f3 e cidades do interior\u201d. O objetivo \u00e9 socorrer mais de 3 mil pessoas de 33 munic\u00edpios alagoanos que decretaram situa\u00e7\u00e3o de emerg\u00eancia, devido \u00e0s fortes chuvas que atingiram o estado no fim de maio.<\/p>\n<p>A Igreja est\u00e1 recolhendo roupas, agasalhos, cobertores, alimentos n\u00e3o perec\u00edveis, \u00e1gua, leite, material de higiene pessoal e itens de limpeza. Os donativos podem ser entregues em qualquer uma das 60 par\u00f3quias da arquidiocese.<\/p>\n<blockquote><p>\u201cO momento \u00e9 dif\u00edcil e estou pedindo a todos e a todas. Come\u00e7aremos atendendo os desabrigados da capital, par\u00f3quias do Setor Lagoa, e atentos para a situa\u00e7\u00e3o das par\u00f3quias do interior\u201d, afirmou o arcebispo de Macei\u00f3, dom Ant\u00f4nio Muniz Fernandes.<\/p><\/blockquote>\n<p>A a\u00e7\u00e3o emergencial segue at\u00e9 o domingo (5), Solenidade de Pentecostes. Nesse dia, as doa\u00e7\u00f5es tamb\u00e9m ser\u00e3o recolhidas no Gin\u00e1sio do Sesi.<\/p>\n<h3>Natal<\/h3>\n<p><img decoding=\"async\" loading=\"lazy\" class=\"alignleft\" src=\"https:\/\/cnbbne2.org.br\/wp-content\/uploads\/2022\/06\/WhatsApp-Image-2022-05-31-at-12.02.30-PM.jpeg\" width=\"317\" height=\"317\" \/>A Arquidiocese de Natal (RN), sensibilizada com a situa\u00e7\u00e3o de calamidade em consequ\u00eancia do per\u00edodo chuvoso em Pernambuco, aderiu \u00e0 campanha emergencial \u201cSOS Recife e Regi\u00e3o Metropolitana\u201d. At\u00e9 domingo (5), a Igreja potiguar est\u00e1 recolhendo alimentos n\u00e3o perec\u00edveis que ser\u00e3o destinados \u00e0 Arquidiocese de Olinda e Recife.<\/p>\n<p>J\u00e1 s\u00e3o 122 pessoas que morreram v\u00edtimas das consequ\u00eancias da chuva no Pernambuco, al\u00e9m de mais de 6 mil desabrigadas. A situa\u00e7\u00e3o mais cr\u00edtica \u00e9 a da regi\u00e3o metropolitana, mas ao todo 24 cidades, incluindo as da zona da mata, decretaram estado de emerg\u00eancia.<\/p>\n<p>O arcebispo de Olinda e Recife, dom Fernando Saburido, esteve nesta ter\u00e7a-feira (31), no bairro de Jardim Monte Verde, limite da capital com Jaboat\u00e3o dos Guararapes, onde mais de 20 pessoas morreram soterradas. Em entrevista \u00e0 R\u00e1dio Vaticano, o religioso relatou o cen\u00e1rio \u201cpreocupante\u201d depois de praticamente uma semana de chuvas intensas.<\/p>\n<p>O prelado destacou o trabalho do Corpo de Bombeiros, da Defesa Civil e da popula\u00e7\u00e3o em geral que tem sido muito solid\u00e1ria com as v\u00edtimas.<\/p>\n<blockquote><p>\u201cEstamos completamente envolvidos. No \u00faltimo s\u00e1bado (29), lan\u00e7amos uma campanha para arrecadar alimentos, material de higiene, roupas, len\u00e7\u00f3is, colch\u00f5es e donativos em dinheiro, e as pessoas tem correspondido. A solidariedade tem sido muito grande\u201d, afirmou dom Saburido.<\/p><\/blockquote>\n<h3>Como ajudar?<\/h3>\n<p>Pessoas de qualquer lugar do Brasil podem contribuir com a campanha \u201cSOS Recife e Regi\u00e3o Metropolitana, Solidariedade que Transforma\u201d, que tem o apoio da C\u00e1ritas Brasileira Regional Nordeste 2, por meio de doa\u00e7\u00e3o financeira:<\/p>\n<blockquote><p>\u2013 Chave PIX 29420681000129 (CNPJ)<\/p>\n<p>\u2013 Dep\u00f3sito na Conta: Banco do Brasil \u2013 Ag\u00eancia: 5740-1 \u2013 Conta Corrente: 60.691-0, em favor da C\u00e1ritas Arquidiocesana de Olinda e Recife.<\/p><\/blockquote>\n","protected":false},"excerpt":{"rendered":"<p>Iniciativas em Alagoas e no Pernambuco visam ajudar as fam\u00edlias das capitais e de cidades das respectivas regi\u00f5es metropolitanas. A arquidiocese de Natal, sensibilizada com a situa\u00e7\u00e3o de calamidade em consequ\u00eancia do per\u00edodo chuvoso em Pernambuco, aderiu \u00e0 campanha emergencial de Recife<\/p>\n","protected":false},"author":38,"featured_media":914415,"comment_status":"open","ping_status":"open","sticky":false,"template":"","format":"standard","meta":{"site-sidebar-layout":"default","site-content-layout":"default","ast-global-header-display":"","ast-banner-title-visibility":"","ast-main-header-display":"","ast-hfb-above-header-display":"","ast-hfb-below-header-display":"","ast-hfb-mobile-header-display":"","site-post-title":"","ast-breadcrumbs-content":"","ast-featured-img":"","footer-sml-layout":"","theme-transparent-header-meta":"default","adv-header-id-meta":"","stick-header-meta":"","header-above-stick-meta":"","header-main-stick-meta":"","header-below-stick-meta":""},"categories":[50,770],"tags":[1314],"acf":[],"_links":{"self":[{"href":"https:\/\/www.cnbb.org.br\/cnbb-app\/wp\/v2\/posts\/914414"}],"collection":[{"href":"https:\/\/www.cnbb.org.br\/cnbb-app\/wp\/v2\/posts"}],"about":[{"href":"https:\/\/www.cnbb.org.br\/cnbb-app\/wp\/v2\/types\/post"}],"author":[{"embeddable":true,"href":"https:\/\/www.cnbb.org.br\/cnbb-app\/wp\/v2\/users\/38"}],"replies":[{"embeddable":true,"href":"https:\/\/www.cnbb.org.br\/cnbb-app\/wp\/v2\/comments?post=914414"}],"version-history":[{"count":0,"href":"https:\/\/www.cnbb.org.br\/cnbb-app\/wp\/v2\/posts\/914414\/revisions"}],"wp:featuredmedia":[{"embeddable":true,"href":"https:\/\/www.cnbb.org.br\/cnbb-app\/wp\/v2\/media\/914415"}],"wp:attachment":[{"href":"https:\/\/www.cnbb.org.br\/cnbb-app\/wp\/v2\/media?parent=914414"}],"wp:term":[{"taxonomy":"category","embeddable":true,"href":"https:\/\/www.cnbb.org.br\/cnbb-app\/wp\/v2\/categories?post=914414"},{"taxonomy":"post_tag","embeddable":true,"href":"https:\/\/www.cnbb.org.br\/cnbb-app\/wp\/v2\/tags?post=914414"}],"curies":[{"name":"wp","href":"https:\/\/api.w.org\/{rel}","templated":true}]}}