{"id":914695,"date":"2022-06-06T11:00:25","date_gmt":"2022-06-06T14:00:25","guid":{"rendered":"https:\/\/www.cnbb.org.br\/?p=914695"},"modified":"2022-06-06T11:00:25","modified_gmt":"2022-06-06T14:00:25","slug":"entra-em-vigor-a-praeticate-evangelium-um-ponto-de-chegada-e-de-reinicio","status":"publish","type":"post","link":"https:\/\/www.cnbb.org.br\/entra-em-vigor-a-praeticate-evangelium-um-ponto-de-chegada-e-de-reinicio\/","title":{"rendered":"Entra em vigor a Praeticate Evangelium: &#8220;Um ponto de chegada&#8221; e &#8220;de rein\u00edcio&#8221;"},"content":{"rendered":"<p>Um ponto de chegada e de de rein\u00edcio. Assim destaca o diretor editorial de Vatican News, Andrea Tornielli, sobre a entrada em vigor da Constitui\u00e7\u00e3o Apost\u00f3lica Praedicate Evangelium, do Papa Francisco, sobre a C\u00faria Romana e o seu servi\u00e7o \u00e0 Igreja no mundo. Em editorial publicado neste domingo, o jornalista destaca o caminho feito pela Igreja na constru\u00e7\u00e3o da reforma da c\u00faria e as novidades apresentadas pelo documento.<\/p>\n<p>Segundo conta Tornielli, o caminho da reforma agora conclu\u00eddo dura quase uma d\u00e9cada. As discuss\u00f5es para mudan\u00e7as no funcionamento da C\u00faria Romana tiveram in\u00edcio nas Congrega\u00e7\u00f5es Gerais antes do conclave de 2013.<\/p>\n<p>Duas outras reformas a antecederam: Universi regimini Ecclesiae, de 1967, promulgada por S\u00e3o Paulo VI, e Pastor Bonus, de 1988, promulgada por S\u00e3o Jo\u00e3o Paulo II.<\/p>\n<blockquote><p>&#8220;A prioridade da evangeliza\u00e7\u00e3o e o papel dos leigos s\u00e3o as ideias principais que ligam a nova Constitui\u00e7\u00e3o apost\u00f3lica do Papa Francisco ao Conc\u00edlio Ecum\u00eanico Vaticano II&#8221;, destaca o diretor de Vatican News.<\/p><\/blockquote>\n<h3>Caminho percorrido<\/h3>\n<p>As reformas &#8211; mais por necessidade judicial do que por uma escolha deliberada &#8211; come\u00e7aram com as institui\u00e7\u00f5es econ\u00f4mico-financeiras da Santa S\u00e9. Em 2014, Francisco criou o Conselho para a Economia, que tem a tarefa de supervisionar a gest\u00e3o econ\u00f4mica e supervisionar as estruturas e atividades administrativas e financeiras dos Dicast\u00e9rios da C\u00faria Romana. Ao mesmo tempo, Francisco criou a Secretaria para a Economia, que \u00e9 o Dicast\u00e9rio da C\u00faria de controle e dire\u00e7\u00e3o, respons\u00e1vel pela coordena\u00e7\u00e3o dos assuntos econ\u00f4micos e administrativos da Santa S\u00e9 e do Estado da Cidade do Vaticano. \u00c0 Secretaria para a Economia agora tamb\u00e9m \u00e9 transferida compet\u00eancia sobre o pessoal, que at\u00e9 agora era de responsabilidade da Secretaria de Estado.<\/p>\n<p>Tamb\u00e9m em 2014, o Papa confiou ao Revisor Geral a tarefa de efetuar a revis\u00e3o (audit) dos Dicast\u00e9rios da C\u00faria Romana, das Institui\u00e7\u00f5es vinculadas ou referentes \u00e0 Santa S\u00e9 e das Administra\u00e7\u00f5es do Governatorato do Estado da Cidade do Vaticano.<\/p>\n<p>Um segundo passo ocorreu em 2015, com a cria\u00e7\u00e3o da Secretaria para a Comunica\u00e7\u00e3o, que mais tarde se tornou o Dicast\u00e9rio para a Comunica\u00e7\u00e3o, que incorporou 9 entidades diferentes (do Pontif\u00edcio Conselho para as Comunica\u00e7\u00f5es Sociais aos v\u00e1rios organismos de comunica\u00e7\u00f5 da Santa S\u00e9, da tipografia \u00e0 Livraria Editora Vaticana). A partir de 2018, o novo Dicast\u00e9rio foi confiado \u00e0 lideran\u00e7a de um prefeito leigo.<\/p>\n<p>Em 2016, foi institu\u00eddo o Dicast\u00e9rio para os Leigos, a Fam\u00edlia e a Vida, que unificou as compet\u00eancias e fun\u00e7\u00f5es que haviam pertencido ao Pontif\u00edcio Conselho para os Leigos e ao Pontif\u00edcio Conselho para a Fam\u00edlia. O Dicast\u00e9rio \u00e9 competente em assuntos relacionados \u00e0 promo\u00e7\u00e3o da vida e ao apostolado dos fi\u00e9is leigos, ao cuidado pastoral da juventude, da fam\u00edlia e sua miss\u00e3o, e \u00e0 prote\u00e7\u00e3o e apoio da vida humana.<\/p>\n<p>Em 2016, o Papa instituiu o Dicast\u00e9rio para o Servi\u00e7o do Desenvolvimento Humano Integral. Neste Dicast\u00e9rio conflu\u00edram as compet\u00eancias do Pontif\u00edcio Conselho de Justi\u00e7a e Paz, do Pontif\u00edcio Conselho Cor Unum, do Pontif\u00edcio Conselho para a Pastoral dos Migrantes e Itinerantes e do Pontif\u00edcio Conselho para a Pastoral da Sa\u00fade. O Dicast\u00e9rio tamb\u00e9m \u00e9 respons\u00e1vel pela Caritas Internationalis.<\/p>\n<p>Em novembro de 2017, o Papa tamb\u00e9m fez mudan\u00e7as na Secretaria de Estado, que at\u00e9 ent\u00e3o consistia em duas se\u00e7\u00f5es, Assuntos Gerais (chefiada pelo Substituto) e Rela\u00e7\u00f5es com os Estados (chefiada pelo Secret\u00e1rio para as Rela\u00e7\u00f5es com os Estados). De fato, Francisco estabeleceu uma terceira se\u00e7\u00e3o, chamada Se\u00e7\u00e3o para o Pessoal Diplom\u00e1tico da Santa S\u00e9, refor\u00e7ando o atual escrit\u00f3rio do Delegado para as Representa\u00e7\u00f5es Pontif\u00edcias. A Se\u00e7\u00e3o, que depende da Secretaria de Estado, com seu pr\u00f3prio Secret\u00e1rio, quer demonstrar a aten\u00e7\u00e3o e a proximidade do Papa para com o pessoal diplom\u00e1tico. Trata exclusivamente de assuntos relativos \u00e0s pessoas que trabalham ou se preparam para o servi\u00e7o diplom\u00e1tico da Santa S\u00e9.<\/p>\n<p>Outro passo foi dado em fevereiro de 2022. Com um Motu proprio, o Papa Francisco mudou a estrutura interna da Congrega\u00e7\u00e3o para a Doutrina da F\u00e9, separando claramente as compet\u00eancias doutrin\u00e1rias e disciplinares, estabelecendo duas se\u00e7\u00f5es separadas, e designando um secret\u00e1rio para cada uma delas. O cardeal Prefeito do Dicast\u00e9rio ter\u00e1 ent\u00e3o dois vices. O objetivo da reforma \u00e9 dar a devida import\u00e2ncia tamb\u00e9m \u00e0 se\u00e7\u00e3o doutrin\u00e1ria e seu papel fundamental na promo\u00e7\u00e3o da f\u00e9, sem deixar a atividade disciplinar ficar em segundo plano, ap\u00f3s d\u00e9cadas em que muito esfor\u00e7o e recursos humanos foram despendidos para examinar casos de abuso. Nenhum dos dois novos secret\u00e1rios foi nomeado bispo.<\/p>\n<h3>Novidades<\/h3>\n<p>Isto nos leva ao dia 19 de mar\u00e7o de 2022, com a publica\u00e7\u00e3o da nova Constitui\u00e7\u00e3o, que abrange todo o caminho descrito at\u00e9 agora e introduz outras novidades que completam a reforma. O mais importante: o primeiro dicast\u00e9rio da C\u00faria \u00e9 o para a evangeliza\u00e7\u00e3o, que unifica a Congrega\u00e7\u00e3o para a Evangeliza\u00e7\u00e3o dos Povos e o Pontif\u00edcio Conselho para a Nova Evangeliza\u00e7\u00e3o. Uma escolha que indica a preocupa\u00e7\u00e3o fundamental, voltada para a proclama\u00e7\u00e3o do Evangelho. A peculiaridade \u00e9 que o prefeito deste dicast\u00e9rio torna-se o pr\u00f3prio Papa, que considera o tema da evangeliza\u00e7\u00e3o crucial. Ele ser\u00e1 assistido por dois pr\u00f3-prefeitos (um para a se\u00e7\u00e3o de quest\u00f5es fundamentais da evangeliza\u00e7\u00e3o no mundo; e outro para a se\u00e7\u00e3o para a primeira evangeliza\u00e7\u00e3o e as novas Igrejas particulares).<\/p>\n<p>A segunda novidade refere-se \u00e0 unifica\u00e7\u00e3o no novo Dicast\u00e9rio para a Cultura da ex-Congrega\u00e7\u00e3o para a Educa\u00e7\u00e3o Cat\u00f3lica e do ex-Pont\u00edficio Conselho para Cultura. Ter\u00e1 um \u00fanico prefeito. Uma terceira novidade da Constitui\u00e7\u00e3o \u00e9 a transforma\u00e7\u00e3o da Esmolaria apost\u00f3lica, at\u00e9 hoje um simples escrit\u00f3rio, que se torna agora o terceiro Dicast\u00e9rio da C\u00faria romana chamado \u201cDicast\u00e9rio para o servi\u00e7o da caridade\u201d. Uma quarta novidade \u00e9 a defini\u00e7\u00e3o com a qual \u00e9 citado um organismo que n\u00e3o faz parte da C\u00faria romana: a que at\u00e9 o momento era chamada \u201cSecretaria geral do S\u00ednodo dos Bispos\u201d, agora se torna simplesmente \u201cSecretaria geral do S\u00ednodo\u201d.<\/p>\n<p>Outra novidade da Constitui\u00e7\u00e3o \u00e9 representada pelo fato de que os chefes de Dicast\u00e9rio \u2013 nem mesmo aqueles das antigas congrega\u00e7\u00f5es &#8211; n\u00e3o precisam mais ser cardeais. Al\u00e9m do cardeal Carmerlendo, os \u00fanicos dois cardeais mencionados no &#8220;Praedicate Evangelium&#8221; s\u00e3o o Prefeito do Tribunal da Assinatura Apost\u00f3lica e o coordenador do Conselho para a Economia. O Papa tamb\u00e9m estabeleceu que as nomea\u00e7\u00f5es para cl\u00e9rigos e religiosos na C\u00faria sejam por cinco anos, renov\u00e1veis por um segundo per\u00edodo de cinco anos, com maior mobilidade e interc\u00e2mbio entre Roma e as Igrejas locais.<\/p>\n<p>Finalmente, h\u00e1 um elemento significativo da nova Constitui\u00e7\u00e3o destinado a condicionar, em seus futuros desenvolvimentos, tamb\u00e9m a concretude da vida das Igrejas locais e de suas estruturas. O Papa Francisco recorda no Pre\u00e2mbulo da Constitui\u00e7\u00e3o que &#8220;Todo crist\u00e3o, em virtude do Batismo, \u00e9 um disc\u00edpulo mission\u00e1rio na medida em que encontrou o amor de Deus em Cristo Jesus&#8221;. Da\u00ed o envolvimento de leigos e leigas em pap\u00e9is de governo e responsabilidade. Se &#8220;qualquer fiel&#8221; pode presidir um Dicast\u00e9rio ou um organismo curial, &#8220;dada sua particular compet\u00eancia, poder de governo e fun\u00e7\u00e3o particular&#8221;, \u00e9 porque cada institui\u00e7\u00e3o da C\u00faria age em virtude do poder que lhe foi confiado pelo Papa.<\/p>\n<p>&nbsp;<\/p>\n<pre>Com informa\u00e7\u00f5es de Vatican News<\/pre>\n","protected":false},"excerpt":{"rendered":"<p>Em editorial publicado neste domingo, o diretor editorial de Vatican News, Andrea Tornielli, destaca o caminho feito pela Igreja na constru\u00e7\u00e3o da reforma da c\u00faria e as novidades apresentadas pela Constitui\u00e7\u00e3o Apost\u00f3lica Praedicate Evangelium, do Papa Francisco, que entrou em vigor no domingo de Pentecostes, 5 de junho<\/p>\n","protected":false},"author":38,"featured_media":914696,"comment_status":"open","ping_status":"open","sticky":false,"template":"","format":"standard","meta":{"site-sidebar-layout":"default","site-content-layout":"default","ast-global-header-display":"","ast-banner-title-visibility":"","ast-main-header-display":"","ast-hfb-above-header-display":"","ast-hfb-below-header-display":"","ast-hfb-mobile-header-display":"","site-post-title":"","ast-breadcrumbs-content":"","ast-featured-img":"","footer-sml-layout":"","theme-transparent-header-meta":"default","adv-header-id-meta":"","stick-header-meta":"","header-above-stick-meta":"","header-main-stick-meta":"","header-below-stick-meta":""},"categories":[1840,784],"tags":[3449,4520],"acf":[],"_links":{"self":[{"href":"https:\/\/www.cnbb.org.br\/cnbb-app\/wp\/v2\/posts\/914695"}],"collection":[{"href":"https:\/\/www.cnbb.org.br\/cnbb-app\/wp\/v2\/posts"}],"about":[{"href":"https:\/\/www.cnbb.org.br\/cnbb-app\/wp\/v2\/types\/post"}],"author":[{"embeddable":true,"href":"https:\/\/www.cnbb.org.br\/cnbb-app\/wp\/v2\/users\/38"}],"replies":[{"embeddable":true,"href":"https:\/\/www.cnbb.org.br\/cnbb-app\/wp\/v2\/comments?post=914695"}],"version-history":[{"count":0,"href":"https:\/\/www.cnbb.org.br\/cnbb-app\/wp\/v2\/posts\/914695\/revisions"}],"wp:featuredmedia":[{"embeddable":true,"href":"https:\/\/www.cnbb.org.br\/cnbb-app\/wp\/v2\/media\/914696"}],"wp:attachment":[{"href":"https:\/\/www.cnbb.org.br\/cnbb-app\/wp\/v2\/media?parent=914695"}],"wp:term":[{"taxonomy":"category","embeddable":true,"href":"https:\/\/www.cnbb.org.br\/cnbb-app\/wp\/v2\/categories?post=914695"},{"taxonomy":"post_tag","embeddable":true,"href":"https:\/\/www.cnbb.org.br\/cnbb-app\/wp\/v2\/tags?post=914695"}],"curies":[{"name":"wp","href":"https:\/\/api.w.org\/{rel}","templated":true}]}}