{"id":914700,"date":"2022-06-06T11:32:01","date_gmt":"2022-06-06T14:32:01","guid":{"rendered":"https:\/\/www.cnbb.org.br\/?p=914700"},"modified":"2022-06-06T11:32:32","modified_gmt":"2022-06-06T14:32:32","slug":"recebei-o-espirito-santo","status":"publish","type":"post","link":"https:\/\/www.cnbb.org.br\/recebei-o-espirito-santo\/","title":{"rendered":"Recebei o Esp\u00edrito Santo\u00a0"},"content":{"rendered":"<p style=\"text-align: right;\"><b><span data-contrast=\"auto\">Cardeal Orani Jo\u00e3o Tempesta<br \/>\n<\/span><\/b><b><span data-contrast=\"auto\">Arcebispo do Rio de Janeiro (RJ)<\/span><\/b><span data-ccp-props=\"{&quot;201341983&quot;:0,&quot;335551550&quot;:3,&quot;335551620&quot;:3,&quot;335559739&quot;:160,&quot;335559740&quot;:259}\">\u00a0<\/span><\/p>\n<p style=\"text-align: justify;\"><span data-ccp-props=\"{&quot;201341983&quot;:0,&quot;335551550&quot;:6,&quot;335551620&quot;:6,&quot;335559731&quot;:708,&quot;335559739&quot;:160,&quot;335559740&quot;:259}\"><\/p>\n<p><\/span><\/p>\n<p style=\"text-align: justify;\"><span data-contrast=\"auto\">Celebramos nesse Domingo, dia 05 de junho, a Solenidade de Pentecostes. Com essa solenidade encerramos o tempo pascal, que se iniciou com a Vig\u00edlia Pascal, no s\u00e1bado santo. Durante cinquenta dias vivemos as alegrias da ressurrei\u00e7\u00e3o e agora com a solenidade de Pentecostes encerramos esse tempo e a partir de amanh\u00e3 reiniciaremos o tempo comum. O Esp\u00edrito Santo nos acompanhar\u00e1 durante esse per\u00edodo e do mesmo modo que Jesus envia os disc\u00edpulos em miss\u00e3o no dia de Pentecostes, Ele nos envia hoje.\u00a0<\/span><span data-ccp-props=\"{&quot;201341983&quot;:0,&quot;335551550&quot;:6,&quot;335551620&quot;:6,&quot;335559731&quot;:708,&quot;335559739&quot;:160,&quot;335559740&quot;:259}\">\u00a0<\/span><\/p>\n<p style=\"text-align: justify;\"><span data-contrast=\"auto\">Ao final da \u00faltima celebra\u00e7\u00e3o de hoje o C\u00edrio Pascal ser\u00e1 apagado e ser\u00e1 aceso somente nas celebra\u00e7\u00f5es de batismo, primeira eucaristia, crisma e nas ex\u00e9quias eclesi\u00e1sticas. O Cristo Ressuscitado deve continuar vivo em nossos cora\u00e7\u00f5es e nossa vida deve transmitir a luz de Cristo. Atrav\u00e9s do batismo somos chamados a ser sacerdotes, profetas e reis e ainda, sal na terra e luz no mundo. A luz do ressuscitado nos acompanhar\u00e1 em nossa miss\u00e3o e temos que refletir essa luz a quem encontrarmos.\u00a0<\/span><span data-ccp-props=\"{&quot;201341983&quot;:0,&quot;335551550&quot;:6,&quot;335551620&quot;:6,&quot;335559731&quot;:708,&quot;335559739&quot;:160,&quot;335559740&quot;:259}\">\u00a0<\/span><\/p>\n<p style=\"text-align: justify;\"><span data-contrast=\"auto\">Nessa celebra\u00e7\u00e3o acontece tamb\u00e9m a aspers\u00e3o com a \u00e1gua benta, igual acontece nas grandes solenidades, como o Natal, Vig\u00edlia Pascal e P\u00e1scoa. A aspers\u00e3o substitui o ato penitencial, pois somos convidados a morrer para o pecado e a ressurgir para uma vida nova. A \u00e1gua do batismo nos regenera e nos faz novas criaturas livres do pecado. Nessa celebra\u00e7\u00e3o, tamb\u00e9m como nas outras solenidades t\u00eam a sequ\u00eancia, pedindo que des\u00e7a sobre n\u00f3s a luz do Esp\u00edrito Santo para sermos testemunhas de Jesus Cristo onde estivermos e ainda, pedir sobre n\u00f3s os dons do Esp\u00edrito Santo.\u00a0<\/span><span data-ccp-props=\"{&quot;201341983&quot;:0,&quot;335551550&quot;:6,&quot;335551620&quot;:6,&quot;335559731&quot;:708,&quot;335559739&quot;:160,&quot;335559740&quot;:259}\">\u00a0<\/span><\/p>\n<p style=\"text-align: justify;\"><span data-contrast=\"auto\">O Esp\u00edrito conduz e guia a Igreja de Cristo, \u00e9 gra\u00e7as a a\u00e7\u00e3o do Esp\u00edrito Santo que apesar dos ventos contr\u00e1rios que d\u00e3o contra a Igreja, a Igreja permanece de p\u00e9 e continua a sua miss\u00e3o. \u00c9 gra\u00e7as ao Esp\u00edrito Santo que temos sempre novos batizados e a Igreja sempre se renova.\u00a0<\/span><span data-ccp-props=\"{&quot;201341983&quot;:0,&quot;335551550&quot;:6,&quot;335551620&quot;:6,&quot;335559731&quot;:708,&quot;335559739&quot;:160,&quot;335559740&quot;:259}\">\u00a0<\/span><\/p>\n<p style=\"text-align: justify;\"><span data-contrast=\"auto\">Hoje recordamos o dia em que o mist\u00e9rio pascal atingiu a sua plenitude, no dom do Esp\u00edrito Santo derramado sobre a Igreja primitiva. Da mesma forma que os disc\u00edpulos estavam reunidos no Cen\u00e1culo e desceu sobre eles o Esp\u00edrito Santo, hoje esse mesmo Esp\u00edrito vem sobre cada um de n\u00f3s. Atrav\u00e9s da for\u00e7a do Esp\u00edrito Santo somos chamados a superar os nossos medos e sair para anunciar o Evangelho.\u00a0<\/span><span data-ccp-props=\"{&quot;201341983&quot;:0,&quot;335551550&quot;:6,&quot;335551620&quot;:6,&quot;335559731&quot;:708,&quot;335559739&quot;:160,&quot;335559740&quot;:259}\">\u00a0<\/span><\/p>\n<p style=\"text-align: justify;\"><span data-contrast=\"auto\">A primeira leitura da missa desse Domingo \u00e9 de <\/span><i><span data-contrast=\"auto\">Atos dos Ap\u00f3stolos (2, 1-11),<\/span><\/i><span data-contrast=\"auto\"> durante todo o tempo pascal acompanhamos a primeira leitura sendo do livro de atos dos ap\u00f3stolos, pois retrata o in\u00edcio da Igreja primitiva, ap\u00f3s Jesus ter sido elevado aos c\u00e9us e enviado sobre os disc\u00edpulos o Esp\u00edrito Santo. A leitura de hoje retrata quando os disc\u00edpulos estavam reunidos no cen\u00e1culo no dia de Pentecostes e de repente escutam um barulho vindo do c\u00e9u, eles recebem do alto os dons do Esp\u00edrito Santo e fim cheios desse mesmo Esp\u00edrito. O Esp\u00edrito Santo fazia com que todos os povos residentes em Jerusal\u00e9m escutassem os disc\u00edpulos falarem em sua pr\u00f3pria l\u00edngua. \u00c9 o desejo de Deus de que a Palavra de Deus chegue a todos os povos. A for\u00e7a do Esp\u00edrito Santo deve ir aos quatro cantos da terra. Diferente da torre de Babel no Antigo Testamento, em que ningu\u00e9m entendia o que o outro falava, agora no Novo Testamento, o Esp\u00edrito Santo faz com que a Palavra que \u00e9 anunciada todos entendam.\u00a0<\/span><span data-ccp-props=\"{&quot;201341983&quot;:0,&quot;335551550&quot;:6,&quot;335551620&quot;:6,&quot;335559731&quot;:708,&quot;335559739&quot;:160,&quot;335559740&quot;:259}\">\u00a0<\/span><\/p>\n<p style=\"text-align: justify;\"><span data-contrast=\"auto\">O salmo responsorial \u00e9 o <\/span><i><span data-contrast=\"auto\">103 (104), <\/span><\/i><span data-contrast=\"auto\">o refr\u00e3o do salmo pede que o Senhor envie sobre n\u00f3s o Esp\u00edrito Santo e esse mesmo Esp\u00edrito renove toda a face da terra. Precisamos muito que Deus envie esse Esp\u00edrito Santo nos dias de hoje para renovar a terra, renovar o cora\u00e7\u00e3o das pessoas e que a humanidade semeie a paz.\u00a0<\/span><span data-ccp-props=\"{&quot;201341983&quot;:0,&quot;335551550&quot;:6,&quot;335551620&quot;:6,&quot;335559731&quot;:708,&quot;335559739&quot;:160,&quot;335559740&quot;:259}\">\u00a0<\/span><\/p>\n<p style=\"text-align: justify;\"><span data-contrast=\"auto\">A segunda leitura \u00e9 da primeira carta de S\u00e3o Paulo aos Cor\u00edntios <\/span><i><span data-contrast=\"auto\">(1Cor 12, 3b-7.12-13), <\/span><\/i><span data-contrast=\"auto\">s\u00f3 podemos dizer que Jesus Cristo \u00e9 o Senhor se tivermos em n\u00f3s o Esp\u00edrito Santo. O Esp\u00edrito Santo ilumina a nossa f\u00e9 e nos d\u00e1 o entendimento. N\u00f3s n\u00e3o vimos Jesus Ressuscitado, mas acreditamos que Ele ressuscitou por meio da f\u00e9 e o Esp\u00edrito Santo sustenta a nossa f\u00e9. Todos n\u00f3s fomos batizados num \u00fanico Esp\u00edrito e formamos um s\u00f3 corpo, tendo como cabe\u00e7a Cristo.\u00a0<\/span><span data-ccp-props=\"{&quot;201341983&quot;:0,&quot;335551550&quot;:6,&quot;335551620&quot;:6,&quot;335559731&quot;:708,&quot;335559739&quot;:160,&quot;335559740&quot;:259}\">\u00a0<\/span><\/p>\n<p style=\"text-align: justify;\"><span data-contrast=\"auto\">Paulo fala da realidade pela qual ele vivia, na comunidade de Corinto existiam judeus, gregos, escravos e livres e para n\u00e3o haver briga entre eles, S\u00e3o Paulo recorda que todos foram batizados num \u00fanico Esp\u00edrito em vista de formar um s\u00f3 corpo e beber do Esp\u00edrito Santo que adv\u00e9m de Cristo. A salva\u00e7\u00e3o \u00e9 para todos e Cristo veio para todos e ao inv\u00e9s de brigarem todos devem se unir em Jesus Cristo.\u00a0<\/span><span data-ccp-props=\"{&quot;201341983&quot;:0,&quot;335551550&quot;:6,&quot;335551620&quot;:6,&quot;335559731&quot;:708,&quot;335559739&quot;:160,&quot;335559740&quot;:259}\">\u00a0<\/span><\/p>\n<p style=\"text-align: justify;\"><span data-contrast=\"auto\">O evangelho desse Domingo \u00e9 de Jo\u00e3o <\/span><i><span data-contrast=\"auto\">(Jo 20, 19-23),<\/span><\/i><span data-contrast=\"auto\"> os disc\u00edpulos estavam reunidos no local em que costumavam se encontrar e estavam com as janelas e portas fechadas, por medo dos judeus. Jesus pondo-se no meio deles, disse: <\/span><i><span data-contrast=\"auto\">\u201cA paz esteja convosco\u201d <\/span><\/i><span data-contrast=\"auto\">e depois dessas palavras mostrou-lhes as m\u00e3os e o lado. Os disc\u00edpulos se alegraram por verem Jesus e novamente Jesus anuncia-lhes a paz, e os envia em miss\u00e3o, da mesma forma que o Pai o enviou Ele envia os disc\u00edpulos. Depois de dizer essas palavras sopra sobre o eles o Esp\u00edrito Santo e lhes d\u00e1 o poder de perdoar os pecados de quem os tiver e anunciar o reino de Deus.\u00a0<\/span><span data-ccp-props=\"{&quot;201341983&quot;:0,&quot;335551550&quot;:6,&quot;335551620&quot;:6,&quot;335559731&quot;:708,&quot;335559739&quot;:160,&quot;335559740&quot;:259}\">\u00a0<\/span><\/p>\n<p style=\"text-align: justify;\"><span data-contrast=\"auto\">O an\u00fancio da paz \u00e9 a marca do ressuscitado, toda vez que Ele aparece deseja a paz. Essa paz deve ser recebida por cada um e transmitida aos demais membros da comunidade al\u00e9m disso deve estar em paz com Deus. Os disc\u00edpulos estavam fechados com medo no local em que costumavam se encontrar, o medo aprisiona e n\u00e3o deixa sair do lugar. Por isso, Jesus sopra sobre eles o Esp\u00edrito Santo para que saiam que tenham a for\u00e7a de vencer o medo e sa\u00edrem para anunciar o evangelho. Do mesmo modo n\u00f3s hoje, temos que vencer nossos medos, pedir \u00e0 Deus as luzes do Esp\u00edrito Santo e sair para anunciar o Evangelho.\u00a0<\/span><span data-ccp-props=\"{&quot;201341983&quot;:0,&quot;335551550&quot;:6,&quot;335551620&quot;:6,&quot;335559731&quot;:708,&quot;335559739&quot;:160,&quot;335559740&quot;:259}\">\u00a0<\/span><\/p>\n<p style=\"text-align: justify;\"><span data-contrast=\"auto\">Saiamos sem medo para anunciar a palavra de Deus e pe\u00e7amos nessa celebra\u00e7\u00e3o os dons do Esp\u00edrito Santo sobre n\u00f3s para que nos ajude a tomar a melhor decis\u00e3o diante das diversas situa\u00e7\u00f5es em que nos encontrarmos.\u00a0<\/span><span data-ccp-props=\"{&quot;201341983&quot;:0,&quot;335551550&quot;:6,&quot;335551620&quot;:6,&quot;335559731&quot;:708,&quot;335559739&quot;:160,&quot;335559740&quot;:259}\">\u00a0<\/span><\/p>\n<p><span data-ccp-props=\"{&quot;201341983&quot;:0,&quot;335551550&quot;:6,&quot;335551620&quot;:6,&quot;335559731&quot;:708,&quot;335559739&quot;:160,&quot;335559740&quot;:259}\">\u00a0<\/span><\/p>\n<p>&nbsp;<\/p>\n<p><span data-contrast=\"auto\">\u00a0<\/span><span data-ccp-props=\"{&quot;201341983&quot;:0,&quot;335551550&quot;:6,&quot;335551620&quot;:6,&quot;335559731&quot;:708,&quot;335559739&quot;:160,&quot;335559740&quot;:259}\">\u00a0<\/span><\/p>\n<p><span data-ccp-props=\"{&quot;201341983&quot;:0,&quot;335551550&quot;:6,&quot;335551620&quot;:6,&quot;335559731&quot;:708,&quot;335559739&quot;:160,&quot;335559740&quot;:259}\">\u00a0<\/span><\/p>\n","protected":false},"excerpt":{"rendered":"<p>Cardeal Orani Jo\u00e3o Tempesta Arcebispo do Rio de Janeiro (RJ)\u00a0 Celebramos nesse Domingo, dia 05 de junho, a Solenidade de Pentecostes. Com essa solenidade encerramos o tempo pascal, que se iniciou com a Vig\u00edlia Pascal, no s\u00e1bado santo. Durante cinquenta dias vivemos as alegrias da ressurrei\u00e7\u00e3o e agora com a solenidade de Pentecostes encerramos esse &hellip;<\/p>\n<p class=\"read-more\"> <a class=\"\" href=\"https:\/\/www.cnbb.org.br\/recebei-o-espirito-santo\/\"> <span class=\"screen-reader-text\">Recebei o Esp\u00edrito Santo\u00a0<\/span> Leia mais &raquo;<\/a><\/p>\n","protected":false},"author":31,"featured_media":0,"comment_status":"open","ping_status":"open","sticky":false,"template":"","format":"standard","meta":{"site-sidebar-layout":"default","site-content-layout":"default","ast-global-header-display":"","ast-banner-title-visibility":"","ast-main-header-display":"","ast-hfb-above-header-display":"","ast-hfb-below-header-display":"","ast-hfb-mobile-header-display":"","site-post-title":"","ast-breadcrumbs-content":"","ast-featured-img":"","footer-sml-layout":"","theme-transparent-header-meta":"default","adv-header-id-meta":"","stick-header-meta":"","header-above-stick-meta":"","header-main-stick-meta":"","header-below-stick-meta":""},"categories":[758],"tags":[],"acf":[],"_links":{"self":[{"href":"https:\/\/www.cnbb.org.br\/cnbb-app\/wp\/v2\/posts\/914700"}],"collection":[{"href":"https:\/\/www.cnbb.org.br\/cnbb-app\/wp\/v2\/posts"}],"about":[{"href":"https:\/\/www.cnbb.org.br\/cnbb-app\/wp\/v2\/types\/post"}],"author":[{"embeddable":true,"href":"https:\/\/www.cnbb.org.br\/cnbb-app\/wp\/v2\/users\/31"}],"replies":[{"embeddable":true,"href":"https:\/\/www.cnbb.org.br\/cnbb-app\/wp\/v2\/comments?post=914700"}],"version-history":[{"count":0,"href":"https:\/\/www.cnbb.org.br\/cnbb-app\/wp\/v2\/posts\/914700\/revisions"}],"wp:attachment":[{"href":"https:\/\/www.cnbb.org.br\/cnbb-app\/wp\/v2\/media?parent=914700"}],"wp:term":[{"taxonomy":"category","embeddable":true,"href":"https:\/\/www.cnbb.org.br\/cnbb-app\/wp\/v2\/categories?post=914700"},{"taxonomy":"post_tag","embeddable":true,"href":"https:\/\/www.cnbb.org.br\/cnbb-app\/wp\/v2\/tags?post=914700"}],"curies":[{"name":"wp","href":"https:\/\/api.w.org\/{rel}","templated":true}]}}