{"id":914853,"date":"2022-06-07T14:50:50","date_gmt":"2022-06-07T17:50:50","guid":{"rendered":"https:\/\/www.cnbb.org.br\/?p=914853"},"modified":"2022-06-07T14:56:12","modified_gmt":"2022-06-07T17:56:12","slug":"ssma-trindade-sugestoes-musicas-liturgicas","status":"publish","type":"post","link":"https:\/\/www.cnbb.org.br\/ssma-trindade-sugestoes-musicas-liturgicas\/","title":{"rendered":"Solenidade da Sant\u00edssima Trindade: confira as sugest\u00f5es de m\u00fasicas lit\u00fargicas para a celebra\u00e7\u00e3o"},"content":{"rendered":"<p><span class=\"TextRun SCXW111268567 BCX0\" lang=\"PT-BR\" xml:lang=\"PT-BR\" data-contrast=\"auto\"><span class=\"NormalTextRun SCXW111268567 BCX0\" data-ccp-parastyle=\"Normal (Web)\">O Setor M\u00fasica Lit\u00fargica da Comiss\u00e3o Episcopal Pastoral para a Liturgia da Confer\u00eancia Nacional dos Bispos do Brasil (CNBB) preparou um subs\u00eddio com indica\u00e7\u00f5es de m\u00fasicas lit\u00fargicas para a Solenidade da Sant\u00edssima Trindade, que ser\u00e1 celebrada no pr\u00f3ximo domingo, 12 de junho. <\/span><\/span><\/p>\n<p><span class=\"TextRun SCXW111268567 BCX0\" lang=\"PT-BR\" xml:lang=\"PT-BR\" data-contrast=\"auto\"><span class=\"NormalTextRun SCXW111268567 BCX0\" data-ccp-parastyle=\"Normal (Web)\">As sugest\u00f5es, conforme orienta\u00e7\u00e3o lit\u00fargica, partem do princ\u00edpio de que &#8220;a m\u00fasica \u00e9 parte integrante da Santa Liturgia&#8221;. E, seguindo a Instru\u00e7\u00e3o Geral do Missal Romano, t\u00eam como par\u00e2metro as ant\u00edfonas de entrada, ofert\u00f3rio e comunh\u00e3o extra\u00eddos do Gradual e do Missal Romano.<\/span><\/span><\/p>\n<blockquote><p><span class=\"TextRun SCXW111268567 BCX0\" lang=\"PT-BR\" xml:lang=\"PT-BR\" data-contrast=\"auto\"><span class=\"NormalTextRun SCXW111268567 BCX0\" data-ccp-parastyle=\"Normal (Web)\">Depois de percorremos as etapas mais significativas do Ano Lit\u00fargico, do Ciclo do Natal \u00e0 Solenidade de Pentecostes, desfecho esplendoroso do Ciclo Pascal, nosso prazer e alegria \u00e9 poder resumir todo o caminho feito, celebrando a certeza maior de fazermos parte, em Jesus Cristo, desta Comunh\u00e3o Divina: pelo Esp\u00edrito que Jesus nos enviou, podemos chamar Deus de &#8220;Abba &#8211; Pai!&#8221; Na for\u00e7a do Esp\u00edrito, podemos orar com plena confian\u00e7a &#8220;Pai nosso&#8230;&#8221;. Se nos deixarmos guiar por esse Esp\u00edrito, verdadeiramente seremos filhos e filhas de Deus&#8230; \u00c9 o Amor que nos d\u00e1 essa certeza, inclusive, de sermos, em cristo, herdeiros de Deus, nosso Pai, coerdeiros da sua gl\u00f3ria. <\/span><\/span><\/p><\/blockquote>\n<p>&nbsp;<\/p>\n<p>&nbsp;<\/p>\n<p>Acesse os links diretamente:<\/p>\n<p>&nbsp;<\/p>\n<h2><b><span data-contrast=\"auto\">MISSA DA SOLENIDADE DA SANT\u00cdSSIMA TRINDADE<\/span><\/b><\/h2>\n<p><i>M\u00fasicas extra\u00eddas do Hin\u00e1rio Lit\u00fargico da CNBB com base no Graduale e no Missal Romano<\/i><\/p>\n<p><span data-contrast=\"auto\">\u202f<\/span><span data-ccp-props=\"{&quot;134233117&quot;:true,&quot;134233118&quot;:true,&quot;201341983&quot;:0,&quot;335559740&quot;:240}\">\u00a0<\/span><\/p>\n<p><span data-contrast=\"auto\">Depois de percorremos as etapas mais significativas do Ano Lit\u00fargico, do Ciclo do Natal \u00e0 Solenidade de Pentecostes, desfecho esplendoroso do Ciclo Pascal, nosso prazer e alegria \u00e9 poder resumir todo o caminho feito, celebrando a certeza maior de fazermos parte, em Jesus Cristo, desta Comunh\u00e3o Divina: pelo Esp\u00edrito que Jesus nos enviou, podemos chamar Deus de &#8220;Abba &#8211; Pai!&#8221; Na for\u00e7a do Esp\u00edrito, podemos orar com plena confian\u00e7a &#8220;Pai nosso&#8230;&#8221;. Se nos deixarmos guiar por esse Esp\u00edrito, verdadeiramente seremos filhos e filhas de Deus&#8230; \u00c9 o Amor que nos d\u00e1 essa certeza, inclusive, de sermos, em Cristo, herdeiros de Deus, nosso Pai, coerdeiros da sua gl\u00f3ria. Como vimos no subs\u00eddio anterior, a m\u00fasica \u00e9 parte integrante da Santa Liturgia. Seguindo a IGMR (\u00a748), os par\u00e2metros s\u00e3o as ant\u00edfonas de entrada, ofert\u00f3rio e comunh\u00e3o extra\u00eddos do Gradual e do Missal Romano. <\/span><i><span data-contrast=\"auto\">(Reginaldo Veloso, Hin\u00e1rio Lit\u00fargico da CNBB \u2013 Tempo Comum \u2013 Vol. III, Paulus|CNBB, p\u00e1g. 231)<\/span><\/i><span data-ccp-props=\"{&quot;134233117&quot;:true,&quot;134233118&quot;:true,&quot;201341983&quot;:0,&quot;335551550&quot;:6,&quot;335551620&quot;:6,&quot;335559740&quot;:240}\">\u00a0<\/span><\/p>\n<p><span data-contrast=\"auto\">\u202f<\/span><span data-ccp-props=\"{&quot;134233117&quot;:true,&quot;134233118&quot;:true,&quot;201341983&quot;:0,&quot;335559740&quot;:240}\">\u00a0<\/span><\/p>\n<h4><b><span data-contrast=\"auto\">CANTO DE ENTRADA DO DIA:\u00a0<\/span><\/b><span data-ccp-props=\"{&quot;134233117&quot;:true,&quot;134233118&quot;:true,&quot;201341983&quot;:0,&quot;335559740&quot;:240}\">\u00a0<\/span><\/h4>\n<p><i><span data-contrast=\"none\">ANT\u00cdFONA: &#8220;Bendito seja Deus Pai, bendito seja o Filho unig\u00eanito e bendito o Esp\u00edrito Santo. Deus foi misericordioso para conosco.\u00a0<\/span><\/i><span data-ccp-props=\"{&quot;134233117&quot;:true,&quot;134233118&quot;:true,&quot;201341983&quot;:0,&quot;335559740&quot;:240}\">\u00a0<\/span><\/p>\n<p><i><span data-contrast=\"auto\">A Igreja manifesta atrav\u00e9s desta ant\u00edfona presente no Missal Romano, que devemos reder gra\u00e7as a Deus por toda miseric\u00f3rdia que ele tem para os seus filhos. Apesar de nossos pecados, Deus nos tem cumulado de ben\u00e7\u00e3os ao longo dos s\u00e9culos. Bendita seja a Sant\u00edssima Trindade: Pai e Filho e Esp\u00edrito Santo por todos os s\u00e9culos dos s\u00e9culos, am\u00e9m. Os compositores Jos\u00e9 Alves, Reginaldo Veloso, Pe. Jos\u00e9 Weber e Jos\u00e9 Ac\u00e1cio, traduzem na linguagem musical essa bela ant\u00edfona.\u00a0\u00a0<\/span><\/i><span data-ccp-props=\"{&quot;134233117&quot;:true,&quot;134233118&quot;:true,&quot;201341983&quot;:0,&quot;335551550&quot;:6,&quot;335551620&quot;:6,&quot;335559685&quot;:540,&quot;335559740&quot;:240}\">\u00a0<\/span><\/p>\n<p><span data-contrast=\"none\">\u202f<\/span><span data-ccp-props=\"{&quot;134233117&quot;:true,&quot;134233118&quot;:true,&quot;201341983&quot;:0,&quot;335559740&quot;:240}\">\u00a0<\/span><\/p>\n<ul>\n<li data-leveltext=\"\uf0b7\" data-font=\"Symbol\" data-listid=\"1\" data-list-defn-props=\"{&quot;335552541&quot;:1,&quot;335559684&quot;:-2,&quot;335559685&quot;:720,&quot;335559991&quot;:360,&quot;469769226&quot;:&quot;Symbol&quot;,&quot;469769242&quot;:[8226],&quot;469777803&quot;:&quot;left&quot;,&quot;469777804&quot;:&quot;\uf0b7&quot;,&quot;469777815&quot;:&quot;multilevel&quot;}\" aria-setsize=\"-1\" data-aria-posinset=\"1\" data-aria-level=\"1\"><i><span data-contrast=\"auto\">BENDITO SEJAS TU (Jos\u00e9 Alves\/ HL III, Ano A, p. 259) &#8211; <\/span><\/i><a href=\"https:\/\/youtu.be\/abwQk_33zJA\" data-rel=\"lightbox-video-0\" target=\"_blank\" rel=\"noopener\"><span data-contrast=\"none\">https:\/\/youtu.be\/abwQk_33zJA<\/span><\/a><i><span data-contrast=\"auto\">\u00a0<\/span><\/i><span data-ccp-props=\"{&quot;201341983&quot;:0,&quot;335559739&quot;:0,&quot;335559740&quot;:240}\">\u00a0<\/span><\/li>\n<li data-leveltext=\"\uf0b7\" data-font=\"Symbol\" data-listid=\"1\" data-list-defn-props=\"{&quot;335552541&quot;:1,&quot;335559684&quot;:-2,&quot;335559685&quot;:720,&quot;335559991&quot;:360,&quot;469769226&quot;:&quot;Symbol&quot;,&quot;469769242&quot;:[8226],&quot;469777803&quot;:&quot;left&quot;,&quot;469777804&quot;:&quot;\uf0b7&quot;,&quot;469777815&quot;:&quot;multilevel&quot;}\" aria-setsize=\"-1\" data-aria-posinset=\"2\" data-aria-level=\"1\"><i><span data-contrast=\"auto\">BENDIZEI NOSSO DEUS (Reginaldo Veloso\/ HL III, Ano C, p. 231\/ <\/span><\/i><i><span data-contrast=\"none\">Mesma melodia do v\u00eddeo<\/span><\/i><i><span data-contrast=\"auto\">) &#8211; <\/span><\/i><a href=\"https:\/\/youtu.be\/BzRnFAp599Y\" data-rel=\"lightbox-video-1\" target=\"_blank\" rel=\"noopener\"><span data-contrast=\"none\">https:\/\/youtu.be\/BzRnFAp599Y<\/span><\/a><i><span data-contrast=\"auto\">\u00a0<\/span><\/i><span data-ccp-props=\"{&quot;201341983&quot;:0,&quot;335559739&quot;:0,&quot;335559740&quot;:240}\">\u00a0<\/span><\/li>\n<li data-leveltext=\"\uf0b7\" data-font=\"Symbol\" data-listid=\"1\" data-list-defn-props=\"{&quot;335552541&quot;:1,&quot;335559684&quot;:-2,&quot;335559685&quot;:720,&quot;335559991&quot;:360,&quot;469769226&quot;:&quot;Symbol&quot;,&quot;469769242&quot;:[8226],&quot;469777803&quot;:&quot;left&quot;,&quot;469777804&quot;:&quot;\uf0b7&quot;,&quot;469777815&quot;:&quot;multilevel&quot;}\" aria-setsize=\"-1\" data-aria-posinset=\"3\" data-aria-level=\"1\"><i><span data-contrast=\"auto\">GL\u00d3RIA A DEUS PAI (Reginaldo Veloso\/ HL III, Ano B, p. 248\/ <\/span><\/i><i><span data-contrast=\"none\">Mesma melodia do v\u00eddeo<\/span><\/i><span data-contrast=\"auto\">) &#8211; <\/span><a href=\"https:\/\/youtu.be\/-8tZqNI_8Q8\" data-rel=\"lightbox-video-2\" target=\"_blank\" rel=\"noopener\"><span data-contrast=\"none\">https:\/\/youtu.be\/-8tZqNI_8Q8<\/span><\/a><span data-ccp-props=\"{&quot;201341983&quot;:0,&quot;335559739&quot;:0,&quot;335559740&quot;:240}\">\u00a0<\/span><\/li>\n<\/ul>\n<p><span data-contrast=\"auto\">\u202f<\/span><span data-ccp-props=\"{&quot;134233117&quot;:true,&quot;134233118&quot;:true,&quot;201341983&quot;:0,&quot;335559740&quot;:240}\">\u00a0<\/span><\/p>\n<h5><b><i><span data-contrast=\"auto\">Canto de Entrada Opcionais<\/span><\/i><\/b><b><span data-contrast=\"auto\">:\u00a0<\/span><\/b><span data-ccp-props=\"{&quot;134233117&quot;:true,&quot;134233118&quot;:true,&quot;201341983&quot;:0,&quot;335559740&quot;:240}\">\u00a0<\/span><\/h5>\n<ul>\n<li data-leveltext=\"\uf0b7\" data-font=\"Symbol\" data-listid=\"1\" data-list-defn-props=\"{&quot;335552541&quot;:1,&quot;335559684&quot;:-2,&quot;335559685&quot;:720,&quot;335559991&quot;:360,&quot;469769226&quot;:&quot;Symbol&quot;,&quot;469769242&quot;:[8226],&quot;469777803&quot;:&quot;left&quot;,&quot;469777804&quot;:&quot;\uf0b7&quot;,&quot;469777815&quot;:&quot;multilevel&quot;}\" aria-setsize=\"-1\" data-aria-posinset=\"1\" data-aria-level=\"1\"><i><span data-contrast=\"auto\">GL\u00d3RIA AO PAI, DOS HOMENS, DOS ANJOS (Jos\u00e9 Alves) &#8211; <\/span><\/i><a href=\"https:\/\/youtu.be\/rFSQJjk4ilw\" data-rel=\"lightbox-video-3\" target=\"_blank\" rel=\"noopener\"><span data-contrast=\"none\">https:\/\/youtu.be\/rFSQJjk4ilw<\/span><\/a><span data-ccp-props=\"{&quot;201341983&quot;:0,&quot;335559739&quot;:0,&quot;335559740&quot;:240}\">\u00a0<\/span><\/li>\n<li data-leveltext=\"\uf0b7\" data-font=\"Symbol\" data-listid=\"1\" data-list-defn-props=\"{&quot;335552541&quot;:1,&quot;335559684&quot;:-2,&quot;335559685&quot;:720,&quot;335559991&quot;:360,&quot;469769226&quot;:&quot;Symbol&quot;,&quot;469769242&quot;:[8226],&quot;469777803&quot;:&quot;left&quot;,&quot;469777804&quot;:&quot;\uf0b7&quot;,&quot;469777815&quot;:&quot;multilevel&quot;}\" aria-setsize=\"-1\" data-aria-posinset=\"2\" data-aria-level=\"1\"><i><span data-contrast=\"auto\">\u00d3 DEUS VIVO (Pe. Weber) &#8211; <\/span><\/i><a href=\"https:\/\/youtu.be\/fHWfyVu-pdo\" data-rel=\"lightbox-video-4\" target=\"_blank\" rel=\"noopener\"><span data-contrast=\"none\">https:\/\/youtu.be\/fHWfyVu-pdo<\/span><\/a><i><span data-contrast=\"auto\">\u00a0<\/span><\/i><span data-ccp-props=\"{&quot;201341983&quot;:0,&quot;335559739&quot;:0,&quot;335559740&quot;:240}\">\u00a0<\/span><\/li>\n<li data-leveltext=\"\uf0b7\" data-font=\"Symbol\" data-listid=\"2\" data-list-defn-props=\"{&quot;335552541&quot;:1,&quot;335559684&quot;:-2,&quot;335559685&quot;:720,&quot;335559991&quot;:360,&quot;469769226&quot;:&quot;Symbol&quot;,&quot;469769242&quot;:[8226],&quot;469777803&quot;:&quot;left&quot;,&quot;469777804&quot;:&quot;\uf0b7&quot;,&quot;469777815&quot;:&quot;multilevel&quot;}\" aria-setsize=\"-1\" data-aria-posinset=\"3\" data-aria-level=\"1\"><span data-contrast=\"auto\">GL\u00d3RIA, AO PAI CRIADOR (Gustavo Balbinot) &#8211; <\/span><a href=\"https:\/\/youtu.be\/uzaLHnvcaH4\" data-rel=\"lightbox-video-5\" target=\"_blank\" rel=\"noopener\"><span data-contrast=\"none\">https:\/\/youtu.be\/uzaLHnvcaH4<\/span><\/a><span data-ccp-props=\"{&quot;201341983&quot;:0,&quot;335559739&quot;:0,&quot;335559740&quot;:240}\">\u00a0<\/span><\/li>\n<li data-leveltext=\"\uf0b7\" data-font=\"Symbol\" data-listid=\"2\" data-list-defn-props=\"{&quot;335552541&quot;:1,&quot;335559684&quot;:-2,&quot;335559685&quot;:720,&quot;335559991&quot;:360,&quot;469769226&quot;:&quot;Symbol&quot;,&quot;469769242&quot;:[8226],&quot;469777803&quot;:&quot;left&quot;,&quot;469777804&quot;:&quot;\uf0b7&quot;,&quot;469777815&quot;:&quot;multilevel&quot;}\" aria-setsize=\"-1\" data-aria-posinset=\"4\" data-aria-level=\"1\"><span data-contrast=\"auto\">ENTREMOS NA CASA DO SENHOR (Jos\u00e9 Ac\u00e1cio) &#8211; <\/span><a href=\"https:\/\/youtu.be\/mLw6i8Bn4uk\" data-rel=\"lightbox-video-6\" target=\"_blank\" rel=\"noopener\"><span data-contrast=\"none\">https:\/\/youtu.be\/mLw6i8Bn4uk<\/span><\/a><span data-contrast=\"auto\">\u00a0<\/span><span data-ccp-props=\"{&quot;201341983&quot;:0,&quot;335559739&quot;:0,&quot;335559740&quot;:240}\">\u00a0<\/span><\/li>\n<li data-leveltext=\"\uf0b7\" data-font=\"Symbol\" data-listid=\"2\" data-list-defn-props=\"{&quot;335552541&quot;:1,&quot;335559684&quot;:-2,&quot;335559685&quot;:720,&quot;335559991&quot;:360,&quot;469769226&quot;:&quot;Symbol&quot;,&quot;469769242&quot;:[8226],&quot;469777803&quot;:&quot;left&quot;,&quot;469777804&quot;:&quot;\uf0b7&quot;,&quot;469777815&quot;:&quot;multilevel&quot;}\" aria-setsize=\"-1\" data-aria-posinset=\"5\" data-aria-level=\"1\"><span data-contrast=\"auto\">VEM SANT\u00cdSSIMA TRINDADE (Jos\u00e9 Ac\u00e1cio) &#8211; <\/span><a href=\"https:\/\/youtu.be\/B9JYvqMVnC8\" data-rel=\"lightbox-video-7\" target=\"_blank\" rel=\"noopener\"><span data-contrast=\"none\">https:\/\/youtu.be\/B9JYvqMVnC8<\/span><\/a><\/li>\n<li data-leveltext=\"\uf0b7\" data-font=\"Symbol\" data-listid=\"2\" data-list-defn-props=\"{&quot;335552541&quot;:1,&quot;335559684&quot;:-2,&quot;335559685&quot;:720,&quot;335559991&quot;:360,&quot;469769226&quot;:&quot;Symbol&quot;,&quot;469769242&quot;:[8226],&quot;469777803&quot;:&quot;left&quot;,&quot;469777804&quot;:&quot;\uf0b7&quot;,&quot;469777815&quot;:&quot;multilevel&quot;}\" aria-setsize=\"-1\" data-aria-posinset=\"5\" data-aria-level=\"1\"><span data-contrast=\"none\">BENDITO SEJA DEUS<\/span> <span data-contrast=\"none\">(Vers\u00e3o e m\u00fasica: D.R. \u2013 \u00c1lbum Cantos de Abertura e Comunh\u00e3o, faixa 17, Paulus|CNBB \u2013 Partitura: Hin\u00e1rio Lit\u00fargico da CNBB \u2013 Tempo Comum \u2013 Vol. III \u2013 Ano C, p\u00e1g. 318 &#8211; <\/span><a href=\"https:\/\/youtu.be\/KhD5qAJlX54\" data-rel=\"lightbox-video-8\" target=\"_blank\" rel=\"noopener\"><span data-contrast=\"none\">https:\/\/youtu.be\/KhD5qAJlX54<\/span><\/a><span data-contrast=\"none\">)\u00a0<\/span><span data-ccp-props=\"{&quot;201341983&quot;:0,&quot;335551550&quot;:6,&quot;335551620&quot;:6,&quot;335559739&quot;:0,&quot;335559740&quot;:240}\">\u00a0<\/span><\/li>\n<\/ul>\n<p><span data-ccp-props=\"{&quot;201341983&quot;:0,&quot;335559685&quot;:720,&quot;335559739&quot;:0,&quot;335559740&quot;:240}\">\u00a0<\/span><span data-ccp-props=\"{&quot;201341983&quot;:0,&quot;335559739&quot;:0,&quot;335559740&quot;:240}\">\u00a0<\/span><\/p>\n<h4><b><i><span data-contrast=\"auto\">Salmo Responsorial:\u00a0<\/span><\/i><\/b><span data-ccp-props=\"{&quot;134233117&quot;:true,&quot;134233118&quot;:true,&quot;201341983&quot;:0,&quot;335559740&quot;:240}\">\u00a0<\/span><\/h4>\n<p><i><span data-contrast=\"none\">Sl 8 &#8211; R. \u00d3 Senhor nosso Deus, como \u00e9 grande vosso nome por todo o universo!<\/span><\/i><span data-ccp-props=\"{&quot;134233117&quot;:true,&quot;134233118&quot;:true,&quot;201341983&quot;:0,&quot;335559740&quot;:240}\">\u00a0<\/span><span data-contrast=\"auto\">\u202f<\/span><span data-ccp-props=\"{&quot;134233117&quot;:true,&quot;134233118&quot;:true,&quot;201341983&quot;:0,&quot;335559740&quot;:240}\">\u00a0<\/span><\/p>\n<ul>\n<li data-leveltext=\"\uf0b7\" data-font=\"Symbol\" data-listid=\"3\" data-list-defn-props=\"{&quot;335552541&quot;:1,&quot;335559684&quot;:-2,&quot;335559685&quot;:720,&quot;335559991&quot;:360,&quot;469769226&quot;:&quot;Symbol&quot;,&quot;469769242&quot;:[8226],&quot;469777803&quot;:&quot;left&quot;,&quot;469777804&quot;:&quot;\uf0b7&quot;,&quot;469777815&quot;:&quot;multilevel&quot;}\" aria-setsize=\"-1\" data-aria-posinset=\"1\" data-aria-level=\"1\"><i><span data-contrast=\"auto\">SALMO (R.2a) (Ir. M\u00edria Kolling)<\/span><\/i><b><i><span data-contrast=\"auto\"> &#8211; <\/span><\/i><\/b><a href=\"https:\/\/youtu.be\/96aclBz_vpw\" data-rel=\"lightbox-video-9\" target=\"_blank\" rel=\"noopener\"><span data-contrast=\"none\">https:\/\/youtu.be\/96aclBz_vpw<\/span><\/a><i><span data-contrast=\"auto\">\u00a0<\/span><\/i><span data-ccp-props=\"{&quot;201341983&quot;:0,&quot;335559739&quot;:0,&quot;335559740&quot;:240}\">\u00a0<\/span><\/li>\n<li data-leveltext=\"\uf0b7\" data-font=\"Symbol\" data-listid=\"3\" data-list-defn-props=\"{&quot;335552541&quot;:1,&quot;335559684&quot;:-2,&quot;335559685&quot;:720,&quot;335559991&quot;:360,&quot;469769226&quot;:&quot;Symbol&quot;,&quot;469769242&quot;:[8226],&quot;469777803&quot;:&quot;left&quot;,&quot;469777804&quot;:&quot;\uf0b7&quot;,&quot;469777815&quot;:&quot;multilevel&quot;}\" aria-setsize=\"-1\" data-aria-posinset=\"2\" data-aria-level=\"1\"><i><span data-contrast=\"auto\">\u00d3 SENHOR, NOSSO DEUS (Pe. Weber) &#8211; <\/span><\/i><a href=\"https:\/\/youtu.be\/ad7AtMnbrF0\" data-rel=\"lightbox-video-10\" target=\"_blank\" rel=\"noopener\"><span data-contrast=\"none\">https:\/\/youtu.be\/ad7AtMnbrF0<\/span><\/a><span data-ccp-props=\"{&quot;201341983&quot;:0,&quot;335559739&quot;:0,&quot;335559740&quot;:240}\">\u00a0<\/span><\/li>\n<li data-leveltext=\"\uf0b7\" data-font=\"Symbol\" data-listid=\"3\" data-list-defn-props=\"{&quot;335552541&quot;:1,&quot;335559684&quot;:-2,&quot;335559685&quot;:720,&quot;335559991&quot;:360,&quot;469769226&quot;:&quot;Symbol&quot;,&quot;469769242&quot;:[8226],&quot;469777803&quot;:&quot;left&quot;,&quot;469777804&quot;:&quot;\uf0b7&quot;,&quot;469777815&quot;:&quot;multilevel&quot;}\" aria-setsize=\"-1\" data-aria-posinset=\"3\" data-aria-level=\"1\"><span data-contrast=\"auto\">SALMO (R.2A) (Paulo Neto) &#8211; <\/span><a href=\"https:\/\/youtu.be\/-9jzrGwHm68\" data-rel=\"lightbox-video-11\" target=\"_blank\" rel=\"noopener\"><span data-contrast=\"none\">https:\/\/youtu.be\/-9jzrGwHm68<\/span><\/a><span data-ccp-props=\"{&quot;201341983&quot;:0,&quot;335559739&quot;:0,&quot;335559740&quot;:240}\">\u00a0<\/span><\/li>\n<\/ul>\n<p><span data-ccp-props=\"{&quot;201341983&quot;:0,&quot;335559739&quot;:0,&quot;335559740&quot;:240}\">\u00a0<\/span><span data-ccp-props=\"{&quot;201341983&quot;:0,&quot;335559739&quot;:0,&quot;335559740&quot;:240}\">\u00a0<\/span><\/p>\n<h4><b><i><span data-contrast=\"auto\">Aclama\u00e7\u00e3o ao Evangelho:\u00a0<\/span><\/i><\/b><span data-ccp-props=\"{&quot;134233117&quot;:true,&quot;134233118&quot;:true,&quot;201341983&quot;:0,&quot;335559740&quot;:240}\">\u00a0<\/span><\/h4>\n<ul>\n<li data-leveltext=\"\uf0b7\" data-font=\"Symbol\" data-listid=\"4\" data-list-defn-props=\"{&quot;335552541&quot;:1,&quot;335559684&quot;:-2,&quot;335559685&quot;:720,&quot;335559991&quot;:360,&quot;469769226&quot;:&quot;Symbol&quot;,&quot;469769242&quot;:[8226],&quot;469777803&quot;:&quot;left&quot;,&quot;469777804&quot;:&quot;\uf0b7&quot;,&quot;469777815&quot;:&quot;multilevel&quot;}\" aria-setsize=\"-1\" data-aria-posinset=\"1\" data-aria-level=\"1\"><i><span data-contrast=\"auto\">ALELUIA, Gl\u00f3ria ao Pai (M.T.K)<\/span><\/i><b><i><span data-contrast=\"auto\"> &#8211; <\/span><\/i><\/b><a href=\"https:\/\/youtu.be\/t8hfK6Z_FcM\" data-rel=\"lightbox-video-12\" target=\"_blank\" rel=\"noopener\"><span data-contrast=\"none\">https:\/\/youtu.be\/t8hfK6Z_FcM<\/span><\/a><i><span data-contrast=\"auto\">\u00a0<\/span><\/i><span data-ccp-props=\"{&quot;201341983&quot;:0,&quot;335559739&quot;:0,&quot;335559740&quot;:240}\">\u00a0<\/span><\/li>\n<li data-leveltext=\"\uf0b7\" data-font=\"Symbol\" data-listid=\"4\" data-list-defn-props=\"{&quot;335552541&quot;:1,&quot;335559684&quot;:-2,&quot;335559685&quot;:720,&quot;335559991&quot;:360,&quot;469769226&quot;:&quot;Symbol&quot;,&quot;469769242&quot;:[8226],&quot;469777803&quot;:&quot;left&quot;,&quot;469777804&quot;:&quot;\uf0b7&quot;,&quot;469777815&quot;:&quot;multilevel&quot;}\" aria-setsize=\"-1\" data-aria-posinset=\"2\" data-aria-level=\"1\"><i><span data-contrast=\"auto\">ALELUIA, Gl\u00f3ria ao Pai (Paulo Kemp) &#8211; <\/span><\/i><a href=\"https:\/\/youtu.be\/jUJUGqFOVN0\" data-rel=\"lightbox-video-13\" target=\"_blank\" rel=\"noopener\"><span data-contrast=\"none\">https:\/\/youtu.be\/jUJUGqFOVN0<\/span><\/a><i><span data-contrast=\"auto\">\u00a0<\/span><\/i><span data-ccp-props=\"{&quot;201341983&quot;:0,&quot;335559739&quot;:0,&quot;335559740&quot;:240}\">\u00a0<\/span><\/li>\n<li data-leveltext=\"\uf0b7\" data-font=\"Symbol\" data-listid=\"4\" data-list-defn-props=\"{&quot;335552541&quot;:1,&quot;335559684&quot;:-2,&quot;335559685&quot;:720,&quot;335559991&quot;:360,&quot;469769226&quot;:&quot;Symbol&quot;,&quot;469769242&quot;:[8226],&quot;469777803&quot;:&quot;left&quot;,&quot;469777804&quot;:&quot;\uf0b7&quot;,&quot;469777815&quot;:&quot;multilevel&quot;}\" aria-setsize=\"-1\" data-aria-posinset=\"2\" data-aria-level=\"1\"><i><span data-contrast=\"auto\">ALELUIA, GL\u00d3RIA AO PAI (D.R) &#8211; <\/span><\/i><a href=\"https:\/\/youtu.be\/BOswx9jI4e4\" data-rel=\"lightbox-video-14\" target=\"_blank\" rel=\"noopener\"><span data-contrast=\"none\">https:\/\/youtu.be\/BOswx9jI4e4<\/span><\/a><span data-ccp-props=\"{&quot;201341983&quot;:0,&quot;335559739&quot;:0,&quot;335559740&quot;:240}\">\u00a0<\/span><\/li>\n<li data-leveltext=\"\uf0b7\" data-font=\"Symbol\" data-listid=\"4\" data-list-defn-props=\"{&quot;335552541&quot;:1,&quot;335559684&quot;:-2,&quot;335559685&quot;:720,&quot;335559991&quot;:360,&quot;469769226&quot;:&quot;Symbol&quot;,&quot;469769242&quot;:[8226],&quot;469777803&quot;:&quot;left&quot;,&quot;469777804&quot;:&quot;\uf0b7&quot;,&quot;469777815&quot;:&quot;multilevel&quot;}\" aria-setsize=\"-1\" data-aria-posinset=\"2\" data-aria-level=\"1\"><i><span data-contrast=\"none\">ALELUIA, Gl\u00f3ria ao Pai<\/span><\/i> <span data-contrast=\"none\">(Letra: Lecion\u00e1rio Dominical| M\u00fasica: Janete St\u00fcrmer \u2013 \u00c1lbum Festas Lit\u00fargicas I, faixa 18, Paulus &#8211; <\/span><a href=\"https:\/\/www.youtube.com\/shorts\/t8hfK6Z_FcM\" target=\"_blank\" rel=\"noopener\"><span data-contrast=\"none\">https:\/\/www.youtube.com\/shorts\/t8hfK6Z_FcM<\/span><\/a><span data-contrast=\"none\">)\u00a0<\/span><span data-ccp-props=\"{&quot;201341983&quot;:0,&quot;335551550&quot;:6,&quot;335551620&quot;:6,&quot;335559739&quot;:0,&quot;335559740&quot;:240}\">\u00a0<\/span><\/li>\n<\/ul>\n<p><span data-ccp-props=\"{&quot;201341983&quot;:0,&quot;335551550&quot;:6,&quot;335551620&quot;:6,&quot;335559739&quot;:0,&quot;335559740&quot;:240}\">\u00a0<\/span><\/p>\n<h4><b><i><span data-contrast=\"auto\">\u00a0Canto de Apresenta\u00e7\u00e3o das Oferendas: <\/span><\/i><\/b><span data-ccp-props=\"{&quot;134233117&quot;:true,&quot;134233118&quot;:true,&quot;201341983&quot;:0,&quot;335559740&quot;:240}\">\u00a0<\/span><\/h4>\n<p><i><span data-contrast=\"none\">ANT\u00cdFONA: &#8220;Bendito \u00e9s tu sentado sobre os querubins, louvado e glorificado para sempre!&#8221;<\/span><\/i><span data-ccp-props=\"{&quot;134233117&quot;:true,&quot;134233118&quot;:true,&quot;201341983&quot;:0,&quot;335559740&quot;:240}\">\u00a0<\/span><\/p>\n<p><i><span data-contrast=\"auto\">O Desejo de todo crist\u00e3o \u00e9 participar da Vida Divina, contemplar a face de Deus, sentado sobre os querubins. Lembramos a liturgia da Jerusal\u00e9m celeste, manifestada no livro do Apocalipse. Louvado e glorificado seja a Sant\u00edssima Trindade pelos s\u00e9culos dos s\u00e9culos, am\u00e9m! Os compositores Frei Wanderson, Pe Jos\u00e9 Campos, Ir. M\u00edria T. Kolling,\u00a0 Pe. Weber e Adenor Terra nos oferecem essas belas melodias.\u00a0<\/span><\/i><span data-ccp-props=\"{&quot;134233117&quot;:true,&quot;134233118&quot;:true,&quot;201341983&quot;:0,&quot;335551550&quot;:6,&quot;335551620&quot;:6,&quot;335559685&quot;:540,&quot;335559740&quot;:240}\">\u00a0<\/span><\/p>\n<p><span data-contrast=\"none\">\u202f<\/span><span data-ccp-props=\"{&quot;134233117&quot;:true,&quot;134233118&quot;:true,&quot;201341983&quot;:0,&quot;335559740&quot;:240}\">\u00a0<\/span><\/p>\n<ul>\n<li data-leveltext=\"\uf0b7\" data-font=\"Symbol\" data-listid=\"5\" data-list-defn-props=\"{&quot;335552541&quot;:1,&quot;335559684&quot;:-2,&quot;335559685&quot;:720,&quot;335559991&quot;:360,&quot;469769226&quot;:&quot;Symbol&quot;,&quot;469769242&quot;:[8226],&quot;469777803&quot;:&quot;left&quot;,&quot;469777804&quot;:&quot;\uf0b7&quot;,&quot;469777815&quot;:&quot;hybridMultilevel&quot;}\" aria-setsize=\"-1\" data-aria-posinset=\"1\" data-aria-level=\"1\"><span data-contrast=\"none\">\u00d3 TRINDADE, NUM S\u00d3LIO SUPREMO <\/span><i><span data-contrast=\"none\">(Liturgia das Horas\/Frei Wanderson)<\/span><\/i><span data-contrast=\"none\"> &#8211;\u00a0 <\/span><a href=\"https:\/\/youtu.be\/LeuBYMeI-xk\" data-rel=\"lightbox-video-15\" target=\"_blank\" rel=\"noopener\"><span data-contrast=\"none\">https:\/\/youtu.be\/LeuBYMeI-xk<\/span><\/a><span data-contrast=\"none\">\u00a0\u00a0<\/span><span data-ccp-props=\"{&quot;201341983&quot;:0,&quot;335551550&quot;:6,&quot;335551620&quot;:6,&quot;335559739&quot;:0,&quot;335559740&quot;:240}\">\u00a0<\/span><\/li>\n<li data-leveltext=\"\uf0b7\" data-font=\"Symbol\" data-listid=\"5\" data-list-defn-props=\"{&quot;335552541&quot;:1,&quot;335559684&quot;:-2,&quot;335559685&quot;:720,&quot;335559991&quot;:360,&quot;469769226&quot;:&quot;Symbol&quot;,&quot;469769242&quot;:[8226],&quot;469777803&quot;:&quot;left&quot;,&quot;469777804&quot;:&quot;\uf0b7&quot;,&quot;469777815&quot;:&quot;hybridMultilevel&quot;}\" aria-setsize=\"-1\" data-aria-posinset=\"2\" data-aria-level=\"1\"><span data-contrast=\"auto\">\u00a0BENDITO SEJA DEUS <\/span><i><span data-contrast=\"auto\">(D.R)<\/span><\/i><span data-contrast=\"auto\"> &#8211; <\/span><a href=\"https:\/\/youtu.be\/KhD5qAJlX54\" data-rel=\"lightbox-video-8\" target=\"_blank\" rel=\"noopener\"><span data-contrast=\"none\">https:\/\/youtu.be\/KhD5qAJlX54<\/span><\/a><span data-contrast=\"auto\">\u00a0\u00a0\u00a0<\/span><span data-ccp-props=\"{&quot;201341983&quot;:0,&quot;335551550&quot;:6,&quot;335551620&quot;:6,&quot;335559739&quot;:0,&quot;335559740&quot;:240}\">\u00a0<\/span><\/li>\n<li data-leveltext=\"\uf0b7\" data-font=\"Symbol\" data-listid=\"5\" data-list-defn-props=\"{&quot;335552541&quot;:1,&quot;335559684&quot;:-2,&quot;335559685&quot;:720,&quot;335559991&quot;:360,&quot;469769226&quot;:&quot;Symbol&quot;,&quot;469769242&quot;:[8226],&quot;469777803&quot;:&quot;left&quot;,&quot;469777804&quot;:&quot;\uf0b7&quot;,&quot;469777815&quot;:&quot;hybridMultilevel&quot;}\" aria-setsize=\"-1\" data-aria-posinset=\"2\" data-aria-level=\"1\"><span data-contrast=\"none\">BENDITO SEJAS NA IMENSID\u00c3O DOS C\u00c9US<\/span> <span data-contrast=\"none\">(Letra: Graduale Simplex: Dn 3,57-59.84-87 | M\u00fasica: Pe. Jos\u00e9 Weber, SVD \u2013 Partitura: Hin\u00e1rio Lit\u00fargico da CNBB \u2013 Tempo Comum \u2013 Vol. III \u2013 Ano C, p\u00e1g. 234 ou Ano B, p\u00e1g. 251)<\/span><span data-ccp-props=\"{&quot;201341983&quot;:0,&quot;335551550&quot;:6,&quot;335551620&quot;:6,&quot;335559739&quot;:0,&quot;335559740&quot;:240}\">\u00a0<\/span><\/li>\n<li data-leveltext=\"\uf0b7\" data-font=\"Symbol\" data-listid=\"5\" data-list-defn-props=\"{&quot;335552541&quot;:1,&quot;335559684&quot;:-2,&quot;335559685&quot;:720,&quot;335559991&quot;:360,&quot;469769226&quot;:&quot;Symbol&quot;,&quot;469769242&quot;:[8226],&quot;469777803&quot;:&quot;left&quot;,&quot;469777804&quot;:&quot;\uf0b7&quot;,&quot;469777815&quot;:&quot;hybridMultilevel&quot;}\" aria-setsize=\"-1\" data-aria-posinset=\"2\" data-aria-level=\"1\"><span data-contrast=\"none\">\u00d3 TRINDADE, IMENSA E UNA<\/span> <span data-contrast=\"none\">(Letra: Liturgia das Horas | M\u00fasica: Ir. Miria T. Kolling \u2013 \u00c1lbum Festas Lit\u00fargicas I, faixa 19, Paulus) | &#8211; <\/span><a href=\"https:\/\/youtu.be\/-x11D4wYgC4\" data-rel=\"lightbox-video-17\" target=\"_blank\" rel=\"noopener\"><span data-contrast=\"none\">https:\/\/youtu.be\/-x11D4wYgC4<\/span><\/a><span data-contrast=\"none\">\u00a0\u00a0<\/span><span data-ccp-props=\"{&quot;201341983&quot;:0,&quot;335551550&quot;:6,&quot;335551620&quot;:6,&quot;335559739&quot;:0,&quot;335559740&quot;:240}\">\u00a0<\/span><\/li>\n<li data-leveltext=\"\uf0b7\" data-font=\"Symbol\" data-listid=\"5\" data-list-defn-props=\"{&quot;335552541&quot;:1,&quot;335559684&quot;:-2,&quot;335559685&quot;:720,&quot;335559991&quot;:360,&quot;469769226&quot;:&quot;Symbol&quot;,&quot;469769242&quot;:[8226],&quot;469777803&quot;:&quot;left&quot;,&quot;469777804&quot;:&quot;\uf0b7&quot;,&quot;469777815&quot;:&quot;hybridMultilevel&quot;}\" aria-setsize=\"-1\" data-aria-posinset=\"2\" data-aria-level=\"1\"><span data-contrast=\"none\">BENDITO SEJAS, NOSSO DEUS<\/span> <span data-contrast=\"none\">(Frei Jos\u00e9 Moacyr Cadenassi, OFMCap | M\u00fasica: Pe. Jos\u00e9 Freitas Campos \u2013 \u00c1lbum Celebrando o Dia do Senhor 1, faixa 16, Paulus \u2013 <\/span><a href=\"https:\/\/www.paulus.com.br\/loja\/appendix\/3927.pdf\" target=\"_blank\" rel=\"noopener\"><span data-contrast=\"none\">Partitura<\/span><\/a><span data-contrast=\"none\">) | &#8211; <\/span><a href=\"https:\/\/youtu.be\/1JAr-g5Rqjs\" data-rel=\"lightbox-video-18\" target=\"_blank\" rel=\"noopener\"><span data-contrast=\"none\">https:\/\/youtu.be\/1JAr-g5Rqjs<\/span><\/a><span data-contrast=\"none\">\u00a0<\/span><span data-ccp-props=\"{&quot;201341983&quot;:0,&quot;335551550&quot;:6,&quot;335551620&quot;:6,&quot;335559739&quot;:0,&quot;335559740&quot;:240}\">\u00a0<\/span><\/li>\n<li data-leveltext=\"\uf0b7\" data-font=\"Symbol\" data-listid=\"5\" data-list-defn-props=\"{&quot;335552541&quot;:1,&quot;335559684&quot;:-2,&quot;335559685&quot;:720,&quot;335559991&quot;:360,&quot;469769226&quot;:&quot;Symbol&quot;,&quot;469769242&quot;:[8226],&quot;469777803&quot;:&quot;left&quot;,&quot;469777804&quot;:&quot;\uf0b7&quot;,&quot;469777815&quot;:&quot;hybridMultilevel&quot;}\" aria-setsize=\"-1\" data-aria-posinset=\"2\" data-aria-level=\"1\"><span data-contrast=\"none\">BENDITO SEJA DEUS<\/span> <span data-contrast=\"none\">(Letra: Marco Campos | M\u00fasica: Adenor Leonardo Terra \u2013 \u00c1lbum Celebrando o Dia do Senhor \u2013 1, faixa 20, Paulus \u2013 <\/span><a href=\"https:\/\/www.paulus.com.br\/loja\/appendix\/3927.pdf\" target=\"_blank\" rel=\"noopener\"><span data-contrast=\"none\">Partitura<\/span><\/a><span data-contrast=\"auto\">)<\/span> <a style=\"font-size: 16px; background-color: #ffffff;\" href=\"https:\/\/youtu.be\/wmne9GZzI2w\" data-rel=\"lightbox-video-19\" target=\"_blank\" rel=\"noopener\"><span data-contrast=\"none\">https:\/\/youtu.be\/wmne9GZzI2w<\/span><\/a><span style=\"font-size: 16px;\" data-contrast=\"auto\">\u00a0<\/span><span style=\"font-size: 16px;\" data-ccp-props=\"{&quot;201341983&quot;:0,&quot;335551550&quot;:6,&quot;335551620&quot;:6,&quot;335559685&quot;:720,&quot;335559739&quot;:0,&quot;335559740&quot;:240}\">\u00a0<\/span><\/li>\n<\/ul>\n<p><span data-ccp-props=\"{&quot;201341983&quot;:0,&quot;335551550&quot;:6,&quot;335551620&quot;:6,&quot;335559685&quot;:720,&quot;335559739&quot;:0,&quot;335559740&quot;:240}\">\u00a0<\/span><\/p>\n<h4><b><span data-contrast=\"auto\">Canto de Comunh\u00e3o:<\/span><\/b><span data-ccp-props=\"{&quot;134233117&quot;:true,&quot;134233118&quot;:true,&quot;201341983&quot;:0,&quot;335559740&quot;:240}\">\u00a0<\/span><\/h4>\n<p><i><span data-contrast=\"none\">ANT\u00cdFONA: &#8220;Porque sois filhos, Deus enviou aos vossos cora\u00e7\u00f5es o Esp\u00edrito do seu Filho, que clama: Abba, Pai.&#8221;<\/span><\/i><span data-ccp-props=\"{&quot;134233117&quot;:true,&quot;134233118&quot;:true,&quot;201341983&quot;:0,&quot;335559740&quot;:240}\">\u00a0<\/span><\/p>\n<p><i><span data-contrast=\"auto\">Inspirados pela carta aos G\u00e1latas, a ant\u00edfona de comunh\u00e3o nos lembra que somos filhos de Deus pelos m\u00e9ritos de Cristo. Logo, j\u00e1 n\u00e3o somos escravos, somos filhos e tamb\u00e9m herdeiros. Foi assim que, ao completar o tempo previsto, o Filho, nascido de mulher, nascido sujeito \u00e0 lei, resgatou tamb\u00e9m a n\u00f3s, sujeitos a lei, para recebemos a dignidade de filhos de Deus. A prova disso \u00e9 o Esp\u00edrito que desceu sobre n\u00f3s. Os compositores <\/span><\/i><span data-ccp-props=\"{&quot;134233117&quot;:true,&quot;134233118&quot;:true,&quot;201341983&quot;:0,&quot;335551550&quot;:6,&quot;335551620&quot;:6,&quot;335559685&quot;:540,&quot;335559740&quot;:240}\">\u00a0<\/span><i><span data-contrast=\"auto\">Frei Wanderson, Pe. Weber, Paulo Neto e Pe. Geraldo Leite nos apresentam suas belas melodias.\u00a0<\/span><\/i><span data-ccp-props=\"{&quot;134233117&quot;:true,&quot;134233118&quot;:true,&quot;201341983&quot;:0,&quot;335551550&quot;:6,&quot;335551620&quot;:6,&quot;335559685&quot;:540,&quot;335559740&quot;:240}\">\u00a0<\/span><\/p>\n<p><span data-contrast=\"none\">\u202f<\/span><span data-ccp-props=\"{&quot;134233117&quot;:true,&quot;134233118&quot;:true,&quot;201341983&quot;:0,&quot;335559740&quot;:240}\">\u00a0<\/span><\/p>\n<ul>\n<li data-leveltext=\"\uf0b7\" data-font=\"Symbol\" data-listid=\"8\" data-list-defn-props=\"{&quot;335552541&quot;:1,&quot;335559684&quot;:-2,&quot;335559685&quot;:720,&quot;335559991&quot;:360,&quot;469769226&quot;:&quot;Symbol&quot;,&quot;469769242&quot;:[8226],&quot;469777803&quot;:&quot;left&quot;,&quot;469777804&quot;:&quot;\uf0b7&quot;,&quot;469777815&quot;:&quot;hybridMultilevel&quot;}\" aria-setsize=\"-1\" data-aria-posinset=\"1\" data-aria-level=\"1\"><span data-contrast=\"auto\">PORQUE SOIS FILHOS <\/span><i><span data-contrast=\"auto\">(Frei Wanderson)<\/span><\/i><span data-contrast=\"auto\"> &#8211; https:\/\/youtu.be\/c10OZx3bMrQ\u00a0\u00a0\u00a0<\/span><span data-ccp-props=\"{&quot;134233279&quot;:true,&quot;201341983&quot;:0,&quot;335559739&quot;:0,&quot;335559740&quot;:240}\">\u00a0<\/span><\/li>\n<li data-leveltext=\"\uf0b7\" data-font=\"Symbol\" data-listid=\"8\" data-list-defn-props=\"{&quot;335552541&quot;:1,&quot;335559684&quot;:-2,&quot;335559685&quot;:720,&quot;335559991&quot;:360,&quot;469769226&quot;:&quot;Symbol&quot;,&quot;469769242&quot;:[8226],&quot;469777803&quot;:&quot;left&quot;,&quot;469777804&quot;:&quot;\uf0b7&quot;,&quot;469777815&quot;:&quot;hybridMultilevel&quot;}\" aria-setsize=\"-1\" data-aria-posinset=\"2\" data-aria-level=\"1\"><span data-contrast=\"auto\">DEUS ENVIOU AOS NOSSOS CORA\u00c7\u00d5ES <\/span><i><span data-contrast=\"auto\">(Paulo Neto)<\/span><\/i><span data-contrast=\"auto\"> &#8211; <\/span><a href=\"https:\/\/youtu.be\/AyYzfppRLpY\" data-rel=\"lightbox-video-20\" target=\"_blank\" rel=\"noopener\"><span data-contrast=\"none\">https:\/\/youtu.be\/AyYzfppRLpY<\/span><\/a><span data-contrast=\"auto\">\u00a0\u00a0<\/span><span data-ccp-props=\"{&quot;201341983&quot;:0,&quot;335559739&quot;:0,&quot;335559740&quot;:240}\">\u00a0<\/span><\/li>\n<li data-leveltext=\"\uf0b7\" data-font=\"Symbol\" data-listid=\"8\" data-list-defn-props=\"{&quot;335552541&quot;:1,&quot;335559684&quot;:-2,&quot;335559685&quot;:720,&quot;335559991&quot;:360,&quot;469769226&quot;:&quot;Symbol&quot;,&quot;469769242&quot;:[8226],&quot;469777803&quot;:&quot;left&quot;,&quot;469777804&quot;:&quot;\uf0b7&quot;,&quot;469777815&quot;:&quot;hybridMultilevel&quot;}\" aria-setsize=\"-1\" data-aria-posinset=\"3\" data-aria-level=\"1\"><span data-contrast=\"auto\">VOC\u00caS S\u00c3O DE DEUS, FILHOS <\/span><i><span data-contrast=\"auto\">(Pe. Geraldo Leite\/ HL III, Ano B, p.252\/ <\/span><\/i><i><span data-contrast=\"none\">Mesma melodia do v\u00eddeo<\/span><\/i><i><span data-contrast=\"auto\">)<\/span><\/i><span data-contrast=\"auto\"> &#8211; <\/span><a href=\"https:\/\/youtu.be\/kQkLb16RyjY\" data-rel=\"lightbox-video-21\" target=\"_blank\" rel=\"noopener\"><span data-contrast=\"none\">https:\/\/youtu.be\/kQkLb16RyjY<\/span><\/a><span data-contrast=\"auto\">\u00a0\u00a0\u00a0<\/span><span data-ccp-props=\"{&quot;201341983&quot;:0,&quot;335559739&quot;:0,&quot;335559740&quot;:240}\">\u00a0<\/span><\/li>\n<li data-leveltext=\"\uf0b7\" data-font=\"Symbol\" data-listid=\"8\" data-list-defn-props=\"{&quot;335552541&quot;:1,&quot;335559684&quot;:-2,&quot;335559685&quot;:720,&quot;335559991&quot;:360,&quot;469769226&quot;:&quot;Symbol&quot;,&quot;469769242&quot;:[8226],&quot;469777803&quot;:&quot;left&quot;,&quot;469777804&quot;:&quot;\uf0b7&quot;,&quot;469777815&quot;:&quot;hybridMultilevel&quot;}\" aria-setsize=\"-1\" data-aria-posinset=\"4\" data-aria-level=\"1\"><span data-contrast=\"auto\">TUDO O QUE \u00c9 DO PAI, TAMB\u00c9M \u00c9 MEU<\/span> <b><span data-contrast=\"auto\">\u2013 Ano C<\/span><\/b><span data-contrast=\"auto\"> (Letra: Jo 16,15\/Sl 149 | M\u00fasica: Pe. Jos\u00e9 Weber, SVD \u2013 \u00c1lbum Cantos do Evangelho \u2013 Solenidades e Festas \u2013 Vol. 4, faixa 4, Paulus \u2013 Partitura: <\/span><a href=\"http:\/\/www.paulus.com.br\/\" target=\"_blank\" rel=\"noopener\"><span data-contrast=\"none\">www.paulus.com.br)<\/span><\/a><span data-contrast=\"auto\"> &#8211; <\/span><a href=\"https:\/\/youtu.be\/8LbG53_aVLw\" data-rel=\"lightbox-video-22\" target=\"_blank\" rel=\"noopener\"><span data-contrast=\"none\">https:\/\/youtu.be\/8LbG53_aVLw<\/span><\/a><span data-contrast=\"auto\">\u00a0<\/span><span data-ccp-props=\"{&quot;134233279&quot;:true,&quot;201341983&quot;:0,&quot;335559739&quot;:0,&quot;335559740&quot;:240}\">\u00a0<\/span><\/li>\n<li data-leveltext=\"\uf0b7\" data-font=\"Symbol\" data-listid=\"8\" data-list-defn-props=\"{&quot;335552541&quot;:1,&quot;335559684&quot;:-2,&quot;335559685&quot;:720,&quot;335559991&quot;:360,&quot;469769226&quot;:&quot;Symbol&quot;,&quot;469769242&quot;:[8226],&quot;469777803&quot;:&quot;left&quot;,&quot;469777804&quot;:&quot;\uf0b7&quot;,&quot;469777815&quot;:&quot;hybridMultilevel&quot;}\" aria-setsize=\"-1\" data-aria-posinset=\"4\" data-aria-level=\"1\"><span data-contrast=\"none\">S\u00c3O FILHOS DE DEUS<\/span><span data-contrast=\"none\"> (Vers\u00e3o: Reginaldo Veloso (refr\u00e3o), inspirado em Gl 4,6 | M\u00fasica: Jos\u00e9 Am\u00e9rico Lacerda Jr. | Vers\u00e3o e m\u00fasica: Geraldo Leite Bastos, inspirado no Salmo 19(18) &#8211; Partitura: Hin\u00e1rio Lit\u00fargico da CNBB \u2013 Tempo Comum \u2013 Vol. III \u2013 Ano C, p\u00e1g. 235) &#8211; <\/span><a href=\"https:\/\/youtu.be\/v-hSpzp-na8\" data-rel=\"lightbox-video-23\" target=\"_blank\" rel=\"noopener\"><span data-contrast=\"none\">https:\/\/youtu.be\/v-hSpzp-na8<\/span><\/a><span data-contrast=\"none\">\u00a0<\/span><span data-ccp-props=\"{&quot;201341983&quot;:0,&quot;335551550&quot;:6,&quot;335551620&quot;:6,&quot;335559739&quot;:0,&quot;335559740&quot;:240}\">\u00a0<\/span><\/li>\n<\/ul>\n<p><span data-ccp-props=\"{&quot;201341983&quot;:0,&quot;335551550&quot;:6,&quot;335551620&quot;:6,&quot;335559739&quot;:0,&quot;335559740&quot;:240}\">\u00a0<\/span><\/p>\n<h5><b><span data-contrast=\"none\">Opcional:<\/span><\/b><span data-ccp-props=\"{&quot;201341983&quot;:0,&quot;335551550&quot;:6,&quot;335551620&quot;:6,&quot;335559739&quot;:0,&quot;335559740&quot;:240}\">\u00a0<\/span><\/h5>\n<ul>\n<li data-leveltext=\"\uf0b7\" data-font=\"Symbol\" data-listid=\"8\" data-list-defn-props=\"{&quot;335552541&quot;:1,&quot;335559684&quot;:-2,&quot;335559685&quot;:720,&quot;335559991&quot;:360,&quot;469769226&quot;:&quot;Symbol&quot;,&quot;469769242&quot;:[8226],&quot;469777803&quot;:&quot;left&quot;,&quot;469777804&quot;:&quot;\uf0b7&quot;,&quot;469777815&quot;:&quot;hybridMultilevel&quot;}\" aria-setsize=\"-1\" data-aria-posinset=\"2\" data-aria-level=\"1\"><span data-contrast=\"none\">\u00d3 TRINDADE, VOS LOUVAMOS<\/span> <span data-contrast=\"none\">(Letra: Ir. Maria Luiza P. Ricciardi, fsp | M\u00fasica: Pe. Ronoaldo Pelaquim, CSSR \u2013 \u00c1lbum Campanha da Fraternidade 2 \u2013 Mem\u00f3ria hist\u00f3rica: 1984 \u2013 2022, Paulinas-COMEP) &#8211;\u00a0\u00a0\u00a0<\/span><span data-ccp-props=\"{&quot;201341983&quot;:0,&quot;335551550&quot;:6,&quot;335551620&quot;:6,&quot;335559739&quot;:0,&quot;335559740&quot;:240}\">\u00a0<\/span><\/li>\n<\/ul>\n<p><span data-ccp-props=\"{&quot;201341983&quot;:0,&quot;335551550&quot;:6,&quot;335551620&quot;:6,&quot;335559739&quot;:0,&quot;335559740&quot;:240}\">\u00a0<\/span><span data-ccp-props=\"{&quot;201341983&quot;:0,&quot;335551550&quot;:6,&quot;335551620&quot;:6,&quot;335559685&quot;:720,&quot;335559739&quot;:0,&quot;335559740&quot;:240}\">\u00a0<\/span><\/p>\n<h4><b><span data-contrast=\"none\">Canto de louvor final:<\/span><\/b><span data-ccp-props=\"{&quot;201341983&quot;:0,&quot;335551550&quot;:6,&quot;335551620&quot;:6,&quot;335559739&quot;:0,&quot;335559740&quot;:240}\">\u00a0<\/span><\/h4>\n<ul>\n<li data-leveltext=\"\uf0b7\" data-font=\"Symbol\" data-listid=\"9\" data-list-defn-props=\"{&quot;335552541&quot;:1,&quot;335559684&quot;:-2,&quot;335559685&quot;:720,&quot;335559991&quot;:360,&quot;469769226&quot;:&quot;Symbol&quot;,&quot;469769242&quot;:[8226],&quot;469777803&quot;:&quot;left&quot;,&quot;469777804&quot;:&quot;\uf0b7&quot;,&quot;469777815&quot;:&quot;hybridMultilevel&quot;}\" aria-setsize=\"-1\" data-aria-posinset=\"1\" data-aria-level=\"1\"><span data-contrast=\"none\">SENHOR, MEU DEUS, QUANDO EU MARAVILHADO<\/span> <span data-contrast=\"none\">(Adapta\u00e7\u00e3o do original: How great thou art | Melodia tradicional sueca &#8211; Partitura: Hin\u00e1rio Lit\u00fargico da CNBB \u2013 Tempo Comum \u2013 Vol. III \u2013 Ano A, p\u00e1g. 312)<\/span><span data-ccp-props=\"{&quot;201341983&quot;:0,&quot;335551550&quot;:6,&quot;335551620&quot;:6,&quot;335559739&quot;:0,&quot;335559740&quot;:240}\">\u00a0<\/span><\/li>\n<\/ul>\n","protected":false},"excerpt":{"rendered":"<p>O Setor M\u00fasica Lit\u00fargica da Comiss\u00e3o Episcopal Pastoral para a Liturgia da CNBB preparou um subs\u00eddio com indica\u00e7\u00f5es de m\u00fasicas lit\u00fargicas para a Solenidade da Sant\u00edssima Trindade, que ser\u00e1 celebrada no pr\u00f3ximo domingo, 12 de junho. Sugest\u00f5es t\u00eam como par\u00e2metro as ant\u00edfonas de entrada, ofert\u00f3rio e comunh\u00e3o extra\u00eddos do Gradual e do Missal Romano<\/p>\n","protected":false},"author":38,"featured_media":283677,"comment_status":"open","ping_status":"open","sticky":false,"template":"","format":"standard","meta":{"site-sidebar-layout":"default","site-content-layout":"default","ast-global-header-display":"","ast-banner-title-visibility":"","ast-main-header-display":"","ast-hfb-above-header-display":"","ast-hfb-below-header-display":"","ast-hfb-mobile-header-display":"","site-post-title":"","ast-breadcrumbs-content":"","ast-featured-img":"","footer-sml-layout":"","theme-transparent-header-meta":"default","adv-header-id-meta":"","stick-header-meta":"","header-above-stick-meta":"","header-main-stick-meta":"","header-below-stick-meta":""},"categories":[50,859],"tags":[2222,2146],"acf":[],"_links":{"self":[{"href":"https:\/\/www.cnbb.org.br\/cnbb-app\/wp\/v2\/posts\/914853"}],"collection":[{"href":"https:\/\/www.cnbb.org.br\/cnbb-app\/wp\/v2\/posts"}],"about":[{"href":"https:\/\/www.cnbb.org.br\/cnbb-app\/wp\/v2\/types\/post"}],"author":[{"embeddable":true,"href":"https:\/\/www.cnbb.org.br\/cnbb-app\/wp\/v2\/users\/38"}],"replies":[{"embeddable":true,"href":"https:\/\/www.cnbb.org.br\/cnbb-app\/wp\/v2\/comments?post=914853"}],"version-history":[{"count":0,"href":"https:\/\/www.cnbb.org.br\/cnbb-app\/wp\/v2\/posts\/914853\/revisions"}],"wp:featuredmedia":[{"embeddable":true,"href":"https:\/\/www.cnbb.org.br\/cnbb-app\/wp\/v2\/media\/283677"}],"wp:attachment":[{"href":"https:\/\/www.cnbb.org.br\/cnbb-app\/wp\/v2\/media?parent=914853"}],"wp:term":[{"taxonomy":"category","embeddable":true,"href":"https:\/\/www.cnbb.org.br\/cnbb-app\/wp\/v2\/categories?post=914853"},{"taxonomy":"post_tag","embeddable":true,"href":"https:\/\/www.cnbb.org.br\/cnbb-app\/wp\/v2\/tags?post=914853"}],"curies":[{"name":"wp","href":"https:\/\/api.w.org\/{rel}","templated":true}]}}