{"id":914978,"date":"2022-06-09T11:16:52","date_gmt":"2022-06-09T14:16:52","guid":{"rendered":"https:\/\/www.cnbb.org.br\/?p=914978"},"modified":"2022-06-09T11:17:43","modified_gmt":"2022-06-09T14:17:43","slug":"gloria-ao-pai-e-ao-filho-e-ao-espirito-santo","status":"publish","type":"post","link":"https:\/\/www.cnbb.org.br\/gloria-ao-pai-e-ao-filho-e-ao-espirito-santo\/","title":{"rendered":"Gl\u00f3ria ao Pai e ao Filho e ao Esp\u00edrito Santo"},"content":{"rendered":"<p style=\"text-align: right;\"><strong>Dom Rodolfo Lu\u00eds Weber<\/strong><br \/>\n<strong>Arquidiocese de Passo Fundo (RS)<\/strong><\/p>\n<p>&nbsp;<\/p>\n<p>&nbsp;<\/p>\n<p style=\"text-align: justify;\"><span data-contrast=\"auto\">O Ritual de Batismo da Igreja Cat\u00f3lica pergunta para quem vai ser batizado (se adulto) ou aos pais e padrinhos (se for crian\u00e7a) se creem em Deus Pai, em Jesus Cristo e no Esp\u00edrito Santo. Somente ap\u00f3s consciente e livremente responderem \u201ccreio\u201d, realiza-se o batismo \u201cem nome do Pai, do Filho e do Esp\u00edrito Santo (Mateus 28,19). A partir daquele dia toda a trajet\u00f3ria de vida crist\u00e3 do batizado acontecer\u00e1 neste \u201cnome\u201d. A invoca\u00e7\u00e3o do nome de Deus normalmente ser\u00e1 acompanhada com o gesto ritual do \u201csinal da cruz\u201d para iniciar as ora\u00e7\u00f5es pessoais, as celebra\u00e7\u00f5es sacramentais, as b\u00ean\u00e7\u00e3os, etc. Terminado o Tempo Pascal a liturgia dominical nos faz refletir e rezar o mist\u00e9rio da Sant\u00edssima Trindade, atrav\u00e9s dos textos Prov\u00e9rbios 8,22-31, Salmo 8, Romanos 5,1-5 e Jo\u00e3o 16,12-15.<\/span><span data-ccp-props=\"{&quot;201341983&quot;:0,&quot;335551550&quot;:6,&quot;335551620&quot;:6,&quot;335559739&quot;:120,&quot;335559740&quot;:259}\">\u00a0<\/span><\/p>\n<p style=\"text-align: justify;\"><span data-contrast=\"auto\">O Catecismo da Igreja Cat\u00f3lica ensina: \u201cOs crist\u00e3os s\u00e3o batizados \u201cem nome\u201d do Pai e do Filho e do Esp\u00edrito Santo, e n\u00e3o \u201cnos nomes\u201d deste tr\u00eas, pois s\u00f3 existe um Deus, o Pai todo-poderoso, seu Filho <\/span><span data-contrast=\"auto\">\u00da<\/span><span data-contrast=\"auto\">nico e o Esp\u00edrito Santo: a Sant\u00edssima Trindade (233).\u00a0<\/span><span data-ccp-props=\"{&quot;201341983&quot;:0,&quot;335551550&quot;:6,&quot;335551620&quot;:6,&quot;335559739&quot;:120,&quot;335559740&quot;:259}\">\u00a0<\/span><\/p>\n<p style=\"text-align: justify;\"><span data-contrast=\"auto\">\u201cO mist\u00e9rio da Sant\u00edssima Trindade \u00e9 o mist\u00e9rio central da f\u00e9 e da vida crist\u00e3. \u00c9, portanto, a fonte de todos os outros mist\u00e9rios da f\u00e9, \u00e9 a luz que os ilumina.<\/span><span data-contrast=\"auto\"> \u00c9 o ensinamento mais fundamental e essencial na \u201chierarquia das verdades de f\u00e9\u201d. \u201c<\/span><span data-contrast=\"auto\">Toda a hist\u00f3ria da salva\u00e7\u00e3o \u00e9 a hist\u00f3ria das vias e dos meios do revelar-se do Deus verdadeiro e \u00fanico: Pai, Filho e Esp\u00edrito Santo, o qual reconcilia e une a si aqueles que se afastam do pecado\u201d (234).<\/span><span data-ccp-props=\"{&quot;201341983&quot;:0,&quot;335551550&quot;:6,&quot;335551620&quot;:6,&quot;335559731&quot;:708,&quot;335559739&quot;:120,&quot;335559740&quot;:259}\">\u00a0<\/span><\/p>\n<p style=\"text-align: justify;\"><span data-contrast=\"auto\">A Trindade como o \u201cmist\u00e9rio central da f\u00e9\u201d <\/span><span data-contrast=\"auto\">\u00e9 inacess\u00edvel \u00e0 pura raz\u00e3o humana. Somente usando os meios humanos n\u00e3o se consegue chegar na intimidade<\/span><span data-contrast=\"auto\"> e na ess\u00eancia de Deus<\/span><span data-contrast=\"auto\">. \u00c9 necess\u00e1rio que <\/span><span data-contrast=\"auto\">Ele se revele, isto \u00e9, se apresente e se deixe conhecer. Em toda a hist\u00f3ria da salva\u00e7\u00e3o a Sant\u00edssima Trindade deixou vest\u00edgios que podemos compreender pela raz\u00e3o humana, seja na cria\u00e7\u00e3o, nas palavras sagradas das Escrituras, na voz dos profetas. Por\u00e9m, somente com Jesus Cristo e a vinda do Esp\u00edrito Santo foi-nos poss\u00edvel uma compreens\u00e3o melhor da intimidade de Deus.\u00a0<\/span><span data-ccp-props=\"{&quot;201341983&quot;:0,&quot;335551550&quot;:6,&quot;335551620&quot;:6,&quot;335559731&quot;:708,&quot;335559739&quot;:120,&quot;335559740&quot;:259}\">\u00a0<\/span><\/p>\n<p style=\"text-align: justify;\"><span data-contrast=\"auto\">Desde o come\u00e7o da Igreja muitos s\u00e1bios, estudiosos e santos procuraram elaborar a teologia da Sant\u00edssima Trindade. Tiveram que criar novas palavras e a outras dar novo sentido para explicarem o mist\u00e9rio divino. Tudo isto exigiu um grande esfor\u00e7o intelectual e humildade. A limita\u00e7\u00e3o da linguagem humana, as limita\u00e7\u00f5es de compreens\u00e3o e a falta de medidas s\u00e3o um limite para falar da Trindade, mas n\u00e3o uma barreira total.\u00a0 Por isso, no ensinamento foram distinguindo entre a vida \u00edntima de Deus-Trindade e as obras Dele. Por meio das obras conhecemos Deus e estas nos fazem conhecer a intimidade de Deus. Das pessoas podemos fazer a mesma analogia. A pessoa mostra-se no seu agir, e quanto melhor conhecemos uma pessoa, tanto melhor compreenderemos o seu agir.<\/span><span data-ccp-props=\"{&quot;201341983&quot;:0,&quot;335551550&quot;:6,&quot;335551620&quot;:6,&quot;335559731&quot;:708,&quot;335559739&quot;:120,&quot;335559740&quot;:259}\">\u00a0<\/span><\/p>\n<p style=\"text-align: justify;\"><span data-contrast=\"auto\">A liturgia dominical acentua o agir da Trindade. O livro dos Prov\u00e9rbios fala de Deus criador que tinha na sua companhia a sabedoria. O salmista est\u00e1 maravilhado pela cria\u00e7\u00e3o, principalmente por causa da criatura humana. Na carta aos Romanos S\u00e3o Paulo ensina que Jesus Cristo \u00e9 a media\u00e7\u00e3o entre os humanos e Deus Pai. Jesus \u00e9 o salvador e a esperan\u00e7a que n\u00e3o decepciona. O evangelista Jo\u00e3o narra a promessa de Jesus de enviar o Esp\u00edrito Santo, o Esp\u00edrito da Verdade. Testemunha tamb\u00e9m a sua profunda comunh\u00e3o com o Pai. \u201cTudo o que o Pai possui \u00e9 meu. Por isso, disse que o que ele receber\u00e1 e vos anunciar\u00e1, \u00e9 meu\u201d.<\/span><span data-ccp-props=\"{&quot;201341983&quot;:0,&quot;335551550&quot;:6,&quot;335551620&quot;:6,&quot;335559731&quot;:708,&quot;335559739&quot;:120,&quot;335559740&quot;:259}\">\u00a0<\/span><\/p>\n","protected":false},"excerpt":{"rendered":"<p>Dom Rodolfo Lu\u00eds Weber Arquidiocese de Passo Fundo (RS) &nbsp; &nbsp; O Ritual de Batismo da Igreja Cat\u00f3lica pergunta para quem vai ser batizado (se adulto) ou aos pais e padrinhos (se for crian\u00e7a) se creem em Deus Pai, em Jesus Cristo e no Esp\u00edrito Santo. Somente ap\u00f3s consciente e livremente responderem \u201ccreio\u201d, realiza-se o &hellip;<\/p>\n<p class=\"read-more\"> <a class=\"\" href=\"https:\/\/www.cnbb.org.br\/gloria-ao-pai-e-ao-filho-e-ao-espirito-santo\/\"> <span class=\"screen-reader-text\">Gl\u00f3ria ao Pai e ao Filho e ao Esp\u00edrito Santo<\/span> Leia mais &raquo;<\/a><\/p>\n","protected":false},"author":27,"featured_media":0,"comment_status":"open","ping_status":"open","sticky":false,"template":"","format":"standard","meta":{"site-sidebar-layout":"default","site-content-layout":"default","ast-global-header-display":"","ast-banner-title-visibility":"","ast-main-header-display":"","ast-hfb-above-header-display":"","ast-hfb-below-header-display":"","ast-hfb-mobile-header-display":"","site-post-title":"","ast-breadcrumbs-content":"","ast-featured-img":"","footer-sml-layout":"","theme-transparent-header-meta":"default","adv-header-id-meta":"","stick-header-meta":"","header-above-stick-meta":"","header-main-stick-meta":"","header-below-stick-meta":""},"categories":[758],"tags":[],"acf":[],"_links":{"self":[{"href":"https:\/\/www.cnbb.org.br\/cnbb-app\/wp\/v2\/posts\/914978"}],"collection":[{"href":"https:\/\/www.cnbb.org.br\/cnbb-app\/wp\/v2\/posts"}],"about":[{"href":"https:\/\/www.cnbb.org.br\/cnbb-app\/wp\/v2\/types\/post"}],"author":[{"embeddable":true,"href":"https:\/\/www.cnbb.org.br\/cnbb-app\/wp\/v2\/users\/27"}],"replies":[{"embeddable":true,"href":"https:\/\/www.cnbb.org.br\/cnbb-app\/wp\/v2\/comments?post=914978"}],"version-history":[{"count":0,"href":"https:\/\/www.cnbb.org.br\/cnbb-app\/wp\/v2\/posts\/914978\/revisions"}],"wp:attachment":[{"href":"https:\/\/www.cnbb.org.br\/cnbb-app\/wp\/v2\/media?parent=914978"}],"wp:term":[{"taxonomy":"category","embeddable":true,"href":"https:\/\/www.cnbb.org.br\/cnbb-app\/wp\/v2\/categories?post=914978"},{"taxonomy":"post_tag","embeddable":true,"href":"https:\/\/www.cnbb.org.br\/cnbb-app\/wp\/v2\/tags?post=914978"}],"curies":[{"name":"wp","href":"https:\/\/api.w.org\/{rel}","templated":true}]}}