{"id":914999,"date":"2022-06-09T13:46:06","date_gmt":"2022-06-09T16:46:06","guid":{"rendered":"https:\/\/www.cnbb.org.br\/?p=914999"},"modified":"2022-06-09T13:50:39","modified_gmt":"2022-06-09T16:50:39","slug":"sao-jose-de-anchieta-padroeiro-dos-catequistas-do-brasil","status":"publish","type":"post","link":"https:\/\/www.cnbb.org.br\/sao-jose-de-anchieta-padroeiro-dos-catequistas-do-brasil\/","title":{"rendered":"Igreja celebra o dia de S\u00e3o Jos\u00e9 de Anchieta, o padroeiro dos catequistas do Brasil"},"content":{"rendered":"<p style=\"text-align: justify;\">No dia 9 de junho, a Igreja faz mem\u00f3ria do grande mission\u00e1rio S\u00e3o Jos\u00e9 de Anchieta, o padroeiro dos catequistas e Ap\u00f3stolo do Brasil, como ficou conhecido.<\/p>\n<p style=\"text-align: justify;\">S\u00e3o Jos\u00e9 de Anchieta nasceu em Tenerife, no arquip\u00e9lago espanhol das Can\u00e1rias, em 19 de mar\u00e7o de 1534. Tendo recebido educa\u00e7\u00e3o crist\u00e3 em sua fam\u00edlia, foi enviado a estudar em Coimbra, onde dividia o seu tempo entre o estudo e a ora\u00e7\u00e3o. Sentindo-se chamado por Deus para a vida consagrada e desejando levar a luz do Evangelho aos que n\u00e3o o conheciam, entrou, aos 17 anos, na Companhia de Jesus, sociedade religiosa mission\u00e1ria rec\u00e9m-fundada por Santo In\u00e1cio de Loyola.<\/p>\n<blockquote>\n<p style=\"text-align: justify;\">&#8220;Deus o provou com uma grave doen\u00e7a, com fraqueza e dores em todo o corpo, durante dois anos. Os superiores decidiram envi\u00e1-lo ao Brasil, na esperan\u00e7a de que o bom clima da terra lhe fizesse bem. Provid\u00eancia divina!&#8217;, ponderou dom Fernando Areas Rifan, bispo da Administra\u00e7\u00e3o Apost\u00f3lica Pessoal S\u00e3o Jo\u00e3o Maria Vianney.<\/p>\n<\/blockquote>\n<h3><strong>O primeiro catequista do Brasil<\/strong><\/h3>\n<p style=\"text-align: justify;\">Anchieta partiu de Lisboa em 1553, com 19 anos de idade, acompanhando o novo Governador Geral do Brasil, Duarte da Costa, e alguns outros jesu\u00edtas.<\/p>\n<p style=\"text-align: justify;\">Viveu no Brasil dos 19 aos 63 anos, idade em que morreu, sendo ao longo desses 43 anos o verdadeiro \u201cAp\u00f3stolo do Brasil\u201d, participando da funda\u00e7\u00e3o de escolas, igrejas e cidades, liderando a catequese dos \u00edndios, aprendendo perfeitamente a l\u00edngua deles e escrevendo a primeira gram\u00e1tica brasileira em tupi.<\/p>\n<blockquote>\n<p style=\"text-align: justify;\">&#8220;A p\u00e9 ou de barco, Anchieta viajou pelo Brasil inaugurando miss\u00f5es, catequizando e instruindo os \u00edndios e colonos, consolidando assim o cristianismo e o sistema de ensino no pa\u00eds, fundando povoados, sendo o grande promotor da expans\u00e3o e interioriza\u00e7\u00e3o do pa\u00eds&#8217;, afirmou dom Fernando Areas Rifan.<\/p>\n<\/blockquote>\n<p>Faleceu na cidade de Reritiba (atual Anchieta, no Estado do Esp\u00edrito Santo) em 9 de junho de 1597.<\/p>\n<h3><strong>Anchieta ainda tem muito a inspirar os catequistas de hoje?\u00a0<\/strong><\/h3>\n<p style=\"text-align: justify;\">Em 2013, durante a 51\u00ba Assembleia Geral da Confer\u00eancia Nacional dos Bispos do Brasil (CNBB), o episcopado brasileiro, por meio de vota\u00e7\u00e3o, proclamou Anchieta, at\u00e9 ent\u00e3o beato \u00e0 \u00e9poca, como patrono dos catequistas do Brasil. J\u00e1 em 2014, foi canonizado pelo papa Francisco.<\/p>\n<p style=\"text-align: justify;\">Segundo o padre J\u00e2nison de S\u00e1, assessor da Comiss\u00e3o para a Anima\u00e7\u00e3o B\u00edblico-Catequ\u00e9tica da Confer\u00eancia Nacional dos Bispos do Brasil (CNBB), S\u00e3o Jos\u00e9 de Anchieta \u00e9 uma inspira\u00e7\u00e3o para todos os educadores na f\u00e9, &#8220;pois escreveu um catecismo e uma gram\u00e1tica na l\u00edngua dos ind\u00edgenas&#8221;.<\/p>\n<blockquote>\n<p style=\"text-align: justify;\">&#8220;Ele nos inspira por v\u00e1rios aspectos: o grande ardor mission\u00e1rio para anunciar Jesus Cristo; a preocupa\u00e7\u00e3o em fazer com que a mensagem do Evangelho chegasse a todas as pessoas; o acompanhamento aos que foram evangelizados e a transmiss\u00e3o da mensagem de forma compreens\u00edvel aos interlocutores, por isso escreveu um catecismo&#8221;, salientou padre J\u00e2nison.<\/p>\n<\/blockquote>\n<p style=\"text-align: justify;\">O site &#8220;<a href=\"https:\/\/www.catequesedobrasil.org.br\/noticia\/anchieta-admiravel-peregrino-todos-seguem-teu-caminho-\" target=\"_blank\" rel=\"noopener\">Catequese do Brasil<\/a>&#8220;, da Comiss\u00e3o para a Anima\u00e7\u00e3o B\u00edblico-Catequ\u00e9tica, publicou artigo sobre S\u00e3o Jos\u00e9 Anchieta, escrito pelo padre Adroaldo Palaoro, jesu\u00edta e orientador espiritual. Confira (<a href=\"https:\/\/www.catequesedobrasil.org.br\/noticia\/anchieta-admiravel-peregrino-todos-seguem-teu-caminho-\" target=\"_blank\" rel=\"noopener\">aqui<\/a>).<\/p>\n<h3><strong>Ora\u00e7\u00e3o \u00e0 S\u00e3o Jos\u00e9 de Anchieta<\/strong><\/h3>\n<p>&nbsp;<\/p>\n<p style=\"text-align: center;\">S\u00e3o Jos\u00e9 de Anchieta,<a href=\"http:\/\/img.cancaonova.com\/cnimages\/canais\/uploads\/sites\/6\/2014\/06\/formacao_oracao-a-sao-jose-de-anchieta.jpg\" target=\"_blank\" rel=\"external nofollow noopener\" data-rel=\"lightbox-image-0\" data-rl_title=\"\" data-rl_caption=\"\" title=\"\"><br \/>\n<\/a>Ap\u00f3stolo do Brasil,<br \/>\nPoeta da Virgem Maria,<br \/>\nIntercede por n\u00f3s hoje e sempre.<br \/>\nD\u00e1-nos a disponibilidade de servir a Jesus<br \/>\nComo tu o serviste nos mais pobres e necessitados.<br \/>\nProtege-nos de todos os males<br \/>\nDo corpo e da alma.<br \/>\nE, se for vontade de Deus,<br \/>\nAlcan\u00e7a-nos a gra\u00e7a que agora te pedimos<br \/>\n(pede-se a gra\u00e7a)<\/p>\n<p style=\"text-align: center;\"><b>S\u00e3o Jos\u00e9 de Anchieta, rogai por n\u00f3s!<\/b><\/p>\n<p>&nbsp;<\/p>\n<p>&nbsp;<\/p>\n<p>&nbsp;<\/p>\n","protected":false},"excerpt":{"rendered":"<p>Segundo o padre J\u00e2nison de S\u00e1, assessor da Comiss\u00e3o para a Anima\u00e7\u00e3o B\u00edblico-Catequ\u00e9tica da Confer\u00eancia Nacional dos Bispos do Brasil (CNBB), S\u00e3o Jos\u00e9 de Anchieta \u00e9 uma inspira\u00e7\u00e3o para todos os educadores na f\u00e9, &#8220;pois escreveu um catecismo e uma gram\u00e1tica na l\u00edngua dos ind\u00edgenas&#8221;<\/p>\n","protected":false},"author":141,"featured_media":915011,"comment_status":"open","ping_status":"open","sticky":false,"template":"","format":"standard","meta":{"site-sidebar-layout":"default","site-content-layout":"default","ast-global-header-display":"","ast-banner-title-visibility":"","ast-main-header-display":"","ast-hfb-above-header-display":"","ast-hfb-below-header-display":"","ast-hfb-mobile-header-display":"","site-post-title":"","ast-breadcrumbs-content":"","ast-featured-img":"","footer-sml-layout":"","theme-transparent-header-meta":"default","adv-header-id-meta":"","stick-header-meta":"","header-above-stick-meta":"","header-main-stick-meta":"","header-below-stick-meta":""},"categories":[50,1851],"tags":[4533,4532],"acf":[],"_links":{"self":[{"href":"https:\/\/www.cnbb.org.br\/cnbb-app\/wp\/v2\/posts\/914999"}],"collection":[{"href":"https:\/\/www.cnbb.org.br\/cnbb-app\/wp\/v2\/posts"}],"about":[{"href":"https:\/\/www.cnbb.org.br\/cnbb-app\/wp\/v2\/types\/post"}],"author":[{"embeddable":true,"href":"https:\/\/www.cnbb.org.br\/cnbb-app\/wp\/v2\/users\/141"}],"replies":[{"embeddable":true,"href":"https:\/\/www.cnbb.org.br\/cnbb-app\/wp\/v2\/comments?post=914999"}],"version-history":[{"count":0,"href":"https:\/\/www.cnbb.org.br\/cnbb-app\/wp\/v2\/posts\/914999\/revisions"}],"wp:featuredmedia":[{"embeddable":true,"href":"https:\/\/www.cnbb.org.br\/cnbb-app\/wp\/v2\/media\/915011"}],"wp:attachment":[{"href":"https:\/\/www.cnbb.org.br\/cnbb-app\/wp\/v2\/media?parent=914999"}],"wp:term":[{"taxonomy":"category","embeddable":true,"href":"https:\/\/www.cnbb.org.br\/cnbb-app\/wp\/v2\/categories?post=914999"},{"taxonomy":"post_tag","embeddable":true,"href":"https:\/\/www.cnbb.org.br\/cnbb-app\/wp\/v2\/tags?post=914999"}],"curies":[{"name":"wp","href":"https:\/\/api.w.org\/{rel}","templated":true}]}}