{"id":915070,"date":"2022-06-10T10:10:24","date_gmt":"2022-06-10T13:10:24","guid":{"rendered":"https:\/\/www.cnbb.org.br\/?p=915070"},"modified":"2022-06-10T11:27:24","modified_gmt":"2022-06-10T14:27:24","slug":"regiao-amazonica-vai-receber-experiencia-vocacional-missionaria-nacional-em-2023","status":"publish","type":"post","link":"https:\/\/www.cnbb.org.br\/regiao-amazonica-vai-receber-experiencia-vocacional-missionaria-nacional-em-2023\/","title":{"rendered":"Regi\u00e3o Amaz\u00f4nica vai receber 1\u00aa Experi\u00eancia Vocacional-Mission\u00e1ria Nacional de Seminaristas, Reitores, Formadores e da Juventude Mission\u00e1ria em 2023"},"content":{"rendered":"<p style=\"text-align: justify;\">Em sintonia com a caminhada mission\u00e1ria da Igreja no Brasil, ser\u00e1 realizada entre os dias 5 a 17 de janeiro de 2023 a 1\u00aa Experi\u00eancia Vocacional-Mission\u00e1ria Nacional de Seminaristas, Reitores, Formadores e da Juventude Mission\u00e1ria. O tema escolhido \u00e9 <strong><em>\u201cEnviados pelo Esp\u00edrito at\u00e9 os confins do mundo\u201d<\/em><\/strong> e o lema <em><strong>\u201cCristo aponta para a Amaz\u00f4nia\u201d<\/strong><\/em>.<\/p>\n<p style=\"text-align: justify;\">Considerando a aten\u00e7\u00e3o que a Igreja vem dando \u00e0 realidade amaz\u00f4nica, a Arquidiocese de Manaus foi escolhida para receber a experi\u00eancia mission\u00e1ria, com a possibilidade de ser acolhida tamb\u00e9m nas dioceses vizinhas. O evento foi lan\u00e7ado oficialmente nesta quinta, 9 de junho, durante o <em>\u201cIV Encontro da Igreja Cat\u00f3lica na Amaz\u00f4nia Legal \u2013 50 anos do Encontro de Santar\u00e9m\u201d<\/em>, que reuniu os bispos das prelazias, dioceses e arquidioceses de toda a Amaz\u00f4nia Legal, al\u00e9m de sacerdotes, leigos e religiosos e religiosas, para celebrar e refletir a a\u00e7\u00e3o evangelizadora da Igreja na Amaz\u00f4nia.<\/p>\n<p style=\"text-align: justify;\">Em resposta \u00e0 solicita\u00e7\u00e3o de acolhida da Arquidiocese de Manaus, o arcebispo dom Leonardo Ulrich Steiner OFM escreveu: <em>\u201cConfirmo a disponibilidade da realiza\u00e7\u00e3o da experi\u00eancia mission\u00e1ria em nossa Arquidiocese. Teremos a possibilidade de realizar a experi\u00eancia nas comunidades ribeirinhas, mas tamb\u00e9m na periferia. Criaremos uma equipe para acompanhar a organiza\u00e7\u00e3o e o processo com a Pontif\u00edcias Obras. Nossa Senhora da Concei\u00e7\u00e3o nos acompanhe e proteja\u201d<\/em>.<\/p>\n<p style=\"text-align: justify;\">A 1\u00aa Experi\u00eancia Vocacional-Mission\u00e1ria ser\u00e1 realizada pelas Pontif\u00edcias Obras Mission\u00e1rias (POM), Organiza\u00e7\u00e3o dos Semin\u00e1rios e Institutos do Brasil (OSIB), coordena\u00e7\u00e3o nacional dos Conselhos Mission\u00e1rios de Seminaristas (COMISE) e Confer\u00eancia dos Religiosos do Brasil (CRB). O evento \u00e9 destinado para bispos, reitores, formadores, seminaristas diocesanos e religiosos (de todas as etapas de forma\u00e7\u00e3o: proped\u00eautico, discipulado, configura\u00e7\u00e3o e s\u00edntese vocacional), jovens e assessores da Juventude Mission\u00e1ria, formando um total de 500 vagas.<\/p>\n<p style=\"text-align: justify;\">Nos pr\u00f3ximos dias ser\u00e1 lan\u00e7ada a marca oficial da Experi\u00eancia Vocacional-Mission\u00e1ria Nacional, bem como o processo de abertura de inscri\u00e7\u00f5es dos participantes.<\/p>\n<p style=\"text-align: justify;\"><strong><a href=\"https:\/\/www.pom.org.br\/wp-content\/uploads\/2022\/06\/1a-Experiencia-Missionaria-Nacional-ok-1.doc\" target=\"_blank\" rel=\"noopener\">Confira a carta de apresenta\u00e7\u00e3o da 1\u00aa Experi\u00eancia Vocacional-Mission\u00e1ria Nacional de Seminaristas, Reitores, Formadores e da Juventude Mission\u00e1ria<\/a><\/strong><\/p>\n<pre><em><strong>Com informa\u00e7\u00f5es das <a href=\"https:\/\/www.pom.org.br\/a-regiao-amazonica-vai-receber-experiencia-vocacional-missionaria-nacional-em-2023\/\" target=\"_blank\" rel=\"noopener\">Pontif\u00edcias Obras Mission\u00e1rias (POM)<\/a><\/strong><\/em><\/pre>\n","protected":false},"excerpt":{"rendered":"<p>Com o tema \u201cEnviados pelo Esp\u00edrito at\u00e9 os confins do mundo\u201d e o lema \u201cCristo aponta para a Amaz\u00f4nia\u201d, experi\u00eancia ser\u00e1 realizada entre os dias 5 a 17 de janeiro de 2023, na Arquidiocese de Manaus. <\/p>\n","protected":false},"author":83,"featured_media":915071,"comment_status":"open","ping_status":"open","sticky":false,"template":"","format":"standard","meta":{"site-sidebar-layout":"default","site-content-layout":"default","ast-global-header-display":"","ast-banner-title-visibility":"","ast-main-header-display":"","ast-hfb-above-header-display":"","ast-hfb-below-header-display":"","ast-hfb-mobile-header-display":"","site-post-title":"","ast-breadcrumbs-content":"","ast-featured-img":"","footer-sml-layout":"","theme-transparent-header-meta":"default","adv-header-id-meta":"","stick-header-meta":"","header-above-stick-meta":"","header-main-stick-meta":"","header-below-stick-meta":""},"categories":[50,826],"tags":[4537,4539,4536,4538],"acf":[],"_links":{"self":[{"href":"https:\/\/www.cnbb.org.br\/cnbb-app\/wp\/v2\/posts\/915070"}],"collection":[{"href":"https:\/\/www.cnbb.org.br\/cnbb-app\/wp\/v2\/posts"}],"about":[{"href":"https:\/\/www.cnbb.org.br\/cnbb-app\/wp\/v2\/types\/post"}],"author":[{"embeddable":true,"href":"https:\/\/www.cnbb.org.br\/cnbb-app\/wp\/v2\/users\/83"}],"replies":[{"embeddable":true,"href":"https:\/\/www.cnbb.org.br\/cnbb-app\/wp\/v2\/comments?post=915070"}],"version-history":[{"count":0,"href":"https:\/\/www.cnbb.org.br\/cnbb-app\/wp\/v2\/posts\/915070\/revisions"}],"wp:featuredmedia":[{"embeddable":true,"href":"https:\/\/www.cnbb.org.br\/cnbb-app\/wp\/v2\/media\/915071"}],"wp:attachment":[{"href":"https:\/\/www.cnbb.org.br\/cnbb-app\/wp\/v2\/media?parent=915070"}],"wp:term":[{"taxonomy":"category","embeddable":true,"href":"https:\/\/www.cnbb.org.br\/cnbb-app\/wp\/v2\/categories?post=915070"},{"taxonomy":"post_tag","embeddable":true,"href":"https:\/\/www.cnbb.org.br\/cnbb-app\/wp\/v2\/tags?post=915070"}],"curies":[{"name":"wp","href":"https:\/\/api.w.org\/{rel}","templated":true}]}}