{"id":915500,"date":"2022-06-15T14:42:50","date_gmt":"2022-06-15T17:42:50","guid":{"rendered":"https:\/\/www.cnbb.org.br\/?p=915500"},"modified":"2022-06-15T14:43:10","modified_gmt":"2022-06-15T17:43:10","slug":"corpus-christi-12","status":"publish","type":"post","link":"https:\/\/www.cnbb.org.br\/corpus-christi-12\/","title":{"rendered":"Corpus Christi"},"content":{"rendered":"<p style=\"text-align: right;\"><strong>Dom Alo\u00edsio A. Dilli<br \/>\nBispo de Santa Cruz do Sul (RS)<\/strong><\/p>\n<p>&nbsp;<\/p>\n<p style=\"text-align: justify;\"><span data-contrast=\"auto\">Caros diocesanos. A Igreja celebra <\/span><i><span data-contrast=\"auto\">Corpus Christi<\/span><\/i><span data-contrast=\"auto\"> &#8211; Corpo de Cristo, solenidade que tem estreita liga\u00e7\u00e3o com a Quinta-feira santa, dia em que Jesus instituiu a eucaristia, o sacerd\u00f3cio e ensinou o mandamento do amor, junto ao rito do lava-p\u00e9s. No contexto das muitas e ricas celebra\u00e7\u00f5es da semana santa fica dif\u00edcil valorizar toda riqueza que o mist\u00e9rio da eucaristia merece. Dentro deste contexto, a hist\u00f3ria da liturgia, a partir do s\u00e9c. XIII, fez surgir o que n\u00f3s celebramos em <\/span><i><span data-contrast=\"auto\">Corpus Christi<\/span><\/i><span data-contrast=\"auto\">, tendo como objetivo lit\u00fargico agradecer pela eucaristia e realizar uma manifesta\u00e7\u00e3o p\u00fablica de f\u00e9 na presen\u00e7a <\/span><i><span data-contrast=\"auto\">real e permanente<\/span><\/i><span data-contrast=\"auto\"> de Jesus Cristo no P\u00e3o vivo descido do c\u00e9u. Em <\/span><i><span data-contrast=\"auto\">Corpus Christi<\/span><\/i><span data-contrast=\"auto\">, esta atitude de gratid\u00e3o se expressa, sobretudo, pela celebra\u00e7\u00e3o da pr\u00f3pria missa e, em seguida, pela prociss\u00e3o solene nas ruas com a H\u00f3stia consagrada. Os enfeites nos caminhos p\u00fablicos e corredores das igrejas, fazem parte desta gratid\u00e3o e deste louvor.\u00a0<\/span><span data-ccp-props=\"{&quot;201341983&quot;:0,&quot;335551550&quot;:6,&quot;335551620&quot;:6,&quot;335559731&quot;:708,&quot;335559739&quot;:0,&quot;335559740&quot;:240}\">\u00a0<\/span><\/p>\n<p style=\"text-align: justify;\"><span data-contrast=\"auto\">Mesmo com toda riqueza celebrativa e do significado da pr\u00f3pria palavra <\/span><i><span data-contrast=\"auto\">Eucaristia<\/span><\/i><span data-contrast=\"auto\">, como a\u00e7\u00e3o de gra\u00e7as, devemos abordar outras dimens\u00f5es que ela cont\u00e9m, sobretudo como <\/span><i><span data-contrast=\"auto\">ceia de comunh\u00e3o<\/span><\/i><span data-contrast=\"auto\">, <\/span><i><span data-contrast=\"auto\">sacrif\u00edcio pascal<\/span><\/i><span data-contrast=\"auto\"> e <\/span><i><span data-contrast=\"auto\">miss\u00e3o<\/span><\/i><span data-contrast=\"auto\">, pois a espiritualidade eucar\u00edstica revela diversos aspectos em sua unidade indivis\u00edvel: ela nasce numa <\/span><i><span data-contrast=\"auto\">Ceia<\/span><\/i><span data-contrast=\"auto\"> que torna presente (mem\u00f3ria) o <\/span><i><span data-contrast=\"auto\">Sacrif\u00edcio da Cruz e a Ressurrei\u00e7\u00e3o de Cristo<\/span><\/i><span data-contrast=\"auto\"> (P\u00e1scoa), realizando a maior <\/span><i><span data-contrast=\"auto\">A\u00e7\u00e3o de Gra\u00e7as<\/span><\/i><span data-contrast=\"auto\"> poss\u00edvel para a salva\u00e7\u00e3o da humanidade, em todos os tempos, tornando-se fonte e ponto alto de toda evangeliza\u00e7\u00e3o.<\/span> <span data-contrast=\"auto\">Portanto, viver uma espiritualidade de Jesus eucar\u00edstico, longe de qualquer devocionismo ou intimismo, significa comungar sua vida, entregue em sacrif\u00edcio de amor, tornando-nos, com Ele e os irm\u00e3os, obla\u00e7\u00e3o e a\u00e7\u00e3o de gra\u00e7as ao Pai em nossa miss\u00e3o evangelizadora. Eucaristia e caridade (servi\u00e7o), portanto, andam de bra\u00e7os dados e esta rela\u00e7\u00e3o nos faz entender porque o evangelista Jo\u00e3o inclui o lava-p\u00e9s (Jo 13) onde os demais evangelistas narram a institui\u00e7\u00e3o da Eucaristia. S\u00e3o Paulo n\u00e3o pensa diferente (1Cor 11, 17-22.27-34). A autenticidade de nossas celebra\u00e7\u00f5es eucar\u00edsticas ser\u00e1 avaliada com este crit\u00e9rio, afirma Jo\u00e3o Paulo II (MND 28). Por isso, faz-se coleta de caridade para os necessitados, nesse dia, pois comungar Jesus Cristo \u00e9 tamb\u00e9m entrar em comunh\u00e3o com os irm\u00e3os\/\u00e3s.\u00a0<\/span><span data-ccp-props=\"{&quot;201341983&quot;:0,&quot;335551550&quot;:6,&quot;335551620&quot;:6,&quot;335559731&quot;:708,&quot;335559739&quot;:0,&quot;335559740&quot;:240}\">\u00a0<\/span><\/p>\n<p style=\"text-align: justify;\"><span data-contrast=\"auto\">Na solenidade de Corpus Christi desejamos louvar e agradecer a Jesus eucar\u00edstico pela sua presen\u00e7a entre n\u00f3s neste sacramento e lhe oferecemos o que de melhor possu\u00edmos, atrav\u00e9s de precioso ostens\u00f3rio, dignos sacr\u00e1rios em nossos templos e ruas enfeitadas com belos s\u00edmbolos religiosos. Contudo, n\u00e3o podemos esquecer o mais importante: acolh\u00ea-lo como divino h\u00f3spede em nossos cora\u00e7\u00f5es, em nossa vida, e sermos sacr\u00e1rios vivos, portadores do Senhor na vida pessoal e familiar, em nossos ambientes de trabalho e de conviv\u00eancia na sociedade. N\u00e3o basta viver o cristianismo apenas em nossos templos.<\/span><span data-ccp-props=\"{&quot;201341983&quot;:0,&quot;335551550&quot;:6,&quot;335551620&quot;:6,&quot;335559731&quot;:708,&quot;335559739&quot;:0,&quot;335559740&quot;:240}\">\u00a0<\/span><\/p>\n<p style=\"text-align: justify;\"><span data-contrast=\"auto\">Como ent\u00e3o celebrar Corpus Christi no contexto de tantos irm\u00e3os\/\u00e3s que passam por necessidades, inclusive com fome? Vamos participar das celebra\u00e7\u00f5es, honrando o Senhor presente na eucaristia e, sobretudo, recebendo-o na comunh\u00e3o e, ap\u00f3s a missa em nossos templos, manifestemos publicamente nossa gratid\u00e3o a Jesus Cristo por esta presen\u00e7a no Sant\u00edssimo Sacramento atrav\u00e9s da prociss\u00e3o em ruas de nossa cidade ou interior, recebendo sua b\u00ean\u00e7\u00e3o. Sugerimos tamb\u00e9m a coloca\u00e7\u00e3o de sinais eucar\u00edsticos nesse dia, em nossas casas. Mas n\u00e3o deixemos de acolher o mesmo Senhor da eucaristia que se apresenta em nosso irm\u00e3o\/\u00e3 em necessidade (cf. Mt 25, 34ss). Participar da coleta de alimentos j\u00e1 \u00e9 uma forma de ajuda: os tapetes da caridade s\u00e3o os mais lindos! Em nossa diocese faz-se neste evento tamb\u00e9m o lan\u00e7amento da Romaria da Santa Cruz que, em 2022, ser\u00e1 muito especial: vamos inaugurar o novo Altar-Monumento.<\/span><span data-ccp-props=\"{&quot;201341983&quot;:0,&quot;335551550&quot;:6,&quot;335551620&quot;:6,&quot;335559731&quot;:708,&quot;335559739&quot;:0,&quot;335559740&quot;:240}\">\u00a0<\/span><\/p>\n<p><span data-ccp-props=\"{&quot;201341983&quot;:0,&quot;335551550&quot;:6,&quot;335551620&quot;:6,&quot;335559731&quot;:708,&quot;335559739&quot;:0,&quot;335559740&quot;:240}\">\u00a0<\/span><\/p>\n<p>&nbsp;<\/p>\n","protected":false},"excerpt":{"rendered":"<p>Dom Alo\u00edsio A. Dilli Bispo de Santa Cruz do Sul (RS) &nbsp; Caros diocesanos. A Igreja celebra Corpus Christi &#8211; Corpo de Cristo, solenidade que tem estreita liga\u00e7\u00e3o com a Quinta-feira santa, dia em que Jesus instituiu a eucaristia, o sacerd\u00f3cio e ensinou o mandamento do amor, junto ao rito do lava-p\u00e9s. No contexto das &hellip;<\/p>\n<p class=\"read-more\"> <a class=\"\" href=\"https:\/\/www.cnbb.org.br\/corpus-christi-12\/\"> <span class=\"screen-reader-text\">Corpus Christi<\/span> Leia mais &raquo;<\/a><\/p>\n","protected":false},"author":33,"featured_media":0,"comment_status":"open","ping_status":"open","sticky":false,"template":"","format":"standard","meta":{"site-sidebar-layout":"default","site-content-layout":"default","ast-global-header-display":"","ast-banner-title-visibility":"","ast-main-header-display":"","ast-hfb-above-header-display":"","ast-hfb-below-header-display":"","ast-hfb-mobile-header-display":"","site-post-title":"","ast-breadcrumbs-content":"","ast-featured-img":"","footer-sml-layout":"","theme-transparent-header-meta":"default","adv-header-id-meta":"","stick-header-meta":"","header-above-stick-meta":"","header-main-stick-meta":"","header-below-stick-meta":""},"categories":[758],"tags":[],"acf":[],"_links":{"self":[{"href":"https:\/\/www.cnbb.org.br\/cnbb-app\/wp\/v2\/posts\/915500"}],"collection":[{"href":"https:\/\/www.cnbb.org.br\/cnbb-app\/wp\/v2\/posts"}],"about":[{"href":"https:\/\/www.cnbb.org.br\/cnbb-app\/wp\/v2\/types\/post"}],"author":[{"embeddable":true,"href":"https:\/\/www.cnbb.org.br\/cnbb-app\/wp\/v2\/users\/33"}],"replies":[{"embeddable":true,"href":"https:\/\/www.cnbb.org.br\/cnbb-app\/wp\/v2\/comments?post=915500"}],"version-history":[{"count":0,"href":"https:\/\/www.cnbb.org.br\/cnbb-app\/wp\/v2\/posts\/915500\/revisions"}],"wp:attachment":[{"href":"https:\/\/www.cnbb.org.br\/cnbb-app\/wp\/v2\/media?parent=915500"}],"wp:term":[{"taxonomy":"category","embeddable":true,"href":"https:\/\/www.cnbb.org.br\/cnbb-app\/wp\/v2\/categories?post=915500"},{"taxonomy":"post_tag","embeddable":true,"href":"https:\/\/www.cnbb.org.br\/cnbb-app\/wp\/v2\/tags?post=915500"}],"curies":[{"name":"wp","href":"https:\/\/api.w.org\/{rel}","templated":true}]}}