{"id":915502,"date":"2022-06-15T14:44:32","date_gmt":"2022-06-15T17:44:32","guid":{"rendered":"https:\/\/www.cnbb.org.br\/?p=915502"},"modified":"2022-06-15T14:44:57","modified_gmt":"2022-06-15T17:44:57","slug":"carta-as-familias-2","status":"publish","type":"post","link":"https:\/\/www.cnbb.org.br\/carta-as-familias-2\/","title":{"rendered":"Carta \u00e0s Fam\u00edlias\u00a0"},"content":{"rendered":"<p style=\"text-align: right;\"><strong>Dom Adimir Antonio Mazali<br \/>\nBispo de Erexim (RS)<\/strong><\/p>\n<p style=\"text-align: right;\"><strong>\u00a0<\/strong><\/p>\n<p style=\"text-align: justify;\"><span data-contrast=\"auto\">Minha sauda\u00e7\u00e3o a todos os irm\u00e3os e irm\u00e3s que acompanham Voz da Diocese. Aproximando-se o 10\u00ba Encontro Mundial das Fam\u00edlias com o Papa Francisco, quero dirigir-me a todas as fam\u00edlias, convidando-as a viver intensamente este tempo da gra\u00e7a. Assim desejo saudar fraternalmente todas as fam\u00edlias de nossa Diocese de Erexim.\u00a0<\/span><span data-ccp-props=\"{&quot;335551550&quot;:6,&quot;335551620&quot;:6}\">\u00a0<\/span><\/p>\n<p style=\"text-align: justify;\"><b><span data-contrast=\"auto\">\u00a0\u201cAmor familiar: caminho de santidade\u201d<\/span><\/b><span data-ccp-props=\"{&quot;335551550&quot;:2,&quot;335551620&quot;:2}\">\u00a0<\/span><\/p>\n<p style=\"text-align: justify;\"><span data-contrast=\"auto\">Entre os dias 22 e 26, deste m\u00eas de junho\/22, na Cidade de Roma, realizar-se-\u00e1 o 10\u00ba Encontro Mundial das Fam\u00edlias com o Papa Francisco. <\/span><span data-contrast=\"none\">Ser\u00e1 um momento especial de encontro, escuta e reflex\u00e3o, entre os agentes eclesiais da pastoral familiar e matrimonial, sobre temas inerentes \u00e0 vida e \u00e0 miss\u00e3o das fam\u00edlias crist\u00e3s na Igreja e nas<\/span><span data-contrast=\"none\"> sociedades atuais, destacando a prepara\u00e7\u00e3o dos casais para a vida matrimonial; as luzes e sombras da educa\u00e7\u00e3o humana e crist\u00e3 dentro das fam\u00edlias; a prepara\u00e7\u00e3o de agentes da pastoral familiar, seus desafios e quest\u00f5es dif\u00edceis, com foco na fam\u00edlia crist\u00e3 como Igreja Dom\u00e9stica. O tema da sinodalidade lembrando o S\u00ednodo dos Bispos de 2023, ter\u00e1 seus desdobramentos no enfoque das rela\u00e7\u00f5es entre jovens e idosos, o acompanhamento da paternidade e maternidade, a ado\u00e7\u00e3o e o cuidado das crian\u00e7as como escolhas crist\u00e3s e a defesa e acolhimento da vida em quaisquer situa\u00e7\u00f5es e circunst\u00e2ncias. Esses temas, e outros mais, ser\u00e3o abordados, tendo como transfundo o tema geral, qual seja, <\/span><b><span data-contrast=\"none\">\u201cAmor familiar: caminho de santidade\u201d<\/span><\/b><span data-contrast=\"none\">.\u00a0<\/span><span data-ccp-props=\"{&quot;134233117&quot;:true,&quot;134233118&quot;:true,&quot;201341983&quot;:0,&quot;335551550&quot;:6,&quot;335551620&quot;:6,&quot;335559740&quot;:240}\">\u00a0<\/span><\/p>\n<p style=\"text-align: justify;\"><span data-contrast=\"none\">O Encontro Mundial do Papa com as Fam\u00edlias, s<\/span><span data-contrast=\"auto\">er\u00e1, sem sombras de d\u00favidas, uma oportunidade de reiterar a voca\u00e7\u00e3o humana e familiar para o amor, v\u00ednculo da santidade. Igualmente, ser\u00e1, de outro modo, uma ocasi\u00e3o para reafirmar a fam\u00edlia, em suas multiformes express\u00f5es, como c\u00e9lula essencial da sociedade, na constru\u00e7\u00e3o de um mundo mais justo e solid\u00e1rio, voltado para a defesa e promo\u00e7\u00e3o da vida, da consolida\u00e7\u00e3o da paz universal e do cuidado com a Casa Comum.\u00a0<\/span><span data-ccp-props=\"{&quot;134233117&quot;:true,&quot;134233118&quot;:true,&quot;201341983&quot;:0,&quot;335551550&quot;:6,&quot;335551620&quot;:6,&quot;335559731&quot;:708,&quot;335559740&quot;:240}\">\u00a0<\/span><\/p>\n<p style=\"text-align: justify;\"><span data-contrast=\"auto\">Assim sendo, g<\/span><span data-contrast=\"none\">ostaria de convidar a todas as fam\u00edlias crist\u00e3s, especialmente as fam\u00edlias cat\u00f3licas de nossa diocese de Erexim, para acompanhar tal Evento Eclesial, com esp\u00edrito de ora\u00e7\u00e3o e reflex\u00e3o, a fim de que tomemos cada vez mais consci\u00eancia que a Fam\u00edlia \u00e9 o Santu\u00e1rio da vida e do amor, espa\u00e7o primordial para o surgimento e o exerc\u00edcio dos valores humanos e das virtudes crist\u00e3s.\u00a0\u00a0\u00a0<\/span><span data-ccp-props=\"{&quot;134233117&quot;:true,&quot;134233118&quot;:true,&quot;201341983&quot;:0,&quot;335551550&quot;:6,&quot;335551620&quot;:6,&quot;335559731&quot;:708,&quot;335559740&quot;:240}\">\u00a0<\/span><\/p>\n<p style=\"text-align: justify;\"><span data-contrast=\"none\">Enfim, aproveito para <\/span><span data-contrast=\"auto\">expressar os mais profundos votos de gratid\u00e3o a todos quantos, em fam\u00edlia, s\u00e3o verdadeiros sinais do amor de Deus para o mundo. Que a Fam\u00edlia de Nazar\u00e9 \u2013 Jesus, Maria e Jos\u00e9 \u2013 modelo de santidade e fidelidade a Deus, interceda e aben\u00e7oe todas as nossas fam\u00edlias. Que os frutos do Encontro Mundial das Fam\u00edlias com o Papa Francisco, fa\u00e7am com que todos os agentes de pastoral de nossa diocese, a saber, Presb\u00edteros, Di\u00e1conos Permanentes, Consagrados e Consagradas, e todos os Leigos e Leigas, encantem-se pela causa da Pastoral Familiar, como meio privilegiado e transversal da evangeliza\u00e7\u00e3o em nossa Igreja Particular.\u00a0<\/span><span data-ccp-props=\"{&quot;335551550&quot;:6,&quot;335551620&quot;:6,&quot;335559731&quot;:708}\">\u00a0<\/span><\/p>\n<p style=\"text-align: justify;\"><b><span data-contrast=\"auto\">Repito o convite:<\/span><\/b><span data-contrast=\"auto\"> Acompanhe pelos Meios de Comunica\u00e7\u00e3o e Redes Sociais este grande evento da fam\u00edlia crist\u00e3 em nossa Igreja.\u00a0<\/span><span data-ccp-props=\"{&quot;335551550&quot;:6,&quot;335551620&quot;:6}\">\u00a0<\/span><\/p>\n<p style=\"text-align: justify;\">\n<p><span data-ccp-props=\"{&quot;335551550&quot;:6,&quot;335551620&quot;:6}\">\u00a0<\/span><\/p>\n<p>&nbsp;<\/p>\n","protected":false},"excerpt":{"rendered":"<p>Dom Adimir Antonio Mazali Bispo de Erexim (RS) \u00a0 Minha sauda\u00e7\u00e3o a todos os irm\u00e3os e irm\u00e3s que acompanham Voz da Diocese. Aproximando-se o 10\u00ba Encontro Mundial das Fam\u00edlias com o Papa Francisco, quero dirigir-me a todas as fam\u00edlias, convidando-as a viver intensamente este tempo da gra\u00e7a. Assim desejo saudar fraternalmente todas as fam\u00edlias de &hellip;<\/p>\n<p class=\"read-more\"> <a class=\"\" href=\"https:\/\/www.cnbb.org.br\/carta-as-familias-2\/\"> <span class=\"screen-reader-text\">Carta \u00e0s Fam\u00edlias\u00a0<\/span> Leia mais &raquo;<\/a><\/p>\n","protected":false},"author":103,"featured_media":0,"comment_status":"open","ping_status":"open","sticky":false,"template":"","format":"standard","meta":{"site-sidebar-layout":"default","site-content-layout":"default","ast-global-header-display":"","ast-banner-title-visibility":"","ast-main-header-display":"","ast-hfb-above-header-display":"","ast-hfb-below-header-display":"","ast-hfb-mobile-header-display":"","site-post-title":"","ast-breadcrumbs-content":"","ast-featured-img":"","footer-sml-layout":"","theme-transparent-header-meta":"default","adv-header-id-meta":"","stick-header-meta":"","header-above-stick-meta":"","header-main-stick-meta":"","header-below-stick-meta":""},"categories":[758],"tags":[],"acf":[],"_links":{"self":[{"href":"https:\/\/www.cnbb.org.br\/cnbb-app\/wp\/v2\/posts\/915502"}],"collection":[{"href":"https:\/\/www.cnbb.org.br\/cnbb-app\/wp\/v2\/posts"}],"about":[{"href":"https:\/\/www.cnbb.org.br\/cnbb-app\/wp\/v2\/types\/post"}],"author":[{"embeddable":true,"href":"https:\/\/www.cnbb.org.br\/cnbb-app\/wp\/v2\/users\/103"}],"replies":[{"embeddable":true,"href":"https:\/\/www.cnbb.org.br\/cnbb-app\/wp\/v2\/comments?post=915502"}],"version-history":[{"count":0,"href":"https:\/\/www.cnbb.org.br\/cnbb-app\/wp\/v2\/posts\/915502\/revisions"}],"wp:attachment":[{"href":"https:\/\/www.cnbb.org.br\/cnbb-app\/wp\/v2\/media?parent=915502"}],"wp:term":[{"taxonomy":"category","embeddable":true,"href":"https:\/\/www.cnbb.org.br\/cnbb-app\/wp\/v2\/categories?post=915502"},{"taxonomy":"post_tag","embeddable":true,"href":"https:\/\/www.cnbb.org.br\/cnbb-app\/wp\/v2\/tags?post=915502"}],"curies":[{"name":"wp","href":"https:\/\/api.w.org\/{rel}","templated":true}]}}