{"id":915696,"date":"2022-06-19T07:01:39","date_gmt":"2022-06-19T10:01:39","guid":{"rendered":"https:\/\/www.cnbb.org.br\/?p=915696"},"modified":"2022-06-21T10:48:40","modified_gmt":"2022-06-21T13:48:40","slug":"quem-sou-eu-para-vos-tu-es-o-cristo-de-deus-respondeu-pedro-lc-920-e-nos-hoje-como-respondemos","status":"publish","type":"post","link":"https:\/\/www.cnbb.org.br\/quem-sou-eu-para-vos-tu-es-o-cristo-de-deus-respondeu-pedro-lc-920-e-nos-hoje-como-respondemos\/","title":{"rendered":"\u201cquem sou eu para v\u00f3s? Tu \u00e9s o Cristo de Deus, respondeu Pedro\u201d. (Lc 9,20) E n\u00f3s, hoje? Como respondemos?"},"content":{"rendered":"<p style=\"text-align: right;\"><strong>Dom Carmo Jo\u00e3o Rhoden<\/strong><br \/>\n<strong>Bispo Em\u00e9rito de Taubat\u00e9 \u2013SP<\/strong><br \/>\n<strong>Presidente da Pr\u00f3 Sa\u00fade.<\/strong><\/p>\n<p style=\"text-align: justify;\"><em>Tema: \u201cquem sou eu para v\u00f3s? Tu \u00e9s o Cristo de Deus, respondeu Pedro\u201d. (Lc 9,20) E n\u00f3s, hoje? Como respondemos?<\/em><\/p>\n<p style=\"text-align: justify;\">1\u00b0 Quem sou eu para v\u00f3s? Tanto a pergunta, quanto a resposta, s\u00e3o important\u00edssimas. Mas a resposta deve ser pessoal e atual. Outrora, o povo, at\u00e9, possu\u00eda um conceito bastante elevado de Jesus: estava no patamar dos profetas, como, Jo\u00e3o Batista, Elias e outros. Hoje, no entanto muit\u00edssimos, nem o conhecem. Para outros, \u00e9 algu\u00e9m bem intencionado e talvez, mal compreendido, ou ent\u00e3o, um iludido. Para n\u00f3s, crist\u00e3os: Ele \u00e9 o Cristo de Deus, o Salvador, o Crucificado e Ressuscitado. A solu\u00e7\u00e3o: a \u00fanica.<\/p>\n<p style=\"text-align: justify;\">2\u00b0 Mas, quem \u00e9 Ele, para mim, para voc\u00ea, hoje? A pergunta \u00e9 interessant\u00edssima, e a resposta n\u00e3o pode ser \u00e9 postergada. \u00c9 crucial e comprometedora. N\u00e3o basta ter, um conceito teol\u00f3gica e exegeticamente impec\u00e1vel de Jesus. Nem \u00e9 bastante responder com e como Pedro. \u00c9 preciso viver, como Pedro, j\u00e1, convertido, como Paulo o mission\u00e1rio invej\u00e1vel, como santa Terezinha do Menino Jesus, Edith Stein, a fil\u00f3sofa e m\u00e1rtir, ou se poss\u00edvel, como Maria, ou seja, como a m\u00e3e de Jesus.<\/p>\n<p style=\"text-align: justify;\">3\u00b0 Infelizmente, hoje, h\u00e1 crist\u00e3o nominais e cat\u00f3licos religiosamente cansados ou frios. Batizados, apenas. Seguem ritos ortodoxos ou, j\u00e1, meio heterodoxos. Outros tantos, at\u00e9 mesmo, pagam o d\u00edzimo e fazem peregrina\u00e7\u00e3o \u00e0 Jerusal\u00e9m, para ver o t\u00famulo de Jesus, mas n\u00e3o passam pelo Calv\u00e1rio&#8230; V\u00e3o mais, como turistas do que como disc\u00edpulos conscientes e mission\u00e1rios.<\/p>\n<p style=\"text-align: justify;\">4\u00b0 As raz\u00f5es para seguir Jesus Cristo, n\u00e3o podem ser subjetivas, sentimentalistas ou ideol\u00f3gicas. Devem ser as condi\u00e7\u00f5es apresentadas pelo evangelho. 4.1 Saber renunciar. 4.2 Combater, o comodismo e a omiss\u00e3o. 4.3 Ser solid\u00e1rio com os necessitados e carentes. 4.4 Carregar\u201d diariamente\u201d a pr\u00f3pria cruz, seguindo Jesus Cristo, fiel e amorosamente (Lc 9,23). Os ideais crist\u00e3os s\u00e3o valores convincentes e n\u00e3o med\u00edocres. Pedro iluminado pelo Esp\u00edrito Santo respondeu, outrora corretamente, \u00e0 pergunta de Jesus, mas, ainda n\u00e3o plenamente convertido, mesmo que, bem intencionado, tentou desviar Jesus do caminho da cruz. Ouviu, ent\u00e3o: \u201cafasta-te de mim satan\u00e1s\u201d, pois \u00e9s motivo de esc\u00e2ndalo para mim (Mt 16,23). O s\u00e3o, tamb\u00e9m, hoje, todos aqueles que, pela palavra ou mau testemunho, desviam as pessoas da sua voca\u00e7\u00e3o e miss\u00e3o. Pergunto: o que diria Jesus, hoje, para mim, para voc\u00ea? N\u00e3o somos, tamb\u00e9m, n\u00f3s medrosos e covardes? Pergunto, uma vez mais, quem \u00e9 Jesus Cristo, para mim e para voc\u00ea? Para responder corretamente, correspondendo, n\u00e3o \u00e9 preciso ter frequentado a universidade Gregoriana ou a Lateranense, mas a escola do discipulado de Cristo, n\u00e3o faltando aos encontros com o Mestre. \u00c9 o nosso caso? Felicidades ent\u00e3o.<\/p>\n","protected":false},"excerpt":{"rendered":"<p>Dom Carmo Jo\u00e3o Rhoden Bispo Em\u00e9rito de Taubat\u00e9 \u2013SP Presidente da Pr\u00f3 Sa\u00fade. Tema: \u201cquem sou eu para v\u00f3s? Tu \u00e9s o Cristo de Deus, respondeu Pedro\u201d. (Lc 9,20) E n\u00f3s, hoje? Como respondemos? 1\u00b0 Quem sou eu para v\u00f3s? Tanto a pergunta, quanto a resposta, s\u00e3o important\u00edssimas. Mas a resposta deve ser pessoal e &hellip;<\/p>\n<p class=\"read-more\"> <a class=\"\" href=\"https:\/\/www.cnbb.org.br\/quem-sou-eu-para-vos-tu-es-o-cristo-de-deus-respondeu-pedro-lc-920-e-nos-hoje-como-respondemos\/\"> <span class=\"screen-reader-text\">\u201cquem sou eu para v\u00f3s? Tu \u00e9s o Cristo de Deus, respondeu Pedro\u201d. (Lc 9,20) E n\u00f3s, hoje? Como respondemos?<\/span> Leia mais &raquo;<\/a><\/p>\n","protected":false},"author":132,"featured_media":0,"comment_status":"open","ping_status":"open","sticky":false,"template":"","format":"standard","meta":{"site-sidebar-layout":"default","site-content-layout":"default","ast-global-header-display":"","ast-banner-title-visibility":"","ast-main-header-display":"","ast-hfb-above-header-display":"","ast-hfb-below-header-display":"","ast-hfb-mobile-header-display":"","site-post-title":"","ast-breadcrumbs-content":"","ast-featured-img":"","footer-sml-layout":"","theme-transparent-header-meta":"default","adv-header-id-meta":"","stick-header-meta":"","header-above-stick-meta":"","header-main-stick-meta":"","header-below-stick-meta":""},"categories":[758],"tags":[],"acf":[],"_links":{"self":[{"href":"https:\/\/www.cnbb.org.br\/cnbb-app\/wp\/v2\/posts\/915696"}],"collection":[{"href":"https:\/\/www.cnbb.org.br\/cnbb-app\/wp\/v2\/posts"}],"about":[{"href":"https:\/\/www.cnbb.org.br\/cnbb-app\/wp\/v2\/types\/post"}],"author":[{"embeddable":true,"href":"https:\/\/www.cnbb.org.br\/cnbb-app\/wp\/v2\/users\/132"}],"replies":[{"embeddable":true,"href":"https:\/\/www.cnbb.org.br\/cnbb-app\/wp\/v2\/comments?post=915696"}],"version-history":[{"count":0,"href":"https:\/\/www.cnbb.org.br\/cnbb-app\/wp\/v2\/posts\/915696\/revisions"}],"wp:attachment":[{"href":"https:\/\/www.cnbb.org.br\/cnbb-app\/wp\/v2\/media?parent=915696"}],"wp:term":[{"taxonomy":"category","embeddable":true,"href":"https:\/\/www.cnbb.org.br\/cnbb-app\/wp\/v2\/categories?post=915696"},{"taxonomy":"post_tag","embeddable":true,"href":"https:\/\/www.cnbb.org.br\/cnbb-app\/wp\/v2\/tags?post=915696"}],"curies":[{"name":"wp","href":"https:\/\/api.w.org\/{rel}","templated":true}]}}