{"id":916011,"date":"2022-06-24T10:50:14","date_gmt":"2022-06-24T13:50:14","guid":{"rendered":"https:\/\/www.cnbb.org.br\/?p=916011"},"modified":"2022-06-24T10:53:31","modified_gmt":"2022-06-24T13:53:31","slug":"dicasterio-para-as-causas-dos-santos-anunciou-a-beatificacao-da-serva-de-deus-isabel-cristina-mrad-campos-para-o-dia-10-12-em-barbacena-mg","status":"publish","type":"post","link":"https:\/\/www.cnbb.org.br\/dicasterio-para-as-causas-dos-santos-anunciou-a-beatificacao-da-serva-de-deus-isabel-cristina-mrad-campos-para-o-dia-10-12-em-barbacena-mg\/","title":{"rendered":"Dicast\u00e9rio para as Causas dos Santos anunciou a beatifica\u00e7\u00e3o da Serva de Deus Isabel Cristina Mrad Campos para o dia 10\/12, em Barbacena (MG)"},"content":{"rendered":"<p style=\"text-align: justify;\">A Serva de Deus Isabel Cristina Mrad Campos ser\u00e1 beatificada no dia 10 de dezembro, em Barbacena (MG), em celebra\u00e7\u00e3o solene com o rito de beatifica\u00e7\u00e3o presidida pelo prefeito do Dicast\u00e9rio da Causa dos Santos, o cardeal Marcello Semeraro.\u00a0A data, que era aguardada com grande expectativa em toda arquidiocese de Mariana, foi confirmada nesta quarta-feira, 22 de junho, pelo Postulador da Causa de Beatifica\u00e7\u00e3o da Vener\u00e1vel, doutor Paolo Vilotta, em carta ao arcebispo metropolitano, dom Airton Jos\u00e9 dos Santos.<\/p>\n<p style=\"text-align: justify;\">Destacando a alegria e honra pela beatifica\u00e7\u00e3o da Serva de Deus Isabel Cristina, a primeira da arquidiocese de Mariana, dom Airton solicita a todos os fi\u00e9is que se empenhem e rezem para esse momento. \u201cVamos trabalhar intensamente e adquirir experi\u00eancia na prepara\u00e7\u00e3o [da beatifica\u00e7\u00e3o] daqueles que s\u00e3o colocados pela Igreja como modelos de vida e santidade para todo o Povo de Deus\u201d, afirmou. O arcebispo tamb\u00e9m recordou os demais processos de beatifica\u00e7\u00e3o e canoniza\u00e7\u00e3o da arquidiocese de Mariana: Vener\u00e1vel Dom Vi\u00e7oso, Monsenhor Horta e o Servo de Deus Dom Luciano Pedro Mendes de Almeida.<\/p>\n<p style=\"text-align: justify;\">O p\u00e1roco da par\u00f3quia Nossa Senhora da Piedade, em Barbacena (MG), monsenhor Danival Milagres, pontua a alegria que a not\u00edcia foi recebida pelos paroquianos e familiares da Serva de Deus. \u00c9 na Igreja Matriz da comunidade de f\u00e9 citada que a Serva de Deus recebeu o Sacramento do Batismo e onde, atualmente, se encontram depositados os seus restos mortais.<\/p>\n<h3 style=\"text-align: justify;\">Valores da f\u00e9 e viv\u00eancia da santidade<\/h3>\n<p style=\"text-align: justify;\">\u201cRecebemos com muita alegria e esperan\u00e7a essa confirma\u00e7\u00e3o de sua beatifica\u00e7\u00e3o. Esperan\u00e7a porque se trata de uma jovem que deve inspirar tantos outros a viverem com coragem o testemunho da f\u00e9, da esperan\u00e7a e da caridade. Isabel Cristina soube viver em grau heroico as virtudes crist\u00e3s, sobretudo, o testemunho da sua f\u00e9 pela viv\u00eancia da caridade atrav\u00e9s de sua participa\u00e7\u00e3o na Sociedade de S\u00e3o Vicente de Paulo (SSVP). Destaco ainda a sua coragem na defesa da vida e do valor da castidade, enfrentando com esperan\u00e7a o sofrimento da qual ela foi v\u00edtima. Jovem de f\u00e9, cultivava seu amor a Maria, por isso, ela estava com ter\u00e7o em sua m\u00e3o, em forma de anel, quando a encontraram morta em seu apartamento em Juiz de Fora\u201d, comenta monsenhor Danival.<\/p>\n<blockquote>\n<p style=\"text-align: justify;\">Na opini\u00e3o do sacerdote, a beatifica\u00e7\u00e3o da Serva de Deus se tornar\u00e1 b\u00ean\u00e7\u00e3o para toda a arquidiocese de Mariana, especialmente para a juventude. \u201cA santidade que n\u00f3s reconhecemos na vida de Isabel Cristina se d\u00e1 por tudo aquilo que ela viveu e recebeu da sua fam\u00edlia. Portanto, \u00e9 sinal de esperan\u00e7a tamb\u00e9m para as nossas fam\u00edlias: cultivarem nos lares os valores da nossa f\u00e9 para que a viv\u00eancia da santidade se torne uma realidade na vida de cada um de n\u00f3s. Que a Serva de Deus Isabel Cristina interceda a Deus pela nossa Igreja, pela nossa Arquidiocese de Mariana e pela cidade de Barbacena\u201d, ressalta Monsenhor Danival.<\/p>\n<\/blockquote>\n<h3 style=\"text-align: justify;\">Sobre a Serva de Deus Isabel Cristina<\/h3>\n<figure id=\"attachment_916014\" aria-describedby=\"caption-attachment-916014\" style=\"width: 296px\" class=\"wp-caption alignright\"><img decoding=\"async\" loading=\"lazy\" class=\"wp-image-916014 size-medium\" src=\"https:\/\/www.cnbb.org.br\/wp-content\/uploads\/2022\/06\/Isabel-Cristina-296x300.jpg\" alt=\"\" width=\"296\" height=\"300\" srcset=\"https:\/\/www.cnbb.org.br\/wp-content\/uploads\/2022\/06\/Isabel-Cristina-296x300.jpg 296w, https:\/\/www.cnbb.org.br\/wp-content\/uploads\/2022\/06\/Isabel-Cristina.jpg 468w\" sizes=\"(max-width: 296px) 100vw, 296px\" \/><figcaption id=\"caption-attachment-916014\" class=\"wp-caption-text\">Foto: arquivo da Par\u00f3quia de Nossa Senhora da Piedade, em Barbacena (MG) | Divulga\u00e7\u00e3o.<\/figcaption><\/figure>\n<p style=\"text-align: justify;\">Isabel Cristina Mrad Campos nasceu em 29 de julho de 1962, em Barbacena. \u00c9 filha de Jos\u00e9 Mendes Campos e Helena Mrad Campos. Com o desejo de fazer Medicina, foi para Juiz de Fora (MG), em 1982, para se preparar em um curso pr\u00e9-vestibular.<\/p>\n<p style=\"text-align: justify;\">Era uma mo\u00e7a como tantas outras. Estudava, namorava, participava de festas. Mas tinha uma vida de ora\u00e7\u00e3o e sonhava ser pediatra para ajudar crian\u00e7as carentes. Era sens\u00edvel, sobretudo com os mais pobres, idosos e crian\u00e7as, o que certamente aprendeu na fam\u00edlia, que era vicentina. Na \u00e9poca, seu pai era presidente do Conselho Central de Barbacena.<\/p>\n<p>No dia 1\u00ba de setembro do mesmo ano, um homem foi montar um guarda-roupa no pequeno apartamento para onde se mudara com seu irm\u00e3o, Paulo Roberto, e tentou violent\u00e1-la. Encontrando resist\u00eancia, deu-lhe uma cadeirada na cabe\u00e7a, amarrou, amorda\u00e7ou e rasgou suas roupas. Como continuou a resistir, foi morta sem piedade com 15 facadas. Foi um crime cruel, com grande repercuss\u00e3o, e que abalou muito a fam\u00edlia e todos os que souberam do caso.<\/p>\n<h3 style=\"text-align: justify;\">Processo de beatifica\u00e7\u00e3o<\/h3>\n<p style=\"text-align: justify;\">Por causa da maneira como morreu e, sobretudo, pela forma como viveu, algumas pessoas tiveram a iniciativa de entrar com o pedido de um processo para sua beatifica\u00e7\u00e3o. A solicita\u00e7\u00e3o foi aceita por Roma e, no dia 26 de janeiro de 2001, em Barbacena, foi instalado o processo, quando Isabel Cristina recebeu do Vaticano o t\u00edtulo de Serva de Deus. Foram oito anos de trabalho, entre coleta de depoimentos e documentos, al\u00e9m da digita\u00e7\u00e3o e tradu\u00e7\u00e3o para o italiano, tendo a fase diocesana do processo sido finalizada em 2009. O seu mart\u00edrio foi reconhecido pelo Papa Francisco, por meio de decreto, em outubro de 2020.<\/p>\n<h3 style=\"text-align: justify;\">Ora\u00e7\u00e3o pela sua beatifica\u00e7\u00e3o<\/h3>\n<p><em><br \/>\nPai, Filho e Esp\u00edrito Santo, adoramos-Vos e bendizemos-Vos, pela for\u00e7a e coragem que dais a muitos de vossos filhos. H\u00e1 tantas almas generosas, que nos elevam pelo seu exemplo!<\/em><br \/>\n<em>Sede louvada, Trindade Santa, na pessoa da Serva de Deus Isabel Cristina, que deu a vida em defesa de sua pureza e virgindade. Dai-nos a gra\u00e7a de imit\u00e1-la e, se for de Vosso agrado, concedei-lhe a honra dos altares, como recompensa de sua obla\u00e7\u00e3o. Assim seja.<\/em><\/p>\n<p><strong>Servi\u00e7o<\/strong><br \/>\nDivulga\u00e7\u00e3o da data da beatifica\u00e7\u00e3o da Serva de Deus Isabel Cristina<br \/>\n<strong>Informa\u00e7\u00f5es e solicita\u00e7\u00f5es:<\/strong> (31) 3557-1237 ou (31) 9 7221-7011 \u2013 Thalia Gon\u00e7alves (Jornalista da arquidiocese de Mariana)<\/p>\n","protected":false},"excerpt":{"rendered":"<p>O rito de beatifica\u00e7\u00e3o ser\u00e1 presidido pelo prefeito do Dicast\u00e9rio para as Causas dos Santos, o cardeal Marcello Semeraro.\u00a0A data, que era aguardada com grande expectativa em toda arquidiocese de Mariana, foi confirmada nesta quarta-feira, 22 de junho, pelo Postulador da Causa de Beatifica\u00e7\u00e3o da Vener\u00e1vel, o doutor Paolo Vilotta<\/p>\n","protected":false},"author":142,"featured_media":916013,"comment_status":"open","ping_status":"open","sticky":false,"template":"","format":"standard","meta":{"site-sidebar-layout":"default","site-content-layout":"default","ast-global-header-display":"","ast-banner-title-visibility":"","ast-main-header-display":"","ast-hfb-above-header-display":"","ast-hfb-below-header-display":"","ast-hfb-mobile-header-display":"","site-post-title":"","ast-breadcrumbs-content":"","ast-featured-img":"","footer-sml-layout":"","theme-transparent-header-meta":"default","adv-header-id-meta":"","stick-header-meta":"","header-above-stick-meta":"","header-main-stick-meta":"","header-below-stick-meta":""},"categories":[1831,50],"tags":[4569],"acf":[],"_links":{"self":[{"href":"https:\/\/www.cnbb.org.br\/cnbb-app\/wp\/v2\/posts\/916011"}],"collection":[{"href":"https:\/\/www.cnbb.org.br\/cnbb-app\/wp\/v2\/posts"}],"about":[{"href":"https:\/\/www.cnbb.org.br\/cnbb-app\/wp\/v2\/types\/post"}],"author":[{"embeddable":true,"href":"https:\/\/www.cnbb.org.br\/cnbb-app\/wp\/v2\/users\/142"}],"replies":[{"embeddable":true,"href":"https:\/\/www.cnbb.org.br\/cnbb-app\/wp\/v2\/comments?post=916011"}],"version-history":[{"count":0,"href":"https:\/\/www.cnbb.org.br\/cnbb-app\/wp\/v2\/posts\/916011\/revisions"}],"wp:featuredmedia":[{"embeddable":true,"href":"https:\/\/www.cnbb.org.br\/cnbb-app\/wp\/v2\/media\/916013"}],"wp:attachment":[{"href":"https:\/\/www.cnbb.org.br\/cnbb-app\/wp\/v2\/media?parent=916011"}],"wp:term":[{"taxonomy":"category","embeddable":true,"href":"https:\/\/www.cnbb.org.br\/cnbb-app\/wp\/v2\/categories?post=916011"},{"taxonomy":"post_tag","embeddable":true,"href":"https:\/\/www.cnbb.org.br\/cnbb-app\/wp\/v2\/tags?post=916011"}],"curies":[{"name":"wp","href":"https:\/\/api.w.org\/{rel}","templated":true}]}}