{"id":916077,"date":"2022-06-27T10:47:40","date_gmt":"2022-06-27T13:47:40","guid":{"rendered":"https:\/\/www.cnbb.org.br\/?p=916077"},"modified":"2022-06-27T10:48:01","modified_gmt":"2022-06-27T13:48:01","slug":"peregrinacao-a-se-de-pedro","status":"publish","type":"post","link":"https:\/\/www.cnbb.org.br\/peregrinacao-a-se-de-pedro\/","title":{"rendered":"Peregrina\u00e7\u00e3o \u00e0 S\u00e9 de Pedro"},"content":{"rendered":"<p style=\"text-align: right;\"><strong>Dom Alberto Taveira Corr\u00eaa<\/strong><br \/>\n<strong>Arcebispo de Bel\u00e9m do Par\u00e1 (PA)<\/strong><\/p>\n<p>&nbsp;<\/p>\n<p style=\"text-align: justify;\"><span data-contrast=\"none\">O Ap\u00f3stolo S\u00e3o Paulo experimentou a gra\u00e7a da convers\u00e3o durante o caminho de Damasco. Na Carta aos G\u00e1latas, narrou seu percurso pessoal e as gra\u00e7as recebidas. Conta o Ap\u00f3stolo que tr\u00eas anos depois foi a Jerusal\u00e9m, para conhecer Cefas, e ficou com ele quinze dias (Cf. Gl 1,18). Alguns anos depois, voltou a Jerusal\u00e9m: \u201cReconhecendo a gra\u00e7a que me foi dada, Tiago, Cefas e Jo\u00e3o, considerados as colunas da igreja, deram-nos a m\u00e3o, a mim e a Barnab\u00e9, como sinal de nossa comunh\u00e3o rec\u00edproca\u201d (Gl 2,10). Pedro e Paulo foram para Roma, onde derramaram seu sangue por Cristo, um pela Cruz e outro pela espada. Nos prim\u00f3rdios da Igreja de Roma, foram muitos os que fecundaram aquela terra, para que seu sangue se tornasse semente de crist\u00e3os!<\/span><span data-ccp-props=\"{&quot;201341983&quot;:0,&quot;335551550&quot;:6,&quot;335551620&quot;:6,&quot;335559731&quot;:708,&quot;335559739&quot;:160,&quot;335559740&quot;:276}\">\u00a0<\/span><\/p>\n<p style=\"text-align: justify;\"><span data-contrast=\"none\">E Roma se transformou em lugar de peregrina\u00e7\u00e3o, com pessoas que acorrem \u00e0quela cidade para venerar a hist\u00f3ria e as rel\u00edquias de quem nos transmitiu a verdade do Evangelho. Roma, no dizer de Santo In\u00e1cio de Antioquia, \u00e9 a Igreja que preside \u00e0 caridade. O Bispo de Roma, Sucessor de Pedro, \u00e9 princ\u00edpio de unidade para todo o orbe cat\u00f3lico. Em comunh\u00e3o efetiva e afetiva com ele \u00e9 que as diversas Igrejas particulares, em cuja frente se encontra um leg\u00edtimo sucessor dos Ap\u00f3stolos, um Bispo, fazem presente a \u00fanica Igreja de Jesus Cristo.<\/span><span data-ccp-props=\"{&quot;201341983&quot;:0,&quot;335551550&quot;:6,&quot;335551620&quot;:6,&quot;335559731&quot;:708,&quot;335559739&quot;:160,&quot;335559740&quot;:276}\">\u00a0<\/span><\/p>\n<p style=\"text-align: justify;\"><span data-contrast=\"none\">Os Bispos dos Regionais Norte II e Norte III da CNBB, depois do per\u00edodo mais intenso da pandemia, dirigem-se a Roma nesta semana, como peregrinos, romeiros que desejam fortalecer sua f\u00e9, de 25 de junho a 1\u00b0 de julho, vivendo a espiritualidade do \u201cver a Pedro\u201d. Como peregrinos, compartilhamos com o povo de Deus as ansiedades, esperan\u00e7as, dores e alegrias. Se os peregrinos buscam a gra\u00e7a e a reconcilia\u00e7\u00e3o com Deus e os irm\u00e3os, desejando alimentar sua vida espiritual, para continuar a caminhada na f\u00e9, n\u00f3s tamb\u00e9m olhamos para o futuro de nossa Igrejas e desejamos retornar fortalecidos pela experi\u00eancia dos dias vividos em Roma. Peregrinos-Bispos, nosso sustento vem especialmente da comunh\u00e3o com Pedro, marcados pelo vigor e a sabedoria do Papa Francisco, de quem nos aproximaremos durante esta visita \u201cAd Limina Apostolorum\u201d, ao limiar, \u00e0 soleira, aos t\u00famulos dos Ap\u00f3stolos Pedro e Paulo.<\/span><span data-ccp-props=\"{&quot;201341983&quot;:0,&quot;335551550&quot;:6,&quot;335551620&quot;:6,&quot;335559731&quot;:708,&quot;335559739&quot;:160,&quot;335559740&quot;:276}\">\u00a0<\/span><\/p>\n<p style=\"text-align: justify;\"><span data-contrast=\"none\">A Legisla\u00e7\u00e3o da Igreja assim se expressa: \u201cO Bispo diocesano est\u00e1 obrigado a apresentar de cinco em cinco anos um relat\u00f3rio ao Sumo Pont\u00edfice sobre o estado da diocese que lhe est\u00e1 confiada, segundo a forma e o tempo determinados pela S\u00e9 Apost\u00f3lica. O Bispo diocesano v\u00e1 a Roma no ano em que est\u00e1 obrigado a apresentar o relat\u00f3rio ao Sumo Pont\u00edfice, se de outro modo n\u00e3o houver sido decidido pela S\u00e9 Apost\u00f3lica, a fim de venerar os sepulcros dos Bem-aventurados Ap\u00f3stolos Pedro e Paulo, e apresente-se ao Romano Pont\u00edfice\u201d (C\u00f3digo de Direito Can\u00f4nico, 399-400). De fato, todos n\u00f3s enviamos com anteced\u00eancia os relat\u00f3rios que d\u00e3o conta da situa\u00e7\u00e3o de cada Arquidiocese, Diocese ou Prelazia dos Estados do Par\u00e1, Amap\u00e1, Tocantins e parte do Mato Grosso, possibilitando assim a conversa com o Papa e os diversos setores da C\u00faria Romana, que est\u00e1 a servi\u00e7o das Igrejas particulares do mundo inteiro.<\/span><span data-ccp-props=\"{&quot;201341983&quot;:0,&quot;335551550&quot;:6,&quot;335551620&quot;:6,&quot;335559731&quot;:708,&quot;335559739&quot;:160,&quot;335559740&quot;:276}\">\u00a0<\/span><\/p>\n<p style=\"text-align: justify;\"><span data-contrast=\"none\">Durante a visita \u201cad limina apostolorum\u201d, os Bispos peregrinos concelebrar\u00e3o com o Santo Padre no Encontro Mundial das Fam\u00edlias e na Solenidade de S\u00e3o Pedro. Ter\u00e3o Missas nas outras chamadas Bas\u00edlicas Patriarcais, Sant\u00edssimo Salvador em S\u00e3o Jo\u00e3o de Latr\u00e3o, a Catedral do Papa, presidida por Dom Pedro Brito, Arcebispo de Palmas \u2013 TO, na Bas\u00edlica de S\u00e3o Paulo fora dos Muros, presidida pelo Arcebispo de Santar\u00e9m, Dom Irineu Roman, e na Bas\u00edlica de Santa Maria Maior, presidida pelo Arcebispo de Bel\u00e9m, Dom Alberto Taveira Corr\u00eaa.<\/span><span data-ccp-props=\"{&quot;201341983&quot;:0,&quot;335551550&quot;:6,&quot;335551620&quot;:6,&quot;335559731&quot;:708,&quot;335559739&quot;:160,&quot;335559740&quot;:276}\">\u00a0<\/span><\/p>\n<p style=\"text-align: justify;\"><span data-contrast=\"none\">Teremos a oportunidade de dialogar com a Secretaria de Estado do Vaticano, os Dicast\u00e9rios para os Bispos, para a Evangeliza\u00e7\u00e3o, para a Causa dos Santos, para os Institutos de Vida Consagrada e Sociedades de Vida Apost\u00f3lica, para o Clero, para a Comunica\u00e7\u00e3o, para o Culto Divino e Disciplina dos Sacramentos, para os Leigos, Vida e Fam\u00edlia, para a Promo\u00e7\u00e3o do Desenvolvimento humano integral. Al\u00e9m disso, visitaremos a Pontif\u00edcia Comiss\u00e3o para a prote\u00e7\u00e3o dos Menores, o Secretariado Geral para o S\u00ednodo dos Bispos, o Departamento de Cultura e Educa\u00e7\u00e3o Cat\u00f3lica e a Pontif\u00edcia Comiss\u00e3o para a Am\u00e9rica Latina. Como todos podem ver, peregrina\u00e7\u00e3o e muito trabalho. Ao final, teremos um encontro com a dire\u00e7\u00e3o do Pontif\u00edcio Col\u00e9gio Pio Brasileiro e faremos uma peregrina\u00e7\u00e3o a Assis!<\/span><span data-ccp-props=\"{&quot;201341983&quot;:0,&quot;335551550&quot;:6,&quot;335551620&quot;:6,&quot;335559731&quot;:708,&quot;335559739&quot;:160,&quot;335559740&quot;:276}\">\u00a0<\/span><\/p>\n<p style=\"text-align: justify;\"><span data-contrast=\"none\">Queremos levar conosco, atrav\u00e9s da ora\u00e7\u00e3o, todos os fi\u00e9is de nossas Igrejas particulares, pedindo que rezem pelo Papa Francisco, pela sua sa\u00fade e tamb\u00e9m por n\u00f3s, Bispos. Ser\u00e3o dias preciosos como experi\u00eancia de comunh\u00e3o e participa\u00e7\u00e3o, rezaremos juntos e teremos presentes as inten\u00e7\u00f5es de todo o nosso povo. Todos podem acompanhar a programa\u00e7\u00e3o de nossa visita a Roma pelas redes sociais do Regional Norte 2 da CNBB<\/span><span data-contrast=\"none\">1<\/span><span data-contrast=\"none\">, mandando seus recados, suas mensagens e suas ora\u00e7\u00f5es.<\/span><span data-ccp-props=\"{&quot;201341983&quot;:0,&quot;335551550&quot;:6,&quot;335551620&quot;:6,&quot;335559731&quot;:708,&quot;335559739&quot;:160,&quot;335559740&quot;:276}\">\u00a0<\/span><\/p>\n<p style=\"text-align: justify;\"><span data-contrast=\"none\">Acrescentamos ainda que durante os pr\u00f3ximos dias acontecer\u00e1 em Roma, com programa\u00e7\u00e3o on-line estendida a todo o mundo, o Encontro Mundial das Fam\u00edlias com o Papa, com o tema \u201cAmor Familiar: voca\u00e7\u00e3o e caminho de santidade\u201d, A Pastoral Familiar de nossas Igrejas Particulares desenvolver\u00e1 atividades com possibilidade de participa\u00e7\u00e3o de todo o Povo de Deus. Cada Par\u00f3quia est\u00e1 tamb\u00e9m programando suas atividades neste sentido.<\/span><span data-ccp-props=\"{&quot;201341983&quot;:0,&quot;335551550&quot;:6,&quot;335551620&quot;:6,&quot;335559731&quot;:708,&quot;335559739&quot;:160,&quot;335559740&quot;:276}\">\u00a0<\/span><\/p>\n<p style=\"text-align: justify;\"><span data-contrast=\"none\">No Caminho Sinodal proposto pelo Papa Francisco, cada membro da Igreja tem seu papel fundamental. As fam\u00edlias, Igreja Dom\u00e9sticas, fazem parte deste caminho, oferecendo-se como espa\u00e7os de comunh\u00e3o, participa\u00e7\u00e3o e miss\u00e3o, palavras chaves no processo sinodal da Igreja em nossos dias. \u00c9 necess\u00e1rio despertar as fam\u00edlias, torn\u00e1-las conscientes do que s\u00e3o para a Igreja. E \u00e9 importante que a Igreja aprenda a aproveitar os dons que o Esp\u00edrito concede \u00e0s fam\u00edlias, reconhecidas como protagonistas da Evangeliza\u00e7\u00e3o. \u00c9 que elas devem ser justamente Igrejas Dom\u00e9sticas e fermento evangelizador na sociedade. (Cf. Orienta\u00e7\u00f5es para a participa\u00e7\u00e3o no Encontro Mundial das Fam\u00edlias).<\/span><span data-ccp-props=\"{&quot;201341983&quot;:0,&quot;335551550&quot;:6,&quot;335551620&quot;:6,&quot;335559731&quot;:708,&quot;335559739&quot;:160,&quot;335559740&quot;:276}\">\u00a0<\/span><\/p>\n","protected":false},"excerpt":{"rendered":"<p>Dom Alberto Taveira Corr\u00eaa Arcebispo de Bel\u00e9m do Par\u00e1 (PA) &nbsp; O Ap\u00f3stolo S\u00e3o Paulo experimentou a gra\u00e7a da convers\u00e3o durante o caminho de Damasco. Na Carta aos G\u00e1latas, narrou seu percurso pessoal e as gra\u00e7as recebidas. Conta o Ap\u00f3stolo que tr\u00eas anos depois foi a Jerusal\u00e9m, para conhecer Cefas, e ficou com ele quinze &hellip;<\/p>\n<p class=\"read-more\"> <a class=\"\" href=\"https:\/\/www.cnbb.org.br\/peregrinacao-a-se-de-pedro\/\"> <span class=\"screen-reader-text\">Peregrina\u00e7\u00e3o \u00e0 S\u00e9 de Pedro<\/span> Leia mais &raquo;<\/a><\/p>\n","protected":false},"author":21,"featured_media":0,"comment_status":"open","ping_status":"open","sticky":false,"template":"","format":"standard","meta":{"site-sidebar-layout":"default","site-content-layout":"default","ast-global-header-display":"","ast-banner-title-visibility":"","ast-main-header-display":"","ast-hfb-above-header-display":"","ast-hfb-below-header-display":"","ast-hfb-mobile-header-display":"","site-post-title":"","ast-breadcrumbs-content":"","ast-featured-img":"","footer-sml-layout":"","theme-transparent-header-meta":"default","adv-header-id-meta":"","stick-header-meta":"","header-above-stick-meta":"","header-main-stick-meta":"","header-below-stick-meta":""},"categories":[758],"tags":[],"acf":[],"_links":{"self":[{"href":"https:\/\/www.cnbb.org.br\/cnbb-app\/wp\/v2\/posts\/916077"}],"collection":[{"href":"https:\/\/www.cnbb.org.br\/cnbb-app\/wp\/v2\/posts"}],"about":[{"href":"https:\/\/www.cnbb.org.br\/cnbb-app\/wp\/v2\/types\/post"}],"author":[{"embeddable":true,"href":"https:\/\/www.cnbb.org.br\/cnbb-app\/wp\/v2\/users\/21"}],"replies":[{"embeddable":true,"href":"https:\/\/www.cnbb.org.br\/cnbb-app\/wp\/v2\/comments?post=916077"}],"version-history":[{"count":0,"href":"https:\/\/www.cnbb.org.br\/cnbb-app\/wp\/v2\/posts\/916077\/revisions"}],"wp:attachment":[{"href":"https:\/\/www.cnbb.org.br\/cnbb-app\/wp\/v2\/media?parent=916077"}],"wp:term":[{"taxonomy":"category","embeddable":true,"href":"https:\/\/www.cnbb.org.br\/cnbb-app\/wp\/v2\/categories?post=916077"},{"taxonomy":"post_tag","embeddable":true,"href":"https:\/\/www.cnbb.org.br\/cnbb-app\/wp\/v2\/tags?post=916077"}],"curies":[{"name":"wp","href":"https:\/\/api.w.org\/{rel}","templated":true}]}}