{"id":916086,"date":"2022-06-27T10:52:51","date_gmt":"2022-06-27T13:52:51","guid":{"rendered":"https:\/\/www.cnbb.org.br\/?p=916086"},"modified":"2022-06-27T10:53:41","modified_gmt":"2022-06-27T13:53:41","slug":"a-importancia-da-visita-ad-limina-apostolorum-dos-bispos-a-igreja-de-roma","status":"publish","type":"post","link":"https:\/\/www.cnbb.org.br\/a-importancia-da-visita-ad-limina-apostolorum-dos-bispos-a-igreja-de-roma\/","title":{"rendered":"A import\u00e2ncia da visita ad limina apostolorum dos bispos \u00e0 Igreja de Roma"},"content":{"rendered":"<p style=\"text-align: right;\"><strong>Dom Vital Corbellini<br \/>\nBispo de Marab\u00e1 (PA) \u00a0<\/strong><\/p>\n<p>&nbsp;<\/p>\n<p style=\"text-align: justify;\"><span data-contrast=\"auto\">Nestes tempos, est\u00e1 ocorrendo em Roma, a visita dos bispos do Brasil chamada <\/span><i><span data-contrast=\"auto\">ad limina apostolorum<\/span><\/i><span data-contrast=\"auto\">, ao primeiro dos ap\u00f3stolos, no caso Pedro, mas tamb\u00e9m Paulo, sobre os seus t\u00famulos, pela sua doutrina, vida, eles que foram m\u00e1rtires pela sua doa\u00e7\u00e3o de vida, no seguimento a Jesus Cristo. Esta visita \u00e9 muito importante \u00e0 Igreja de Roma, onde est\u00e1 o sucessor de Pedro, o Papa, Francisco, e outros dicast\u00e9rios, departamentos que formam a c\u00faria romana, mas ela \u00e9 tamb\u00e9m importante para todos os bispos, sucessores dos ap\u00f3stolos no servi\u00e7o que prestam \u00e0s suas igrejas particulares na evangeliza\u00e7\u00e3o e no an\u00fancio do Reino de Deus, em unidade com a Igreja de Jesus Cristo em Roma. Esta Igreja mereceu um destaque desde os primeiros tempos do cristianismo, os santos padres, pois estes refor\u00e7aram a vida da Igreja, a sua tradi\u00e7\u00e3o e o sucessor de Pedro, o papa que governa a Igreja no mundo crist\u00e3o e ele \u00e9 uma refer\u00eancia de lideran\u00e7a para todo o mundo. Veremos a seguir estes pontos que colocam a import\u00e2ncia da Igreja romana e agora pela <\/span><i><span data-contrast=\"auto\">visita ad limina apostolorum<\/span><\/i><span data-contrast=\"auto\"> para confirmar a f\u00e9 e o amor a Deus, ao pr\u00f3ximo como a si mesmo.\u00a0<\/span><span data-ccp-props=\"{&quot;201341983&quot;:0,&quot;335551550&quot;:6,&quot;335551620&quot;:6,&quot;335559739&quot;:200,&quot;335559740&quot;:276}\">\u00a0<\/span><\/p>\n<p style=\"text-align: justify;\"><span data-contrast=\"auto\">A Igreja de Roma que pediu unidade.<\/span><span data-ccp-props=\"{&quot;201341983&quot;:0,&quot;335551550&quot;:6,&quot;335551620&quot;:6,&quot;335559739&quot;:200,&quot;335559740&quot;:276}\">\u00a0<\/span><\/p>\n<p style=\"text-align: justify;\"><span data-contrast=\"auto\">Na quest\u00e3o da unidade com a Igreja de Roma, S\u00e3o Clemente romano, bispo de Roma, Papa, final dos s\u00e9culos I e inicio do s\u00e9culo II interviu na comunidade de Cor\u00edntios com uma carta, pedindo a todos a unidade, pela polemica levantada por aquela comunidade, porque ela depusera os seus dirigentes, bispos, presb\u00edteros e di\u00e1conos. O bispo de Roma, no servi\u00e7o de sucessor de Pedro, disse que a comunidade de Cor\u00edntios n\u00e3o tinha este poder, porque a miss\u00e3o n\u00e3o estaria ligada diretamente \u00e0 comunidade deles, devido \u00e0 sucess\u00e3o apost\u00f3lica que os bispos, ligados aos ap\u00f3stolos receberam do Senhor Jesus sabendo que os ap\u00f3stolos foram ao mundo pregando o Evangelho de Jesus Cristo. Cristo por sua vez vem de Deus e os ap\u00f3stolos vinham de Cristo<\/span><span data-contrast=\"auto\">1<\/span><span data-contrast=\"auto\">. Eles foram testemunhas de Cristo ressuscitado. Como eles pregaram por toda a parte, campos e cidades, produzindo suas prim\u00edcias, provando-as pelo Esp\u00edrito, para instituir com elas os seus sucessores, de modo que a sucess\u00e3o apost\u00f3lica vem do Senhor, passando pelos ap\u00f3stolos at\u00e9 chegar aos bispos naquele momento<\/span><span data-contrast=\"auto\">2<\/span><span data-contrast=\"auto\">.\u00a0<\/span><span data-ccp-props=\"{&quot;201341983&quot;:0,&quot;335551550&quot;:6,&quot;335551620&quot;:6,&quot;335559739&quot;:200,&quot;335559740&quot;:276}\">\u00a0<\/span><\/p>\n<p style=\"text-align: justify;\"><span data-contrast=\"auto\">Os ministros sofreriam persegui\u00e7\u00f5es.<\/span><span data-ccp-props=\"{&quot;201341983&quot;:0,&quot;335551550&quot;:6,&quot;335551620&quot;:6,&quot;335559739&quot;:200,&quot;335559740&quot;:276}\">\u00a0<\/span><\/p>\n<p style=\"text-align: justify;\"><span data-contrast=\"auto\">S\u00e3o Clemente Romano tamb\u00e9m afirmou que os ap\u00f3stolos sofreriam persegui\u00e7\u00f5es como o Senhor j\u00e1 tinha previsto (Mt 5,11). Deste modo eles institu\u00edram e ordenaram ap\u00f3s a morte dos ap\u00f3stolos outros homens provados que lhes sucedessem no minist\u00e9rio. Estas pessoas que serviram de uma forma irrevers\u00edvel ao rebanho do Senhor Jesus Cristo e que receberam o testemunho de todos, n\u00e3o era justo demiti-los de suas fun\u00e7\u00f5es, que lhes foram designadas pela comunidade e pela sucess\u00e3o apost\u00f3lica que vinha do Senhor Jesus Cristo<\/span><span data-contrast=\"auto\">3<\/span><span data-contrast=\"auto\">.<\/span><span data-ccp-props=\"{&quot;201341983&quot;:0,&quot;335551550&quot;:6,&quot;335551620&quot;:6,&quot;335559739&quot;:200,&quot;335559740&quot;:276}\">\u00a0<\/span><\/p>\n<p style=\"text-align: justify;\"><span data-contrast=\"auto\">A Igreja de Roma.<\/span><span data-ccp-props=\"{&quot;201341983&quot;:0,&quot;335551550&quot;:6,&quot;335551620&quot;:6,&quot;335559731&quot;:708,&quot;335559739&quot;:200,&quot;335559740&quot;:276}\">\u00a0<\/span><\/p>\n<p style=\"text-align: justify;\"><span data-contrast=\"auto\">Santo In\u00e1cio de Antioquia, bispo no s\u00e9culo I afirmou a import\u00e2ncia da Igreja de Roma para todo o mundo crist\u00e3o, cat\u00f3lico. Quando o bispo estava vindo de Antioquia para Roma para ser martirizado, ele pediu \u00e0 comunidade dos romanos para que n\u00e3o impedisse o mart\u00edrio, a sua entrega total ao Senhor Jesus. Ele n\u00e3o s\u00f3 queria ter o nome de crist\u00e3o, mas que ele fosse de fato, pela entrega de si ao Senhor e \u00e0 Igreja<\/span><span data-contrast=\"auto\">4<\/span><span data-contrast=\"auto\">. Ele queria ser o trigo de Deus, e ele seria mo\u00eddo pelos dentes das feras, para se apresentar como trigo puro de Cristo<\/span><span data-contrast=\"auto\">5<\/span><span data-contrast=\"auto\">.\u00a0<\/span><span data-ccp-props=\"{&quot;201341983&quot;:0,&quot;335551550&quot;:6,&quot;335551620&quot;:6,&quot;335559739&quot;:200,&quot;335559740&quot;:276}\">\u00a0<\/span><\/p>\n<p style=\"text-align: justify;\"><span data-contrast=\"auto\">Ele tinha presente a Igreja de Roma como a Igreja importante que coordenava as outras igrejas pelo mundo afora, atrav\u00e9s da caridade. Ele n\u00e3o queria dar ordens como Pedro e Paulo, porque eles eram ap\u00f3stolos, porque ele se considerava um condenado; eles eram livres e ele era apenas um escravo. Mas se ele sofria, seria uma pessoa livre a Jesus Cristo de modo que ressurgiria nele como pessoa livre<\/span><span data-contrast=\"auto\">6<\/span><span data-contrast=\"auto\">.\u00a0<\/span><span data-ccp-props=\"{&quot;201341983&quot;:0,&quot;335551550&quot;:6,&quot;335551620&quot;:6,&quot;335559731&quot;:708,&quot;335559739&quot;:200,&quot;335559740&quot;:276}\">\u00a0<\/span><\/p>\n<p style=\"text-align: justify;\"><span data-contrast=\"auto\">A funda\u00e7\u00e3o da Igreja de Roma.<\/span><span data-ccp-props=\"{&quot;201341983&quot;:0,&quot;335551550&quot;:6,&quot;335551620&quot;:6,&quot;335559739&quot;:200,&quot;335559740&quot;:276}\">\u00a0<\/span><\/p>\n<p style=\"text-align: justify;\"><span data-contrast=\"auto\">Santo Ireneu de Li\u00e3o, bispo dos s\u00e9culos II e III disse que os bem-aventurados ap\u00f3stolos Pedro e Paulo fundaram e edificaram a Igreja transmitindo o governo episcopal \u00e0 Lino, que teve como sucessor Anacleto, em seguida coube o episcopado a Clemente, pois este tinha conviv\u00eancia com os pr\u00f3prios ap\u00f3stolos e estivera em rela\u00e7\u00e3o com eles, que ainda guardava viva em seus ouvidos a prega\u00e7\u00e3o e a tradi\u00e7\u00e3o<\/span><span data-contrast=\"auto\">7<\/span><span data-contrast=\"auto\">.\u00a0<\/span><span data-ccp-props=\"{&quot;201341983&quot;:0,&quot;335551550&quot;:6,&quot;335551620&quot;:6,&quot;335559739&quot;:200,&quot;335559740&quot;:276}\">\u00a0<\/span><\/p>\n<p style=\"text-align: justify;\"><span data-contrast=\"auto\">Santo Ireneu lembrou que no pontificado de Clemente romano surgiram diverg\u00eancias graves entre os irm\u00e3os de Cor\u00edntios. Desta forma a Igreja de Roma, na pessoa de Clemente enviou aos cor\u00edntios uma carta muito importante para reuni-los na paz, reavivar-lhes a f\u00e9, e reafirmar a tradi\u00e7\u00e3o que h\u00e1 pouco tempo tinha recebido dos ap\u00f3stolos e de Cristo Jesus<\/span><span data-contrast=\"auto\">8<\/span><span data-contrast=\"auto\">.\u00a0<\/span><span data-ccp-props=\"{&quot;201341983&quot;:0,&quot;335551550&quot;:6,&quot;335551620&quot;:6,&quot;335559739&quot;:200,&quot;335559740&quot;:276}\">\u00a0<\/span><\/p>\n<p style=\"text-align: justify;\"><span data-contrast=\"auto\">Tradi\u00e7\u00e3o apost\u00f3lica mais antiga.<\/span><span data-ccp-props=\"{&quot;201341983&quot;:0,&quot;335551550&quot;:6,&quot;335551620&quot;:6,&quot;335559739&quot;:200,&quot;335559740&quot;:276}\">\u00a0<\/span><\/p>\n<p style=\"text-align: justify;\"><span data-contrast=\"auto\">Santo Ireneu tinha presente que a Igreja de Roma, possui a tradi\u00e7\u00e3o apost\u00f3lica mais antiga por ela ser fundada por Pedro e Paulo e por encontrar nela a verdadeira tradi\u00e7\u00e3o. Ela tinha esta conota\u00e7\u00e3o de modo que as confus\u00f5es que ocorreram em Cor\u00edntios ou em outros lugares do mundo, os seus coordenadores n\u00e3o podiam ser seguidos porque eles n\u00e3o tinham em mente a unidade na f\u00e9, vivida e que foi conservada, transmitida na Igreja desde o tempo dos ap\u00f3stolos, Cristo Jesus at\u00e9 chegar o momento atual<\/span><span data-contrast=\"auto\">9<\/span><span data-contrast=\"auto\">.\u00a0<\/span><span data-ccp-props=\"{&quot;201341983&quot;:0,&quot;335551550&quot;:6,&quot;335551620&quot;:6,&quot;335559739&quot;:200,&quot;335559740&quot;:276}\">\u00a0<\/span><\/p>\n<p style=\"text-align: justify;\"><span data-contrast=\"auto\">A voz das Igrejas.<\/span><span data-ccp-props=\"{&quot;201341983&quot;:0,&quot;335551550&quot;:6,&quot;335551620&quot;:6,&quot;335559739&quot;:200,&quot;335559740&quot;:276}\">\u00a0<\/span><\/p>\n<p style=\"text-align: justify;\"><span data-contrast=\"auto\">Santo Ireneu disse que a Igreja de Roma tornou-se a voz das Igrejas, porque dele tiveram origem todas as outras igrejas. Sendo a voz da cidade m\u00e3e dos cidad\u00e3os da nova alian\u00e7a, estas eram as vozes dos ap\u00f3stolos, as vozes dos disc\u00edpulos do Senhor, por seguirem a voz do Esp\u00edrito. Eles invocavam a Deus que fez o c\u00e9u, a terra, e o mar, anunciando aos profetas e o seu Filho Jesus, que Deus ungiu e n\u00e3o invocaram nenhum outro Deus<\/span><span data-contrast=\"auto\">10<\/span><span data-contrast=\"auto\">.\u00a0<\/span><span data-ccp-props=\"{&quot;201341983&quot;:0,&quot;335551550&quot;:6,&quot;335551620&quot;:6,&quot;335559739&quot;:200,&quot;335559740&quot;:276}\">\u00a0<\/span><\/p>\n<p style=\"text-align: justify;\"><span data-contrast=\"auto\">A recondu\u00e7\u00e3o de muitas pessoas \u00e0 Igreja.<\/span><span data-ccp-props=\"{&quot;201341983&quot;:0,&quot;335551550&quot;:6,&quot;335551620&quot;:6,&quot;335559739&quot;:200,&quot;335559740&quot;:276}\">\u00a0<\/span><\/p>\n<p style=\"text-align: justify;\"><span data-contrast=\"auto\">Santo Ireneu de Li\u00e3o tamb\u00e9m falou que S\u00e3o Policarpo, bispo de Esmirna foi disc\u00edpulo dos ap\u00f3stolos e viveu com muitos que viram o Senhor Jesus. Ele sempre ensinou o que aprendeu dos ap\u00f3stolos e que tamb\u00e9m a Igreja transmitia a \u00fanica verdade, que vinha de Deus, e de Jesus Cristo e passou pelos ap\u00f3stolos at\u00e9 chegar ao momento atual<\/span><span data-contrast=\"auto\">11<\/span><span data-contrast=\"auto\">.\u00a0<\/span><span data-ccp-props=\"{&quot;201341983&quot;:0,&quot;335551550&quot;:6,&quot;335551620&quot;:6,&quot;335559739&quot;:200,&quot;335559740&quot;:276}\">\u00a0<\/span><\/p>\n<p style=\"text-align: justify;\"><span data-contrast=\"auto\">Santo Ireneu tamb\u00e9m afirmou que no pontificado de Aniceto, Policarpo esteve em Roma, conseguindo reconduzir muitos dos que falseavam a f\u00e9 crist\u00e3 ao seio da Igreja de Deus, proclamando que n\u00e3o tinha recebido dos ap\u00f3stolos sen\u00e3o uma s\u00f3 e \u00fanica verdade, a mesma transmitida pela Igreja do Senhor<\/span><span data-contrast=\"auto\">12<\/span><span data-contrast=\"auto\">.\u00a0<\/span><span data-ccp-props=\"{&quot;201341983&quot;:0,&quot;335551550&quot;:6,&quot;335551620&quot;:6,&quot;335559739&quot;:200,&quot;335559740&quot;:276}\">\u00a0<\/span><\/p>\n<p style=\"text-align: justify;\"><span data-contrast=\"auto\">A visita dos bispos aos primeiros dos ap\u00f3stolos ensina a import\u00e2ncia de viver em unidade com a Igreja de Roma, com o sucessor de Pedro, o Papa Francisco, e viver no mundo de hoje o valor da catolicidade, a alegria de seguir a Jesus Cristo, de viver na comunidade crist\u00e3, cat\u00f3lica, e testemunhar o amor a Deus, ao pr\u00f3ximo como a si mesmo. A Igreja do Senhor ocorre nas Igrejas Particulares, pelas suas pastorais, movimentos, servi\u00e7os, com o clero e todo o povo de Deus. A unidade com a Igreja de Roma \u00e9 fundamental como express\u00e3o de nosso amor a Cristo e a Igreja.<\/span><\/p>\n","protected":false},"excerpt":{"rendered":"<p>Dom Vital Corbellini Bispo de Marab\u00e1 (PA) \u00a0 &nbsp; Nestes tempos, est\u00e1 ocorrendo em Roma, a visita dos bispos do Brasil chamada ad limina apostolorum, ao primeiro dos ap\u00f3stolos, no caso Pedro, mas tamb\u00e9m Paulo, sobre os seus t\u00famulos, pela sua doutrina, vida, eles que foram m\u00e1rtires pela sua doa\u00e7\u00e3o de vida, no seguimento a &hellip;<\/p>\n<p class=\"read-more\"> <a class=\"\" href=\"https:\/\/www.cnbb.org.br\/a-importancia-da-visita-ad-limina-apostolorum-dos-bispos-a-igreja-de-roma\/\"> <span class=\"screen-reader-text\">A import\u00e2ncia da visita ad limina apostolorum dos bispos \u00e0 Igreja de Roma<\/span> Leia mais &raquo;<\/a><\/p>\n","protected":false},"author":16,"featured_media":0,"comment_status":"open","ping_status":"open","sticky":false,"template":"","format":"standard","meta":{"site-sidebar-layout":"default","site-content-layout":"default","ast-global-header-display":"","ast-banner-title-visibility":"","ast-main-header-display":"","ast-hfb-above-header-display":"","ast-hfb-below-header-display":"","ast-hfb-mobile-header-display":"","site-post-title":"","ast-breadcrumbs-content":"","ast-featured-img":"","footer-sml-layout":"","theme-transparent-header-meta":"default","adv-header-id-meta":"","stick-header-meta":"","header-above-stick-meta":"","header-main-stick-meta":"","header-below-stick-meta":""},"categories":[758],"tags":[],"acf":[],"_links":{"self":[{"href":"https:\/\/www.cnbb.org.br\/cnbb-app\/wp\/v2\/posts\/916086"}],"collection":[{"href":"https:\/\/www.cnbb.org.br\/cnbb-app\/wp\/v2\/posts"}],"about":[{"href":"https:\/\/www.cnbb.org.br\/cnbb-app\/wp\/v2\/types\/post"}],"author":[{"embeddable":true,"href":"https:\/\/www.cnbb.org.br\/cnbb-app\/wp\/v2\/users\/16"}],"replies":[{"embeddable":true,"href":"https:\/\/www.cnbb.org.br\/cnbb-app\/wp\/v2\/comments?post=916086"}],"version-history":[{"count":0,"href":"https:\/\/www.cnbb.org.br\/cnbb-app\/wp\/v2\/posts\/916086\/revisions"}],"wp:attachment":[{"href":"https:\/\/www.cnbb.org.br\/cnbb-app\/wp\/v2\/media?parent=916086"}],"wp:term":[{"taxonomy":"category","embeddable":true,"href":"https:\/\/www.cnbb.org.br\/cnbb-app\/wp\/v2\/categories?post=916086"},{"taxonomy":"post_tag","embeddable":true,"href":"https:\/\/www.cnbb.org.br\/cnbb-app\/wp\/v2\/tags?post=916086"}],"curies":[{"name":"wp","href":"https:\/\/api.w.org\/{rel}","templated":true}]}}