{"id":916220,"date":"2022-06-29T12:02:54","date_gmt":"2022-06-29T15:02:54","guid":{"rendered":"https:\/\/www.cnbb.org.br\/?p=916220"},"modified":"2022-06-29T12:03:15","modified_gmt":"2022-06-29T15:03:15","slug":"uma-catedral-muito-especial-2","status":"publish","type":"post","link":"https:\/\/www.cnbb.org.br\/uma-catedral-muito-especial-2\/","title":{"rendered":"Uma Catedral muito especial\u00a0"},"content":{"rendered":"<p style=\"text-align: right;\"><strong>Cardeal Sergio da Rocha<br \/>\nArcebispo de Salvador (BA)<\/strong><\/p>\n<p style=\"text-align: justify;\"><span data-ccp-props=\"{&quot;201341983&quot;:0,&quot;335551550&quot;:6,&quot;335551620&quot;:6,&quot;335559739&quot;:0,&quot;335559740&quot;:360}\">\u00a0<\/span><\/p>\n<p style=\"text-align: justify;\"><span data-contrast=\"auto\">Cada igreja denominada \u201ccatedral\u201d goza de especial import\u00e2ncia, enquanto sede da \u201cc\u00e1tedra\u201d do bispo ou arcebispo, e enquanto Igreja-m\u00e3e de cada diocese ou arquidiocese. Em Salvador, a Catedral reveste-se de singular relev\u00e2ncia, por ser a S\u00e9 Primacial do Brasil, com sua rica hist\u00f3ria e acervo art\u00edstico; por ser Bas\u00edlica Menor conforme documento do Papa Pio XI, aos 16 de janeiro de 1923; e ainda mais, por ser dedicada ao Sant\u00edssimo Salvador.\u00a0<\/span><span data-ccp-props=\"{&quot;201341983&quot;:0,&quot;335551550&quot;:6,&quot;335551620&quot;:6,&quot;335559731&quot;:708,&quot;335559739&quot;:0,&quot;335559740&quot;:360}\">\u00a0<\/span><\/p>\n<p style=\"text-align: justify;\"><span data-contrast=\"auto\">Toda catedral, uma vez conclu\u00edda totalmente, ou em grande parte, \u00e9 dedicada. Suas paredes e o altar principal s\u00e3o ungidos com o \u00f3leo santo do Crisma, numa celebra\u00e7\u00e3o que ocorre uma \u00fanica vez, chamada \u201cdedica\u00e7\u00e3o da igreja\u201d. Segundo v\u00e1rias fontes escritas, o atual templo da S\u00e9 Primacial do Brasil foi dedicado no ano 1672, portanto, h\u00e1 249 anos, ao Sant\u00edssimo Salvador, Nosso Senhor Jesus Cristo.\u00a0<\/span><span data-ccp-props=\"{&quot;201341983&quot;:0,&quot;335551550&quot;:6,&quot;335551620&quot;:6,&quot;335559731&quot;:708,&quot;335559739&quot;:0,&quot;335559740&quot;:360}\">\u00a0<\/span><\/p>\n<p style=\"text-align: justify;\"><span data-contrast=\"auto\">Al\u00e9m das refer\u00eancias ao titular da catedral encontradas nas bulas pontif\u00edcias de cria\u00e7\u00e3o da diocese e de eleva\u00e7\u00e3o \u00e0 arquidiocese, h\u00e1 dois documentos que definem claramente o Sant\u00edssimo Salvador como o titular da Catedral: um documento da ent\u00e3o Congrega\u00e7\u00e3o para os Sagrados Ritos, datado de 16.02.1754, e o Breve de Papa Pio XI, de 16.01.23, elevando a Catedral \u00e0 dignidade de Bas\u00edlica Menor.\u00a0<\/span><span data-ccp-props=\"{&quot;201341983&quot;:0,&quot;335551550&quot;:6,&quot;335551620&quot;:6,&quot;335559731&quot;:708,&quot;335559739&quot;:0,&quot;335559740&quot;:360}\">\u00a0<\/span><\/p>\n<p style=\"text-align: justify;\"><span data-contrast=\"auto\">Conforme o Diret\u00f3rio da Liturgia da Igreja no Brasil, a celebra\u00e7\u00e3o ocorre anualmente no dia 25 de junho, devendo ser realizada, segundo as normas lit\u00fargicas, como \u201csolenidade\u201d na igreja-catedral e como \u201cfesta\u201d lit\u00fargica no restante da Arquidiocese. Assim sendo, trata-se de uma celebra\u00e7\u00e3o de grande import\u00e2ncia para a Igreja local, uma oportunidade privilegiada para o fortalecimento da unidade eclesial e a valoriza\u00e7\u00e3o da Igreja-M\u00e3e da Arquidiocese e de todo o Brasil.<\/span><span data-ccp-props=\"{&quot;201341983&quot;:0,&quot;335551550&quot;:6,&quot;335551620&quot;:6,&quot;335559731&quot;:708,&quot;335559739&quot;:0,&quot;335559740&quot;:360}\">\u00a0<\/span><\/p>\n<p style=\"text-align: justify;\"><span data-contrast=\"auto\">Tendo ocorrido a Dedica\u00e7\u00e3o do templo em 1672, ainda que n\u00e3o estivesse totalmente conclu\u00eddo, ela precedeu em poucos anos a eleva\u00e7\u00e3o da ent\u00e3o diocese \u00e0 condi\u00e7\u00e3o de arquidiocese. O Papa Inoc\u00eancio XI, elevou a ent\u00e3o Diocese de S\u00e3o Salvador \u00e0 condi\u00e7\u00e3o de Arquidiocese, aos 22 de novembro de 1676.\u00a0<\/span><span data-ccp-props=\"{&quot;201341983&quot;:0,&quot;335551550&quot;:6,&quot;335551620&quot;:6,&quot;335559731&quot;:708,&quot;335559739&quot;:0,&quot;335559740&quot;:360}\">\u00a0<\/span><\/p>\n<p style=\"text-align: justify;\"><span data-contrast=\"auto\">A bela Catedral Bas\u00edlica recebe in\u00fameros visitantes de todo o Brasil e de outros pa\u00edses que v\u00eam para admirar sua beleza art\u00edstica e para orar. Ela tem sido fonte do amor e da luz de Deus ao longo do tempo. Nela estiveram presentes santos que conhecemos, como S\u00e3o Jos\u00e9 de Anchieta, Santa Dulce dos Pobres e a Beata Lindalva, santos que por ali passaram como S\u00e3o Jo\u00e3o Paulo II e Santa Teresa de Calcut\u00e1, mas tamb\u00e9m santos e santas an\u00f4nimos, homens e mulheres que procuram viver a santidade no anonimato da vida cotidiana.\u00a0<\/span><span data-ccp-props=\"{&quot;201341983&quot;:0,&quot;335551550&quot;:6,&quot;335551620&quot;:6,&quot;335559731&quot;:708,&quot;335559739&quot;:0,&quot;335559740&quot;:360}\">\u00a0<\/span><\/p>\n<p style=\"text-align: justify;\"><span data-contrast=\"auto\">Salvador, enquanto Sede Primacial da Igreja no Brasil, tem uma hist\u00f3ria longa e bela que necessita ser mais conhecida e valorizada. \u00c9 preciso preservar a mem\u00f3ria hist\u00f3rica, pois o seu esquecimento ou menosprezo implica na nega\u00e7\u00e3o da identidade de um povo e na perda de um patrim\u00f4nio inestim\u00e1vel.<\/span><span data-ccp-props=\"{&quot;201341983&quot;:0,&quot;335551550&quot;:6,&quot;335551620&quot;:6,&quot;335559731&quot;:708,&quot;335559739&quot;:0,&quot;335559740&quot;:360}\">\u00a0<\/span><\/p>\n","protected":false},"excerpt":{"rendered":"<p>Cardeal Sergio da Rocha Arcebispo de Salvador (BA) \u00a0 Cada igreja denominada \u201ccatedral\u201d goza de especial import\u00e2ncia, enquanto sede da \u201cc\u00e1tedra\u201d do bispo ou arcebispo, e enquanto Igreja-m\u00e3e de cada diocese ou arquidiocese. Em Salvador, a Catedral reveste-se de singular relev\u00e2ncia, por ser a S\u00e9 Primacial do Brasil, com sua rica hist\u00f3ria e acervo art\u00edstico; &hellip;<\/p>\n<p class=\"read-more\"> <a class=\"\" href=\"https:\/\/www.cnbb.org.br\/uma-catedral-muito-especial-2\/\"> <span class=\"screen-reader-text\">Uma Catedral muito especial\u00a0<\/span> Leia mais &raquo;<\/a><\/p>\n","protected":false},"author":78,"featured_media":0,"comment_status":"open","ping_status":"open","sticky":false,"template":"","format":"standard","meta":{"site-sidebar-layout":"default","site-content-layout":"default","ast-global-header-display":"","ast-banner-title-visibility":"","ast-main-header-display":"","ast-hfb-above-header-display":"","ast-hfb-below-header-display":"","ast-hfb-mobile-header-display":"","site-post-title":"","ast-breadcrumbs-content":"","ast-featured-img":"","footer-sml-layout":"","theme-transparent-header-meta":"default","adv-header-id-meta":"","stick-header-meta":"","header-above-stick-meta":"","header-main-stick-meta":"","header-below-stick-meta":""},"categories":[758],"tags":[],"acf":[],"_links":{"self":[{"href":"https:\/\/www.cnbb.org.br\/cnbb-app\/wp\/v2\/posts\/916220"}],"collection":[{"href":"https:\/\/www.cnbb.org.br\/cnbb-app\/wp\/v2\/posts"}],"about":[{"href":"https:\/\/www.cnbb.org.br\/cnbb-app\/wp\/v2\/types\/post"}],"author":[{"embeddable":true,"href":"https:\/\/www.cnbb.org.br\/cnbb-app\/wp\/v2\/users\/78"}],"replies":[{"embeddable":true,"href":"https:\/\/www.cnbb.org.br\/cnbb-app\/wp\/v2\/comments?post=916220"}],"version-history":[{"count":0,"href":"https:\/\/www.cnbb.org.br\/cnbb-app\/wp\/v2\/posts\/916220\/revisions"}],"wp:attachment":[{"href":"https:\/\/www.cnbb.org.br\/cnbb-app\/wp\/v2\/media?parent=916220"}],"wp:term":[{"taxonomy":"category","embeddable":true,"href":"https:\/\/www.cnbb.org.br\/cnbb-app\/wp\/v2\/categories?post=916220"},{"taxonomy":"post_tag","embeddable":true,"href":"https:\/\/www.cnbb.org.br\/cnbb-app\/wp\/v2\/tags?post=916220"}],"curies":[{"name":"wp","href":"https:\/\/api.w.org\/{rel}","templated":true}]}}