{"id":916411,"date":"2022-07-01T18:57:31","date_gmt":"2022-07-01T21:57:31","guid":{"rendered":"https:\/\/www.cnbb.org.br\/?p=916411"},"modified":"2022-07-04T17:31:31","modified_gmt":"2022-07-04T20:31:31","slug":"intencao-oracao-papa-francisco-julho-idosos","status":"publish","type":"post","link":"https:\/\/www.cnbb.org.br\/intencao-oracao-papa-francisco-julho-idosos\/","title":{"rendered":"Inten\u00e7\u00e3o de ora\u00e7\u00e3o do Papa Francisco para o m\u00eas de julho \u00e9 pelos idosos"},"content":{"rendered":"<p>Neste m\u00eas de julho, a inten\u00e7\u00e3o do Papa Francisco convida a rezar pelos idosos, &#8220;que representam as ra\u00edzes e a mem\u00f3ria de um povo&#8221;. A motiva\u00e7\u00e3o \u00e9 que sejam elevadas preces &#8220;para que a sua experi\u00eancia e a sua sabedoria ajudem os mais jovens a olhar o futuro com esperan\u00e7a e responsabilidade&#8221;. No dia 30 de junho, a Rede Mundial de Ora\u00e7\u00e3o do Papa divulgou o v\u00eddeo que destaca a inten\u00e7\u00e3o confiada pelo pont\u00edfice para o Apostolado da Ora\u00e7\u00e3o e para toda a Igreja.<\/p>\n<p>A inten\u00e7\u00e3o coincide com a segunda celebra\u00e7\u00e3o do Dia Mundial dos Av\u00f3s e dos Idosos, que ser\u00e1 no domingo 24 de julho. De acordo com o prefeito do Dicast\u00e9rio para os Leigos, a Fam\u00edlia e a Vida, cardeal Kevin Farrell, a celebra\u00e7\u00e3o destaca a proximidade da Igreja com os idosos.<\/p>\n<blockquote><p>\u201cO Santo Padre convida-nos a tomar consci\u00eancia da relev\u00e2ncia dos idosos na vida das sociedades e das nossas comunidades, e a faz\u00ea-lo n\u00e3o esporadicamente, mas estruturalmente, com um cuidado pastoral ordin\u00e1rio. Assim sendo, n\u00e3o se trata de confrontar uma emerg\u00eancia, mas de lan\u00e7ar as bases para uma pastoral de longo prazo que nos envolver\u00e1 durante d\u00e9cadas. Al\u00e9m de reafirmar a import\u00e2ncia de combater a cultura do descarte, o Papa parece tamb\u00e9m querer oferecer pontos de refer\u00eancia \u00e0queles que experimentam um desconcerto por se verem com a idade avan\u00e7ada&#8221;, comentou o cardeal.<\/p><\/blockquote>\n<p>&nbsp;<\/p>\n<h3><b>Uma gera\u00e7\u00e3o numerosa\u00a0<\/b><\/h3>\n<p>No v\u00eddeo divulgado no dia 30 de junho, o Papa Francisco fala em primeira pessoa sobre os idosos: \u201cNunca fomos t\u00e3o numerosos na hist\u00f3ria da humanidade, mas n\u00e3o sabemos como viver esta nova etapa da vida\u201d. Nas \u00faltimas d\u00e9cadas, o n\u00famero de pessoas com mais de 65 anos de idade tem crescido de forma constante. O envelhecimento desta popula\u00e7\u00e3o afeta particularmente os pa\u00edses mais desenvolvidos, onde 25% dos idosos vivem sozinhos. \u201cPara a velhice h\u00e1 muitos planos de assist\u00eancia, mas poucos projetos de vida\u201d, lamenta o Papa.<\/p>\n<p>A produ\u00e7\u00e3o audiovisual foi feita em colabora\u00e7\u00e3o com o <a href=\"http:\/\/www.laityfamilylife.va\/content\/laityfamilylife\/pt.html\" target=\"_blank\" rel=\"noopener\">Dicast\u00e9rio para os Leigos, a Fam\u00edlia e a Vida<\/a>\u00a0e a\u00a0<a href=\"http:\/\/www.fondazionealbertosordi.it\/\" target=\"_blank\" rel=\"noopener\"><i>Fondazione Alberto Sordi<\/i><\/a>.<\/p>\n<p>&nbsp;<\/p>\n<h3><b>Uma miss\u00e3o vital para os idosos<\/b><\/h3>\n<p>No contexto de um mundo com muitas feridas, o Papa aponta para um papel fundamental para a gera\u00e7\u00e3o mais velha. \u201cOs mais velhos t\u00eam frequentemente uma sensibilidade especial para o cuidado, para a reflex\u00e3o e o afeto. Somos, ou podemos nos tornar, mestres da ternura\u201d, diz. \u201cPrecisamos, neste mundo habituado \u00e0 guerra, de uma verdadeira revolu\u00e7\u00e3o da ternura. Temos aqui uma grande responsabilidade para com as novas gera\u00e7\u00f5es\u201d.<\/p>\n<p>&nbsp;<\/p>\n<h3>Pol\u00edticas para os idosos<\/h3>\n<p>O diretor da <a href=\"http:\/\/www.fondazionealbertosordi.it\/\" target=\"_blank\" rel=\"noopener\">Fondazione Alberto Sordi<\/a>, Ciro Intino, observa a necessidade de a sociedade dar respostas adequadas aos cuidados e necessidades existenciais das pessoas mais velhas: &#8220;H\u00e1 ainda um longo caminho a percorrer em termos de pol\u00edticas sociais e de sa\u00fade para os idosos, destinadas a limitar o isolamento a que demasiadas pessoas idosas est\u00e3o atualmente condenadas&#8221;.<\/p>\n<blockquote><p>&#8220;Os mais velhos s\u00e3o portadores de sabedoria, conhecimento, cultura: valores inalien\u00e1veis que, atrav\u00e9s do di\u00e1logo intergeracional, contribuem para assegurar o futuro da nossa sociedade e das comunidades a que pertencem. Para que esta din\u00e2mica virtuosa se torne realidade, devem ser ativadas sinergias entre redes familiares, amigos, prestadores de cuidados e estruturas sociais p\u00fablicas e privadas. A <i>Fondazione Alberto Sordi<\/i> promove estes caminhos de rede: oferecendo assim raz\u00f5es de esperan\u00e7a\u201d, divulga.<\/p><\/blockquote>\n<h3>B\u00ean\u00e7\u00e3o para a sociedade<\/h3>\n<p>Um convite para este m\u00eas \u00e9 recordar os av\u00f3s ou os idosos que partilharam conosco da sua pr\u00f3pria experi\u00eancia de vida e f\u00e9, da sua sabedoria e da sua esperan\u00e7a, como destaca o diretor Internacional da <a href=\"https:\/\/www.popesprayer.va\/pt-pt\/\" target=\"_blank\" rel=\"noopener\"><b>Rede Mundial de Ora\u00e7\u00e3o do Papa<\/b><\/a>, padre jesu\u00edta Fr\u00e9d\u00e9ric Fornos.<\/p>\n<blockquote><p>&#8220;Nos Evangelhos, os idosos Sime\u00e3o e Ana reconhecem na crian\u00e7a que Maria e Jos\u00e9 apresentam no Templo, a esperan\u00e7a de um povo inteiro. S\u00e3o capazes de ver e ouvir o que a grande maioria, correndo atr\u00e1s das suas vidas ocupadas, n\u00e3o percebe. Como Francisco nos recordou na sua catequese sobre a velhice nos \u00faltimos tr\u00eas meses, o pacto entre as gera\u00e7\u00f5es, entre os idosos e os jovens, \u00e9 uma b\u00ean\u00e7\u00e3o para a sociedade. Rezemos este m\u00eas por esta inten\u00e7\u00e3o de ora\u00e7\u00e3o do Papa\u201d, motivou.<\/p><\/blockquote>\n<p>&nbsp;<\/p>\n<div class=\"ast-oembed-container\" style=\"height: 100%;\"><iframe loading=\"lazy\" title=\"Pelos idosos - O V\u00eddeo do Papa 07 - Julho de 2022\" width=\"500\" height=\"281\" src=\"https:\/\/www.youtube.com\/embed\/RHEOxJUnjyI?feature=oembed\" frameborder=\"0\" allow=\"accelerometer; autoplay; clipboard-write; encrypted-media; gyroscope; picture-in-picture\" allowfullscreen><\/iframe><\/div>\n<p>&nbsp;<\/p>\n<pre>Com informa\u00e7\u00f5es e fotos da Rede Mundial de Ora\u00e7\u00e3o do Papa<\/pre>\n","protected":false},"excerpt":{"rendered":"<p>Neste m\u00eas de julho, a inten\u00e7\u00e3o do Papa Francisco convida a rezar pelos idosos. A proposta coincide com a segunda celebra\u00e7\u00e3o do Dia Mundial dos Av\u00f3s e dos Idosos, que ser\u00e1 no domingo 24 de julho. De acordo com o prefeito do Dicast\u00e9rio para os Leigos, a Fam\u00edlia e a Vida, cardeal Kevin Farrell, a celebra\u00e7\u00e3o destaca a proximidade da Igreja com os idosos<\/p>\n","protected":false},"author":38,"featured_media":916423,"comment_status":"open","ping_status":"open","sticky":false,"template":"","format":"standard","meta":{"site-sidebar-layout":"default","site-content-layout":"default","ast-global-header-display":"","ast-banner-title-visibility":"","ast-main-header-display":"","ast-hfb-above-header-display":"","ast-hfb-below-header-display":"","ast-hfb-mobile-header-display":"","site-post-title":"","ast-breadcrumbs-content":"","ast-featured-img":"","footer-sml-layout":"","theme-transparent-header-meta":"default","adv-header-id-meta":"","stick-header-meta":"","header-above-stick-meta":"","header-main-stick-meta":"","header-below-stick-meta":""},"categories":[50,784],"tags":[2180,3286],"acf":[],"_links":{"self":[{"href":"https:\/\/www.cnbb.org.br\/cnbb-app\/wp\/v2\/posts\/916411"}],"collection":[{"href":"https:\/\/www.cnbb.org.br\/cnbb-app\/wp\/v2\/posts"}],"about":[{"href":"https:\/\/www.cnbb.org.br\/cnbb-app\/wp\/v2\/types\/post"}],"author":[{"embeddable":true,"href":"https:\/\/www.cnbb.org.br\/cnbb-app\/wp\/v2\/users\/38"}],"replies":[{"embeddable":true,"href":"https:\/\/www.cnbb.org.br\/cnbb-app\/wp\/v2\/comments?post=916411"}],"version-history":[{"count":0,"href":"https:\/\/www.cnbb.org.br\/cnbb-app\/wp\/v2\/posts\/916411\/revisions"}],"wp:featuredmedia":[{"embeddable":true,"href":"https:\/\/www.cnbb.org.br\/cnbb-app\/wp\/v2\/media\/916423"}],"wp:attachment":[{"href":"https:\/\/www.cnbb.org.br\/cnbb-app\/wp\/v2\/media?parent=916411"}],"wp:term":[{"taxonomy":"category","embeddable":true,"href":"https:\/\/www.cnbb.org.br\/cnbb-app\/wp\/v2\/categories?post=916411"},{"taxonomy":"post_tag","embeddable":true,"href":"https:\/\/www.cnbb.org.br\/cnbb-app\/wp\/v2\/tags?post=916411"}],"curies":[{"name":"wp","href":"https:\/\/api.w.org\/{rel}","templated":true}]}}