{"id":916874,"date":"2022-07-07T15:30:25","date_gmt":"2022-07-07T18:30:25","guid":{"rendered":"https:\/\/www.cnbb.org.br\/?p=916874"},"modified":"2022-07-08T13:10:45","modified_gmt":"2022-07-08T16:10:45","slug":"dom-eugenio-rixen-tres-marcos-comissao-animacao-biblico-catequetica-2003-2011","status":"publish","type":"post","link":"https:\/\/www.cnbb.org.br\/dom-eugenio-rixen-tres-marcos-comissao-animacao-biblico-catequetica-2003-2011\/","title":{"rendered":"Dom Eug\u00eanio Rixen recorda tr\u00eas marcos na atua\u00e7\u00e3o da Comiss\u00e3o para a Anima\u00e7\u00e3o B\u00edblico-Catequ\u00e9tica entre 2003 e 2011"},"content":{"rendered":"<p style=\"text-align: justify;\">Em v\u00eddeo sobre os 70 anos da Confer\u00eancia Nacional dos Bispos do Brasil (CNBB), o bispo em\u00e9rito de Goi\u00e1s (GO), dom Eug\u00eanio Rixen, recorda tr\u00eas marcos na atua\u00e7\u00e3o da Comiss\u00e3o Episcopal Pastoral para a Anima\u00e7\u00e3o B\u00edblico-Catequ\u00e9tica da CNBB, no per\u00edodo em que foi o presidente da mesma, entre 2003 e 2011.<\/p>\n<p style=\"text-align: justify;\">A articula\u00e7\u00e3o de dom Eug\u00eanio com os assessores e os bispos referenciais rendeu algumas realiza\u00e7\u00f5es, como a publica\u00e7\u00e3o do Diret\u00f3rio Nacional de Catequese, em 2006, e do texto de Estudos sobre o Minist\u00e9rio de Catequista (Estudos CNBB n. 95), em 2008. Este foi relan\u00e7ado em 2021 por ocasi\u00e3o da publica\u00e7\u00e3o do <em>Motu Proprio Antiquum Ministerium<\/em>, documento com o qual foi institu\u00eddo na Igreja o Minist\u00e9rio de Catequista.<\/p>\n<p style=\"text-align: justify;\">J\u00e1 em 2009, a Comiss\u00e3o animou as dioceses com a realiza\u00e7\u00e3o do Ano Catequ\u00e9tico, cujo objetivo foi &#8220;dar novo impulso \u00e0 catequese como servi\u00e7o eclesial e como caminho para o discipulado&#8221;.<\/p>\n<div class=\"ast-oembed-container\" style=\"height: 100%;\"><iframe loading=\"lazy\" title=\"#CNBB70Anos Dom Eug\u00eanio Rixen - Bispo Em\u00e9rito de Goi\u00e1s (GO)\" width=\"500\" height=\"281\" src=\"https:\/\/www.youtube.com\/embed\/_fawdkm773k?feature=oembed\" frameborder=\"0\" allow=\"accelerometer; autoplay; clipboard-write; encrypted-media; gyroscope; picture-in-picture\" allowfullscreen><\/iframe><\/div>\n<h3 style=\"text-align: justify;\">Semin\u00e1rio 70 anos CNBB<\/h3>\n<p style=\"text-align: justify;\">E neste contexto de mem\u00f3ria e celebra\u00e7\u00f5es dos 70 anos da Confer\u00eancia, o Instituto Nacional de Pastoral Padre Alberto Antoniazzi (Inapaz) realiza o Semin\u00e1rio 70 Anos CNBB, de 26 a 28 de julho.<\/p>\n<p style=\"text-align: justify;\">O objetivo \u00e9 contribuir na renova\u00e7\u00e3o da autocompreens\u00e3o da CNBB, por meio da recupera\u00e7\u00e3o de elementos hist\u00f3ricos de sua trajet\u00f3ria de 70 anos, para o aprimoramento do seu servi\u00e7o \u00e0 Igreja no Brasil e \u00e0 sociedade.<\/p>\n<p style=\"text-align: justify;\">A forma\u00e7\u00e3o vai trabalhar com dois eixos tem\u00e1ticos: a contribui\u00e7\u00e3o da CNBB \u00e0 a\u00e7\u00e3o evangelizadora da Igreja no Brasil e no di\u00e1logo da Igreja com a sociedade. A proposta \u00e9 realizar uma abordagem hist\u00f3rico-teol\u00f3gico-pastoral, enfocando a contribui\u00e7\u00e3o da Confer\u00eancia na recep\u00e7\u00e3o do Conc\u00edlio Vaticano II.<\/p>\n<p style=\"text-align: justify;\">As inscri\u00e7\u00f5es v\u00e3o at\u00e9 o dia 10 de julho. O investimento \u00e9 de R$100,00.<\/p>\n<p style=\"text-align: justify;\"><strong><a href=\"https:\/\/ciaticket.com.br\/e\/seminario-70-anos-da-cnbb26072022-588\" target=\"_blank\" rel=\"noopener\">INSCREVA-SE<\/a><\/strong><\/p>\n<p style=\"text-align: justify;\">\n","protected":false},"excerpt":{"rendered":"<p>Bispo em\u00e9rito de Goi\u00e1s foi presidente da Comiss\u00e3o para a Anima\u00e7\u00e3o B\u00edblico-Catequ\u00e9tica da CNBB entre 2003 e 2011. Ele partilha em v\u00eddeo algumas contribui\u00e7\u00f5es marcantes da Comiss\u00e3o para a Igreja no Brasil. Semin\u00e1rio sobre os 70 anos da CNBB vai fazer mem\u00f3ria da contribui\u00e7\u00e3o da CNBB \u00e0 a\u00e7\u00e3o evangelizadora da Igreja no Brasil. Inscri\u00e7\u00f5es v\u00e3o at\u00e9 o dia 10 <\/p>\n","protected":false},"author":38,"featured_media":916877,"comment_status":"open","ping_status":"open","sticky":false,"template":"","format":"standard","meta":{"site-sidebar-layout":"default","site-content-layout":"default","ast-global-header-display":"","ast-banner-title-visibility":"","ast-main-header-display":"","ast-hfb-above-header-display":"","ast-hfb-below-header-display":"","ast-hfb-mobile-header-display":"","site-post-title":"","ast-breadcrumbs-content":"","ast-featured-img":"","footer-sml-layout":"","theme-transparent-header-meta":"default","adv-header-id-meta":"","stick-header-meta":"","header-above-stick-meta":"","header-main-stick-meta":"","header-below-stick-meta":""},"categories":[800,4495,50],"tags":[3993],"acf":[],"_links":{"self":[{"href":"https:\/\/www.cnbb.org.br\/cnbb-app\/wp\/v2\/posts\/916874"}],"collection":[{"href":"https:\/\/www.cnbb.org.br\/cnbb-app\/wp\/v2\/posts"}],"about":[{"href":"https:\/\/www.cnbb.org.br\/cnbb-app\/wp\/v2\/types\/post"}],"author":[{"embeddable":true,"href":"https:\/\/www.cnbb.org.br\/cnbb-app\/wp\/v2\/users\/38"}],"replies":[{"embeddable":true,"href":"https:\/\/www.cnbb.org.br\/cnbb-app\/wp\/v2\/comments?post=916874"}],"version-history":[{"count":0,"href":"https:\/\/www.cnbb.org.br\/cnbb-app\/wp\/v2\/posts\/916874\/revisions"}],"wp:featuredmedia":[{"embeddable":true,"href":"https:\/\/www.cnbb.org.br\/cnbb-app\/wp\/v2\/media\/916877"}],"wp:attachment":[{"href":"https:\/\/www.cnbb.org.br\/cnbb-app\/wp\/v2\/media?parent=916874"}],"wp:term":[{"taxonomy":"category","embeddable":true,"href":"https:\/\/www.cnbb.org.br\/cnbb-app\/wp\/v2\/categories?post=916874"},{"taxonomy":"post_tag","embeddable":true,"href":"https:\/\/www.cnbb.org.br\/cnbb-app\/wp\/v2\/tags?post=916874"}],"curies":[{"name":"wp","href":"https:\/\/api.w.org\/{rel}","templated":true}]}}