{"id":916960,"date":"2022-07-11T12:00:01","date_gmt":"2022-07-11T15:00:01","guid":{"rendered":"https:\/\/www.cnbb.org.br\/?p=916960"},"modified":"2022-07-11T12:05:35","modified_gmt":"2022-07-11T15:05:35","slug":"encontro-dos-secretarios-executivos","status":"publish","type":"post","link":"https:\/\/www.cnbb.org.br\/encontro-dos-secretarios-executivos\/","title":{"rendered":"Ap\u00f3s dois anos de pandemia, Regional Sul 4 recebe secret\u00e1rios-executivos da CNBB em encontro presencial"},"content":{"rendered":"<p style=\"text-align: justify;\">Ap\u00f3s dois anos de pandemia, este ano ser\u00e1 a primeira vez que os secret\u00e1rios-executivos dos regionais da Confer\u00eancia Nacional dos Bispos do Brasil (CNBB) se encontrar\u00e3o de forma presencial. O encontro acontecer\u00e1 em Florian\u00f3polis (SC), de 11 a 15 de julho.<\/p>\n<p style=\"text-align: justify;\">Em 2022, a principal proposta \u00e9 aprofundar o conhecimento da realidade pastoral do regional Sul 4, que compreende o Estado de Santa Catarina, bem como estreitar o relacionamento entre os secret\u00e1rios-executivos dos 18 demais regionais a partir da conviv\u00eancia e da partilha.<\/p>\n<p style=\"text-align: justify;\">Na pauta, haver\u00e1 um di\u00e1logo sobre as atuais Diretrizes Gerais da A\u00e7\u00e3o Evangelizadora da Igreja no Brasil (DGAE), tema central da 59\u00aa Assembleia Geral da CNBB, e o processo de escuta do S\u00ednodo 2023 realizado nas dioceses.<\/p>\n<p style=\"text-align: justify;\">Al\u00e9m dos secret\u00e1rios-executivos, o encontro contar\u00e1 com a presen\u00e7a do primeiro vice-presidente da CNBB, dom Jaime Spengler e do subsecret\u00e1rio adjunto de pastoral da entidade, padre Marcus Barbosa.<\/p>\n<p style=\"text-align: justify;\">Nos encontros de partilhas, que acontecer\u00e3o durante a semana, padre Marcus salienta que os destaques est\u00e3o por conta de uma melhor compreens\u00e3o sobre a miss\u00e3o como secret\u00e1rios e secret\u00e1rias na 59\u00ba Assembleia Geral da CNBB, a ser realizada de 29 de agosto a 2 de setembro, em Aparecida (SP), al\u00e9m de discuss\u00f5es sobre o que \u00e9 feito no campo social nos regionais da CNBB.<\/p>\n<blockquote>\n<p style=\"text-align: justify;\">&#8220;Tamb\u00e9m conhecer mais de perto a vida e miss\u00e3o do regional Sul 4 que nos acolhe&#8221;, acrescenta padre Marcus.<\/p>\n<\/blockquote>\n<h3 style=\"text-align: justify;\"><strong>Programa\u00e7\u00e3o<\/strong><\/h3>\n<p style=\"text-align: justify;\">Nos dias 11 e 12 de julho, a proposta \u00e9 que se tenha momentos de ora\u00e7\u00e3o e partilha. O primeiro dia do encontro, por exemplo, contar\u00e1 com uma celebra\u00e7\u00e3o eucar\u00edstica presidida por dom Jaime Spengler, na Par\u00f3quia Nossa Senhora da Lapa.<\/p>\n<p style=\"text-align: justify;\">J\u00e1 dos dias 13 a 15 de julho haver\u00e1 momentos de passeios e confraterniza\u00e7\u00f5es. Uma missa de encerramento, presidida por dom Wilson Tadeu Jonck, arcebispo de Florian\u00f3polis, est\u00e1 prevista no \u00faltimo dia.<\/p>\n<p>&nbsp;<\/p>\n<p>&nbsp;<\/p>\n<p style=\"text-align: justify;\">\n","protected":false},"excerpt":{"rendered":"<p>Em 2022, a proposta \u00e9 aprofundar o conhecimento da realidade pastoral do regional Sul 4, que compreende o Estado de Santa Catarina, bem como estreitar o relacionamento entre os secret\u00e1rios-executivos dos 18 demais regionais a partir da conviv\u00eancia e da partilha<\/p>\n","protected":false},"author":141,"featured_media":916979,"comment_status":"open","ping_status":"open","sticky":false,"template":"","format":"standard","meta":{"site-sidebar-layout":"default","site-content-layout":"default","ast-global-header-display":"","ast-banner-title-visibility":"","ast-main-header-display":"","ast-hfb-above-header-display":"","ast-hfb-below-header-display":"","ast-hfb-mobile-header-display":"","site-post-title":"","ast-breadcrumbs-content":"","ast-featured-img":"","footer-sml-layout":"","theme-transparent-header-meta":"default","adv-header-id-meta":"","stick-header-meta":"","header-above-stick-meta":"","header-main-stick-meta":"","header-below-stick-meta":""},"categories":[50,1851],"tags":[3780],"acf":[],"_links":{"self":[{"href":"https:\/\/www.cnbb.org.br\/cnbb-app\/wp\/v2\/posts\/916960"}],"collection":[{"href":"https:\/\/www.cnbb.org.br\/cnbb-app\/wp\/v2\/posts"}],"about":[{"href":"https:\/\/www.cnbb.org.br\/cnbb-app\/wp\/v2\/types\/post"}],"author":[{"embeddable":true,"href":"https:\/\/www.cnbb.org.br\/cnbb-app\/wp\/v2\/users\/141"}],"replies":[{"embeddable":true,"href":"https:\/\/www.cnbb.org.br\/cnbb-app\/wp\/v2\/comments?post=916960"}],"version-history":[{"count":0,"href":"https:\/\/www.cnbb.org.br\/cnbb-app\/wp\/v2\/posts\/916960\/revisions"}],"wp:featuredmedia":[{"embeddable":true,"href":"https:\/\/www.cnbb.org.br\/cnbb-app\/wp\/v2\/media\/916979"}],"wp:attachment":[{"href":"https:\/\/www.cnbb.org.br\/cnbb-app\/wp\/v2\/media?parent=916960"}],"wp:term":[{"taxonomy":"category","embeddable":true,"href":"https:\/\/www.cnbb.org.br\/cnbb-app\/wp\/v2\/categories?post=916960"},{"taxonomy":"post_tag","embeddable":true,"href":"https:\/\/www.cnbb.org.br\/cnbb-app\/wp\/v2\/tags?post=916960"}],"curies":[{"name":"wp","href":"https:\/\/api.w.org\/{rel}","templated":true}]}}