{"id":917017,"date":"2022-07-11T11:23:09","date_gmt":"2022-07-11T14:23:09","guid":{"rendered":"https:\/\/www.cnbb.org.br\/?p=917017"},"modified":"2022-07-11T11:23:36","modified_gmt":"2022-07-11T14:23:36","slug":"xv-domingo-do-tempo-comum-2","status":"publish","type":"post","link":"https:\/\/www.cnbb.org.br\/xv-domingo-do-tempo-comum-2\/","title":{"rendered":"XV Domingo do Tempo Comum"},"content":{"rendered":"<p style=\"text-align: right;\"><b><span data-contrast=\"auto\">Dom Eurico dos Santos Veloso<\/span><\/b><span data-ccp-props=\"{&quot;134233117&quot;:true,&quot;134233118&quot;:true,&quot;201341983&quot;:0,&quot;335551550&quot;:2,&quot;335551620&quot;:2,&quot;335559740&quot;:360}\"><br \/>\n<\/span><b><span data-contrast=\"auto\">Arcebispo Em\u00e9rito de Juiz de Fora (MG)<\/span><\/b><\/p>\n<p>&nbsp;<\/p>\n<p>&nbsp;<\/p>\n<p style=\"text-align: justify;\"><i><span data-contrast=\"auto\">\u201cAmar\u00e1s o Senhor, teu Deus, de todo o teu cora\u00e7\u00e3o e com toda a tua alma, com toda a tua for\u00e7a e com toda a tua intelig\u00eancia; e ao teu pr\u00f3ximo como a ti mesmo!\u201d (cf. Lc 10,27)<\/span><\/i><span data-ccp-props=\"{&quot;201341983&quot;:0,&quot;335551550&quot;:6,&quot;335551620&quot;:6,&quot;335559739&quot;:160,&quot;335559740&quot;:360}\">\u00a0<\/span><\/p>\n<p style=\"text-align: justify;\"><span data-contrast=\"auto\">A Liturgia do D\u00e9cimo Quinto Domingo do Tempo Comum, nos insere sobre a reflex\u00e3o a que caminho tomar para o alcance da vida eterna, atrav\u00e9s do Amor. Amor a Deus, amor ao pr\u00f3ximo, atrav\u00e9s das a\u00e7\u00f5es voltadas em nossas vidas para a difus\u00e3o da caridade, miseric\u00f3rdia e do amor.<\/span><span data-ccp-props=\"{&quot;201341983&quot;:0,&quot;335551550&quot;:6,&quot;335551620&quot;:6,&quot;335559731&quot;:708,&quot;335559739&quot;:160,&quot;335559740&quot;:360}\">\u00a0<\/span><\/p>\n<p style=\"text-align: justify;\"><span data-contrast=\"auto\">O Evangelho de Lucas <\/span><i><span data-contrast=\"auto\">(Lc 6,39-45), <\/span><\/i><span data-contrast=\"auto\">Jesus responde o questionamento de um mestre da Lei que queria coloc\u00e1-Lo em prova: <\/span><i><span data-contrast=\"auto\">\u201co que devo fazer para receber em heran\u00e7a a vida eterna\u201d.<\/span><\/i><span data-contrast=\"auto\"> Jesus sabendo da inten\u00e7\u00e3o deste mestre da Lei, responde conforme o que est\u00e1 escrito: <\/span><i><span data-contrast=\"auto\">\u201cAmar\u00e1s o Senhor, teu Deus, de todo o teu cora\u00e7\u00e3o e com toda a tua alma, com toda a tua for\u00e7a e com toda a tua intelig\u00eancia; e ao teu pr\u00f3ximo como a ti mesmo!\u201d (cf. Lc 10,27). <\/span><\/i><span data-contrast=\"auto\">E Jesus exemplifica quem seria o pr\u00f3ximo, atrav\u00e9s do conto da par\u00e1bola t\u00e3o conhecida que \u00e9 a do <\/span><i><span data-contrast=\"auto\">Bom Samaritano. <\/span><\/i><span data-contrast=\"auto\">Jesus demonstra a este mestre da Lei que, n\u00e3o adianta ser um homem que est\u00e1 todos os dias em louvor, agarrado aos ritos e n\u00e3o faz o essencial que \u00e9 colocar em pr\u00e1tica a miseric\u00f3rdia para o pr\u00f3ximo.\u00a0<\/span><span data-ccp-props=\"{&quot;201341983&quot;:0,&quot;335551550&quot;:6,&quot;335551620&quot;:6,&quot;335559739&quot;:160,&quot;335559740&quot;:360}\">\u00a0<\/span><\/p>\n<p style=\"text-align: justify;\"><span data-contrast=\"auto\">A Primeira Leitura, retirada do Livro do Deuteron\u00f4mio <\/span><i><span data-contrast=\"auto\">(Dt 30,10-14), <\/span><\/i><span data-contrast=\"auto\">Mois\u00e9s j\u00e1 havia inserido este contexto aos Filhos de Israel sobre o apontamento que Deus sempre pediu aos seus: cumprir os mandamentos. Ora, tais mandamentos s\u00e3o f\u00e1ceis de aplic\u00e1-los, basta ter a coragem de vivenci\u00e1-los. \u201c<\/span><i><span data-contrast=\"auto\">Na verdade, este mandamento que hoje te dou n\u00e3o \u00e9 dif\u00edcil demais, nem est\u00e1 fora do teu alcance. N\u00e3o est\u00e1 no c\u00e9u, para que possas dizer: &#8216;Quem subir\u00e1 ao c\u00e9u por n\u00f3s para apanh\u00e1-lo? Quem no-lo ensinar\u00e1 para que o possamos cumprir?&#8217; Nem est\u00e1 do outro lado do mar, para que possas alegar: &#8216;Quem atravessar\u00e1 o mar por n\u00f3s para apanh\u00e1-lo? Quem no-lo ensinar\u00e1 para que o possamos cumprir?&#8217; Ao contr\u00e1rio, esta palavra est\u00e1 bem ao teu alcance, est\u00e1 em tua boca e em teu cora\u00e7\u00e3o, para que a possas cumprir\u201d (cf. Dt 30, 11-14).<\/span><\/i><span data-ccp-props=\"{&quot;201341983&quot;:0,&quot;335551550&quot;:6,&quot;335551620&quot;:6,&quot;335559739&quot;:160,&quot;335559740&quot;:360}\">\u00a0<\/span><\/p>\n<p style=\"text-align: justify;\"><span data-contrast=\"auto\">A Segunda Leitura extra\u00edda da Primeira Carta de S\u00e3o Paulo aos Colossenses <\/span><i><span data-contrast=\"auto\">(Cl 1,15-20), <\/span><\/i><span data-contrast=\"auto\">Paulo aponta Jesus Cristo como o centro da causa de toda cria\u00e7\u00e3o, demonstrando, tamb\u00e9m, como o exemplo a ser seguido, bem como a presen\u00e7a encarnada do pr\u00f3prio Deus que quis habitar junto ao Seu Povo. \u201c<\/span><i><span data-contrast=\"auto\">Ele \u00e9 a Cabe\u00e7a do corpo, isto \u00e9, da Igreja. Ele \u00e9 o Princ\u00edpio, o Primog\u00eanito dentre os mortos; de sorte que em tudo ele tem a primazia, porque Deus quis habitar nele com toda a sua plenitude e por ele reconciliar consigo todos os seres, os que est\u00e3o na terra e no c\u00e9u, realizando a paz pelo sangue da sua cruz\u201d (cf. Cl 1, 18-20)<\/span><\/i><span data-ccp-props=\"{&quot;201341983&quot;:0,&quot;335551550&quot;:6,&quot;335551620&quot;:6,&quot;335559739&quot;:160,&quot;335559740&quot;:360}\">\u00a0<\/span><\/p>\n<p style=\"text-align: justify;\"><span data-contrast=\"auto\">Vivificados pela Liturgia de Domingo, possamos vivenciar os mandamentos do amor em nossas vidas. Buscando alcan\u00e7ar atrav\u00e9s das a\u00e7\u00f5es de miseric\u00f3rdia e caridade a todos que necessitam, pois<\/span><i><span data-contrast=\"auto\"> \u201cos preceitos do Senhor s\u00e3o precisos, alegria ao cora\u00e7\u00e3o. O mandamento do Senhor \u00e9 brilhante, para os olhos \u00e9 uma luz\u201d [cf. Sl 18B(19), 9].<\/span><\/i><span data-ccp-props=\"{&quot;201341983&quot;:0,&quot;335551550&quot;:6,&quot;335551620&quot;:6,&quot;335559739&quot;:160,&quot;335559740&quot;:360}\">\u00a0<\/span><\/p>\n<p style=\"text-align: justify;\"><i><span data-contrast=\"auto\">Sauda\u00e7\u00f5es em Cristo!<\/span><\/i><span data-ccp-props=\"{&quot;201341983&quot;:0,&quot;335551550&quot;:6,&quot;335551620&quot;:6,&quot;335559739&quot;:160,&quot;335559740&quot;:360}\">\u00a0<\/span><\/p>\n<p style=\"text-align: justify;\">\n","protected":false},"excerpt":{"rendered":"<p>Dom Eurico dos Santos Veloso Arcebispo Em\u00e9rito de Juiz de Fora (MG) &nbsp; &nbsp; \u201cAmar\u00e1s o Senhor, teu Deus, de todo o teu cora\u00e7\u00e3o e com toda a tua alma, com toda a tua for\u00e7a e com toda a tua intelig\u00eancia; e ao teu pr\u00f3ximo como a ti mesmo!\u201d (cf. Lc 10,27)\u00a0 A Liturgia do &hellip;<\/p>\n<p class=\"read-more\"> <a class=\"\" href=\"https:\/\/www.cnbb.org.br\/xv-domingo-do-tempo-comum-2\/\"> <span class=\"screen-reader-text\">XV Domingo do Tempo Comum<\/span> Leia mais &raquo;<\/a><\/p>\n","protected":false},"author":73,"featured_media":0,"comment_status":"open","ping_status":"open","sticky":false,"template":"","format":"standard","meta":{"site-sidebar-layout":"default","site-content-layout":"default","ast-global-header-display":"","ast-banner-title-visibility":"","ast-main-header-display":"","ast-hfb-above-header-display":"","ast-hfb-below-header-display":"","ast-hfb-mobile-header-display":"","site-post-title":"","ast-breadcrumbs-content":"","ast-featured-img":"","footer-sml-layout":"","theme-transparent-header-meta":"default","adv-header-id-meta":"","stick-header-meta":"","header-above-stick-meta":"","header-main-stick-meta":"","header-below-stick-meta":""},"categories":[758],"tags":[],"acf":[],"_links":{"self":[{"href":"https:\/\/www.cnbb.org.br\/cnbb-app\/wp\/v2\/posts\/917017"}],"collection":[{"href":"https:\/\/www.cnbb.org.br\/cnbb-app\/wp\/v2\/posts"}],"about":[{"href":"https:\/\/www.cnbb.org.br\/cnbb-app\/wp\/v2\/types\/post"}],"author":[{"embeddable":true,"href":"https:\/\/www.cnbb.org.br\/cnbb-app\/wp\/v2\/users\/73"}],"replies":[{"embeddable":true,"href":"https:\/\/www.cnbb.org.br\/cnbb-app\/wp\/v2\/comments?post=917017"}],"version-history":[{"count":0,"href":"https:\/\/www.cnbb.org.br\/cnbb-app\/wp\/v2\/posts\/917017\/revisions"}],"wp:attachment":[{"href":"https:\/\/www.cnbb.org.br\/cnbb-app\/wp\/v2\/media?parent=917017"}],"wp:term":[{"taxonomy":"category","embeddable":true,"href":"https:\/\/www.cnbb.org.br\/cnbb-app\/wp\/v2\/categories?post=917017"},{"taxonomy":"post_tag","embeddable":true,"href":"https:\/\/www.cnbb.org.br\/cnbb-app\/wp\/v2\/tags?post=917017"}],"curies":[{"name":"wp","href":"https:\/\/api.w.org\/{rel}","templated":true}]}}