{"id":917103,"date":"2022-07-12T11:08:32","date_gmt":"2022-07-12T14:08:32","guid":{"rendered":"https:\/\/www.cnbb.org.br\/?p=917103"},"modified":"2022-07-12T11:13:33","modified_gmt":"2022-07-12T14:13:33","slug":"missao-jovem-2022-a-alegria-do-ser-igreja-e-o-entusiasmo-da-boa-nova-levam-jovens-de-todo-o-pais-para-tucuma-pa","status":"publish","type":"post","link":"https:\/\/www.cnbb.org.br\/missao-jovem-2022-a-alegria-do-ser-igreja-e-o-entusiasmo-da-boa-nova-levam-jovens-de-todo-o-pais-para-tucuma-pa\/","title":{"rendered":"Miss\u00e3o Jovem 2022: A alegria do ser Igreja e o entusiasmo da Boa Nova levam jovens de todo o pa\u00eds para Tucum\u00e3 (PA)"},"content":{"rendered":"<p style=\"text-align: justify;\">Nesta semana, a juventude do Brasil se encontrar\u00e1 na prelazia do Alto Xingu-Tucum\u00e3, no Par\u00e1, onde o \u201cBrasil verdeja a alma\u201d e onde \u201co rio \u00e9 mar\u201d, como diz uma can\u00e7\u00e3o. Dezenas de jovens de todo o pa\u00eds participar\u00e3o de 15 a 25 de julho da Miss\u00e3o Jovem na Amaz\u00f4nia 2022, projeto promovido pela Comiss\u00e3o Episcopal Pastoral para a Juventude da CNBB (CEPJ) com apoio da Rede Eclesial Pan-Amaz\u00f4nica (Repam). Iniciada em 2014, como fruto da Jornada Mundial da Juventude de 2013, a a\u00e7\u00e3o est\u00e1 em sua quinta edi\u00e7\u00e3o. A \u00faltima edi\u00e7\u00e3o da Miss\u00e3o Jovem foi realizada em 2019 na regi\u00e3o do Bico do Papagaio, na diocese de Tocantin\u00f3polis (TO).<\/p>\n<p style=\"text-align: justify;\">Para a jovem Kelling Raquel M\u00fcller, 22 anos, o entusiasmo com a experi\u00eancia \u00e9 ainda maior do que os 3.100 km de dist\u00e2ncia que separam a sua cidade, Teut\u00f4nia (RS), na diocese de Montenegro, de Tucum\u00e3 (PA). A jovem, que integra a Juventude Mission\u00e1ria, j\u00e1 fez algumas miss\u00f5es mas assegura que esta ser\u00e1 a maior, tanto em dist\u00e2ncia quanto na dura\u00e7\u00e3o dos dias longe de casa.<\/p>\n<p style=\"text-align: justify;\">\u201cQuando ouvi que estavam pensando na miss\u00e3o em Tucum\u00e3, igreja-irm\u00e3 de nossa diocese, logo me interessei. Me encantei com a possibilidade&#8221;, disse. De acordo com ela, o interesse em ser mission\u00e1ria surgiu naturalmente e \u00e9 um sentimento que cultiva em seu cora\u00e7\u00e3o.<\/p>\n<blockquote>\n<p style=\"text-align: justify;\">&#8220;Meses depois, quando recebi o convite para participar da miss\u00e3o, fiquei muito feliz. Nos preparativos, muita ora\u00e7\u00e3o e sintonia com Deus e com o povo da minha diocese e par\u00f3quia. Minhas expectativas s\u00e3o para conhecer o povo de Tucum\u00e3 e sua cultura, dos quais j\u00e1 ouvi falar t\u00e3o bem, compartilhar afetos, hist\u00f3rias, viver a Boa Nova e criar um v\u00ednculo bonito. Creio que ser\u00e1 uma linda miss\u00e3o\u201d, conta a jovem.<\/p>\n<\/blockquote>\n<p style=\"text-align: justify;\">Da voca\u00e7\u00e3o mission\u00e1ria, \u00e0 qual todos s\u00e3o chamados, tamb\u00e9m faz parte a voca\u00e7\u00e3o \u00e0 vida sacerdotal. Um entusiasta da miss\u00e3o \u00e9 jovem mission\u00e1rio, Rullian Jos\u00e9 Kopke Sarmento dos Santos, 24 anos, natural de Tr\u00eas Rios (RJ), seminarista na diocese de Valen\u00e7a (RJ). \u201cDesde que a ideia dessa miss\u00e3o surgiu, nosso bispo dom Nelson Francelino, bispo presidente da CEPJ, j\u00e1 sinalizava que gostaria de enviar alguns seminaristas para fazer essa experi\u00eancia para poder somar ao Setor Juventude de nossa diocese, no intuito de dar testemunho, somar experi\u00eancias e cativar os jovens para seguirem no mesmo caminho&#8221;, conta.<\/p>\n<p style=\"text-align: justify;\">O seminarista est\u00e1 com as muitas expectativas para a miss\u00e3o que, segundo ele, &#8220;al\u00e9m de trazer contributo \u00e0 vida juvenil em nossa diocese, esses momentos s\u00e3o de grande aprendizado e lapida\u00e7\u00e3o para nossa voca\u00e7\u00e3o e caminhada formativa&#8221;. Para ele, conhecer outras culturas, modo de vida e pessoas &#8220;nos lan\u00e7a para frente e nos ensina uma nova forma de enxergar o mundo \u00e9 de se relacionar enquanto irm\u00e3os&#8221;. A miss\u00e3o tamb\u00e9m colaborar\u00e1 para a sua forma\u00e7\u00e3o. &#8220;Ser padre n\u00e3o \u00e9 estagnar no meu modo de ser, mas conhecendo os mais variados modos de vida, retirar dali a presen\u00e7a e manifesta\u00e7\u00e3o de Jesus que acontece em cada uma dessas formas de viver\u201d, diz.<\/p>\n<figure id=\"attachment_917132\" aria-describedby=\"caption-attachment-917132\" style=\"width: 768px\" class=\"wp-caption aligncenter\"><img decoding=\"async\" loading=\"lazy\" class=\"wp-image-917132 size-full\" src=\"https:\/\/www.cnbb.org.br\/wp-content\/uploads\/2022\/07\/Jovens-Missionarios.jpeg\" alt=\"\" width=\"768\" height=\"431\" srcset=\"https:\/\/www.cnbb.org.br\/wp-content\/uploads\/2022\/07\/Jovens-Missionarios.jpeg 768w, https:\/\/www.cnbb.org.br\/wp-content\/uploads\/2022\/07\/Jovens-Missionarios-300x168.jpeg 300w, https:\/\/www.cnbb.org.br\/wp-content\/uploads\/2022\/07\/Jovens-Missionarios-500x281.jpeg 500w\" sizes=\"(max-width: 768px) 100vw, 768px\" \/><figcaption id=\"caption-attachment-917132\" class=\"wp-caption-text\">Em reuni\u00e3o virtual, jovens mission\u00e1rios se preparam: &#8220;cora\u00e7\u00e3o aquecido&#8221;. | Foto: Jovens Conectados.<\/figcaption><\/figure>\n<h3>O local da miss\u00e3o e as expectativas dos anfitri\u00f5es<\/h3>\n<figure id=\"attachment_917106\" aria-describedby=\"caption-attachment-917106\" style=\"width: 300px\" class=\"wp-caption alignleft\"><img decoding=\"async\" loading=\"lazy\" class=\"wp-image-917106 size-medium\" src=\"https:\/\/www.cnbb.org.br\/wp-content\/uploads\/2022\/07\/Tucuma-300x200.jpg\" alt=\"\" width=\"300\" height=\"200\" srcset=\"https:\/\/www.cnbb.org.br\/wp-content\/uploads\/2022\/07\/Tucuma-300x200.jpg 300w, https:\/\/www.cnbb.org.br\/wp-content\/uploads\/2022\/07\/Tucuma-768x512.jpg 768w, https:\/\/www.cnbb.org.br\/wp-content\/uploads\/2022\/07\/Tucuma-391x260.jpg 391w, https:\/\/www.cnbb.org.br\/wp-content\/uploads\/2022\/07\/Tucuma-500x333.jpg 500w, https:\/\/www.cnbb.org.br\/wp-content\/uploads\/2022\/07\/Tucuma.jpg 800w\" sizes=\"(max-width: 300px) 100vw, 300px\" \/><figcaption id=\"caption-attachment-917106\" class=\"wp-caption-text\">Tucum\u00e3 (PA), sede da prelazia que recebe a Miss\u00e3o Jovem na Amaz\u00f4nia 2022.<\/figcaption><\/figure>\n<p style=\"text-align: justify;\">Criada em novembro de 2019 pelo Papa Francisco, a prelazia do Alto Xingu-Tucum\u00e3, regi\u00e3o anteriormente pertencente \u00e0 diocese de Xingu-Altamira, tem como bispo prelado o mission\u00e1rio espanhol dom Jes\u00fas Mar\u00eda L\u00f3pez Maule\u00f3n, OAR.<\/p>\n<p style=\"text-align: justify;\">\u00c9 formada pelos munic\u00edpios de Tucum\u00e3, S\u00e3o F\u00e9lix do Xingu, Ouril\u00e2ndia do Norte, Bannach, Cumaru do Norte e \u00c1gua Azul do Norte, tendo quatro par\u00f3quias e quatro \u00e1reas pastorais. A regi\u00e3o, inserida na Amaz\u00f4nia Legal, \u00e9 povoada por povos ind\u00edgenas e migrantes de outras regi\u00f5es do Brasil que chegaram, e ainda chegam, esperan\u00e7osos, buscando trabalho e melhor qualidade de vida.<\/p>\n<h3>Entusiasmo com a possibilidade de conhecer outros jovens<\/h3>\n<p style=\"text-align: justify;\">O mesmo entusiasmo dos mission\u00e1rios que partem em dire\u00e7\u00e3o \u00e0 Tucum\u00e3 impulsiona os moradores da prelazia, em especial os jovens, que se preparam para acolher e participar da miss\u00e3o. Entusiasmo que aparece no relato da jovem Fernanda Rodrigues, 26 anos, da cidade de Tucum\u00e3. &#8220;Saber que a miss\u00e3o seria realizada em nossa prelazia foi um misto de medo e alegria. Estou entusiasmada com a possibilidade de conhecer tantos jovens, que como n\u00f3s, buscam o mesmo caminho: Cristo. Ao mesmo tempo, espero que a experi\u00eancia e a presen\u00e7a dos jovens de todo o pa\u00eds entre n\u00f3s possa entusiasmar ainda mais os jovens da prelazia e que possamos aprender e ensinar uns aos outros\u201d, testemunha a jovem .<\/p>\n<p style=\"text-align: justify;\">O padre Blasio Henz, que atua na \u00e1rea mission\u00e1ria S\u00e3o Jo\u00e3o Batista do Sudoeste da prelazia pelo projeto Igrejas Irm\u00e3s da CNBB e contribui na organiza\u00e7\u00e3o local da miss\u00e3o, acredita que a miss\u00e3o, que acontece em dez dias,\u00a0 proporciona uma viv\u00eancia muito rica desde sua prepara\u00e7\u00e3o, que envolveu os jovens da prelazia, e no que ela deixar\u00e1 como legado depois que os jovens voltarem para suas casas.<\/p>\n<blockquote>\n<p style=\"text-align: justify;\">\u201cCreio que os jovens da prelazia ter\u00e3o uma experi\u00eancia muito rica n\u00e3o s\u00f3 pela semana, com os momentos celebrativos e de entusiasmo, mas com a viv\u00eancia que j\u00e1 vem acontecendo durante todo este ano com as forma\u00e7\u00f5es que tivemos e os momentos em n\u00edveis paroquiais, nos quais olhamos para a realidade e tamb\u00e9m para a missiologia e cristologia, lembrando Cristo como centro e chamado de muitos profetas&#8221;, refor\u00e7a.<\/p>\n<\/blockquote>\n<p style=\"text-align: justify;\">De acordo com ele, a viv\u00eancia vai se intensificar ainda mais porque os jovens est\u00e3o engajados na organiza\u00e7\u00e3o da miss\u00e3o e esse movimento motiva para que a miss\u00e3o n\u00e3o seja apenas de alguns dias, mas aconte\u00e7a dentro de um contexto maior de acolhida, o que define como um processo muito rico.<\/p>\n<p style=\"text-align: justify;\">&#8220;A miss\u00e3o j\u00e1 est\u00e1 deixando um legado, que \u00e9 um desejo de dar continuidade na caminhada. Percebo este entusiasmo nas lideran\u00e7as, no bispo e em n\u00f3s padres, porque percebemos o que a miss\u00e3o proporcionar\u00e1 para a continuidade do trabalho de miss\u00e3o, lembrando sempre as dist\u00e2ncias, as dificuldades e realidades diferentes que temos. Para mim \u00e9 uma alegria poder estar acompanhando e motivando esses jovens\u201d, conta o padre.<\/p>\n<p style=\"text-align: justify;\">O desejo do padre vem ao encontro do pr\u00f3prio desejo do Papa Francisco que diz na exorta\u00e7\u00e3o p\u00f3s-sinodal &#8220;Querida Amaz\u00f4nia&#8221; que \u201c0 caminho continua e o trabalho mission\u00e1rio, se quiser desenvolver uma Igreja com rosto amaz\u00f4nico, precisa de crescer numa cultura do encontro. (&#8230;) Mas, para tornar poss\u00edvel esta encarna\u00e7\u00e3o da Igreja e do Evangelho, deve ressoar incessantemente o grande an\u00fancio mission\u00e1rio\u201d. Os jovens est\u00e3o dispostos a este apelo e j\u00e1 com os t\u00eanis cal\u00e7ados para a miss\u00e3o.<\/p>\n<pre>Com informa\u00e7\u00f5es e fotos: <a href=\"https:\/\/jovensconectados.org.br\/missao-jovem-2022-a-alegria-do-ser-igreja-e-o-entusiasmo-da-boa-nova-levam-jovens-de-todo-o-pais-para-tucuma-pa.html\" target=\"_blank\" rel=\"noopener\">Jovens Conectados<\/a><\/pre>\n<p>&nbsp;<\/p>\n","protected":false},"excerpt":{"rendered":"<p>Dezenas de jovens de todo o pa\u00eds participar\u00e3o de 15 a 25 de julho da Miss\u00e3o Jovem na Amaz\u00f4nia 2022, na prelazia do Alto Xingu-Tucum\u00e3, no Par\u00e1. O projeto \u00e9 promovido pela Comiss\u00e3o Episcopal Pastoral para a Juventude da CNBB com apoio da Rede Eclesial Pan-Amaz\u00f4nica (Repam). O entusiasmo \u00e9 grande tanto dos jovens mission\u00e1rios quanto dos anfitri\u00f5es <\/p>\n","protected":false},"author":142,"featured_media":917105,"comment_status":"open","ping_status":"open","sticky":false,"template":"","format":"standard","meta":{"site-sidebar-layout":"default","site-content-layout":"default","ast-global-header-display":"","ast-banner-title-visibility":"","ast-main-header-display":"","ast-hfb-above-header-display":"","ast-hfb-below-header-display":"","ast-hfb-mobile-header-display":"","site-post-title":"","ast-breadcrumbs-content":"","ast-featured-img":"","footer-sml-layout":"","theme-transparent-header-meta":"default","adv-header-id-meta":"","stick-header-meta":"","header-above-stick-meta":"","header-main-stick-meta":"","header-below-stick-meta":""},"categories":[854,1841,775],"tags":[4182],"acf":[],"_links":{"self":[{"href":"https:\/\/www.cnbb.org.br\/cnbb-app\/wp\/v2\/posts\/917103"}],"collection":[{"href":"https:\/\/www.cnbb.org.br\/cnbb-app\/wp\/v2\/posts"}],"about":[{"href":"https:\/\/www.cnbb.org.br\/cnbb-app\/wp\/v2\/types\/post"}],"author":[{"embeddable":true,"href":"https:\/\/www.cnbb.org.br\/cnbb-app\/wp\/v2\/users\/142"}],"replies":[{"embeddable":true,"href":"https:\/\/www.cnbb.org.br\/cnbb-app\/wp\/v2\/comments?post=917103"}],"version-history":[{"count":0,"href":"https:\/\/www.cnbb.org.br\/cnbb-app\/wp\/v2\/posts\/917103\/revisions"}],"wp:featuredmedia":[{"embeddable":true,"href":"https:\/\/www.cnbb.org.br\/cnbb-app\/wp\/v2\/media\/917105"}],"wp:attachment":[{"href":"https:\/\/www.cnbb.org.br\/cnbb-app\/wp\/v2\/media?parent=917103"}],"wp:term":[{"taxonomy":"category","embeddable":true,"href":"https:\/\/www.cnbb.org.br\/cnbb-app\/wp\/v2\/categories?post=917103"},{"taxonomy":"post_tag","embeddable":true,"href":"https:\/\/www.cnbb.org.br\/cnbb-app\/wp\/v2\/tags?post=917103"}],"curies":[{"name":"wp","href":"https:\/\/api.w.org\/{rel}","templated":true}]}}