{"id":917226,"date":"2022-07-12T16:40:14","date_gmt":"2022-07-12T19:40:14","guid":{"rendered":"https:\/\/www.cnbb.org.br\/?p=917226"},"modified":"2022-07-12T16:41:03","modified_gmt":"2022-07-12T19:41:03","slug":"sao-camilo-de-lellis-e-os-administradores-hospitalares","status":"publish","type":"post","link":"https:\/\/www.cnbb.org.br\/sao-camilo-de-lellis-e-os-administradores-hospitalares\/","title":{"rendered":"S\u00e3o Camilo de L\u00e9llis e os administradores hospitalares\u00a0"},"content":{"rendered":"<p style=\"text-align: right;\"><b><span data-contrast=\"auto\">Dom Eurico dos Santos Veloso<\/span><\/b><span data-ccp-props=\"{&quot;201341983&quot;:0,&quot;335551550&quot;:2,&quot;335551620&quot;:2,&quot;335559740&quot;:259}\"><br \/>\n<\/span><b><span data-contrast=\"auto\">Arcebispo Em\u00e9rito de Juiz de Fora (MG)<\/span><\/b><\/p>\n<p style=\"text-align: right;\"><span data-ccp-props=\"{&quot;201341983&quot;:0,&quot;335551550&quot;:2,&quot;335551620&quot;:2,&quot;335559740&quot;:259}\">\u00a0<\/span><\/p>\n<p style=\"text-align: justify;\"><span data-contrast=\"auto\">A sa\u00fade \u00e9 o alimento essencial para nossas vidas. Dif\u00edcil imaginar algum doente feliz. Talvez seja por isso que as passagens b\u00edblicas que narram o cuidado de Jesus Cristo com os pobres e enfermos est\u00e3o presentes nos escritos sagrados de maneira t\u00e3o contundente. Mais do que a cura, \u00e9 preciso estar ao lado dos doentes.<\/span><span data-ccp-props=\"{&quot;201341983&quot;:0,&quot;335551550&quot;:6,&quot;335551620&quot;:6,&quot;335559731&quot;:708,&quot;335559740&quot;:259}\">\u00a0<\/span><\/p>\n<p style=\"text-align: justify;\"><span data-contrast=\"auto\">Essa tamb\u00e9m \u00e9 a mensagem de S\u00e3o Camilo de L\u00e9llis, cujo exemplo comoveu as multid\u00f5es.\u00a0<\/span><span data-ccp-props=\"{&quot;201341983&quot;:0,&quot;335551550&quot;:6,&quot;335551620&quot;:6,&quot;335559731&quot;:708,&quot;335559740&quot;:259}\">\u00a0<\/span><\/p>\n<p style=\"text-align: justify;\"><span data-contrast=\"auto\">A doen\u00e7a nos leva \u00e0 dor, nos empurra para uma vida improdutiva, inc\u00f4moda, dependente e sobretudo infeliz. N\u00e3o por acaso, a \u00e1rea da sa\u00fade \u00e9 uma das que mais tem alcan\u00e7ado avan\u00e7os na hist\u00f3ria da humanidade. Precisamos todos de sa\u00fade para viver em Cristo, compartilhar e progredir.\u00a0<\/span><span data-ccp-props=\"{&quot;201341983&quot;:0,&quot;335551550&quot;:6,&quot;335551620&quot;:6,&quot;335559731&quot;:708,&quot;335559740&quot;:259}\">\u00a0<\/span><\/p>\n<p style=\"text-align: justify;\"><span data-contrast=\"auto\">Mas nem todos usufruem desses benef\u00edcios. Embora o Brasil tenha um sistema que garante o direito \u00e0 sa\u00fade aos seus cidad\u00e3os, sabemos que existe ainda um longo caminho para que o acesso digno ao servi\u00e7o seja a realidade para todos.<\/span><span data-ccp-props=\"{&quot;201341983&quot;:0,&quot;335551550&quot;:6,&quot;335551620&quot;:6,&quot;335559731&quot;:708,&quot;335559740&quot;:259}\">\u00a0<\/span><\/p>\n<p style=\"text-align: justify;\"><span data-contrast=\"auto\">Neste caminho, \u00e9 importante reconhecer os esfor\u00e7os dos administradores hospitalares, que t\u00eam seu dia comemorado neste 14 de julho. Foram esses profissionais que desempenharam uma contribui\u00e7\u00e3o pioneira para o servi\u00e7o de sa\u00fade que conhecemos hoje.\u00a0<\/span><span data-ccp-props=\"{&quot;201341983&quot;:0,&quot;335551550&quot;:6,&quot;335551620&quot;:6,&quot;335559731&quot;:708,&quot;335559740&quot;:259}\">\u00a0<\/span><\/p>\n<p style=\"text-align: justify;\"><span data-contrast=\"auto\">Lembro-me da hist\u00f3ria da Pr\u00f3-Sa\u00fade, que nasceu justamente para realizar gest\u00e3o hospitalar no pa\u00eds, pois, acreditava-se que os cuidados com os doentes tamb\u00e9m passavam pela profissionaliza\u00e7\u00e3o dos servi\u00e7os. Ou seja, a Pr\u00f3-Sa\u00fade\u202f\u00e9 herdeira do carisma evang\u00e9lico camiliano.<\/span><span data-ccp-props=\"{&quot;201341983&quot;:0,&quot;335551550&quot;:6,&quot;335551620&quot;:6,&quot;335559731&quot;:708,&quot;335559740&quot;:259}\">\u00a0<\/span><\/p>\n<p style=\"text-align: justify;\"><span data-contrast=\"auto\">Hoje, essa entidade que completou 55 anos em junho, da qual tenho tanto orgulho, possui o maior grupo de administradores hospitalares do Brasil, a servi\u00e7o dos doentes. S\u00e3o eles que se dedicam a promover as condi\u00e7\u00f5es adequadas para todo o funcionamento do hospital e para o trabalho dos profissionais \u2013 m\u00e9dicos, equipe multiprofissional da assist\u00eancia, manuten\u00e7\u00e3o, higieniza\u00e7\u00e3o, tecnologia, administrativo e de tantas outras \u00e1reas presentes em um ambiente hospitalar.<\/span><span data-ccp-props=\"{&quot;201341983&quot;:0,&quot;335551550&quot;:6,&quot;335551620&quot;:6,&quot;335559731&quot;:708,&quot;335559740&quot;:259}\">\u00a0<\/span><\/p>\n<p style=\"text-align: justify;\"><span data-contrast=\"auto\">\u00c9, para n\u00f3s, um contive a associarmos como fonte inspiradora dessa hist\u00f3ria, a vida e obra de S\u00e3o Camilo de L\u00e9llis, que nasceu em Buqui\u00e2nico, It\u00e1lia, em 25 de maio de 1550. Ao se arrepender de todos os seus pecados, quando tinha perdido tudo o que conquistara, ele voltou-se \u00e0 caridade. Passou a servir os doentes e os mais pobres nos hospitais. A dedica\u00e7\u00e3o persistente de Camilo de L\u00e9llis atraiu volunt\u00e1rios de boa-f\u00e9 e resultou, com autoriza\u00e7\u00e3o da Santa S\u00e9, na cria\u00e7\u00e3o da Ordem dos Ministros Enfermos, conhecidos posteriormente como camilianos. Foi assim que passou a ser reconhecido como patrono dos pobres e enfermos e dos hospitais. Ap\u00f3s uma vida de doa\u00e7\u00e3o ao servi\u00e7o dos doentes, Camilo morre em 14 de julho de 1614. \u00c9 canonizado em 1746 e, posteriormente, declarado padroeiro dos doentes, hospitais e profissionais da sa\u00fade.<\/span><span data-ccp-props=\"{&quot;201341983&quot;:0,&quot;335551550&quot;:6,&quot;335551620&quot;:6,&quot;335559731&quot;:708,&quot;335559740&quot;:259}\">\u00a0<\/span><\/p>\n<p style=\"text-align: justify;\"><span data-contrast=\"auto\">Hoje celebrar S\u00e3o Camilo de Lellis \u00e9, antes de tudo, render gra\u00e7as e louvores ao Deus da vida pelo seu testemunho de irm\u00e3o dos pobres e enfermos \u2014 o irm\u00e3o da caridade que sabia ver Cristo no rosto dos doentes.\u202f<\/span><span data-ccp-props=\"{&quot;201341983&quot;:0,&quot;335551550&quot;:6,&quot;335551620&quot;:6,&quot;335559731&quot;:708,&quot;335559740&quot;:259}\">\u00a0<\/span><\/p>\n<p style=\"text-align: justify;\"><span data-contrast=\"auto\">Louvemos S\u00e3o Camilo de L\u00e9llis. Saudemos a import\u00e2ncia dos Administradores Hospitalares e o trabalho que realizam nos hospitais gerenciados pela Pr\u00f3-Sa\u00fade e por todo o Brasil! Que o Santo siga sendo uma fonte inspiradora e um manto protetor no legado dos Administradores Hospitalares, em benef\u00edcio do acolhimento e reabilita\u00e7\u00e3o dos doentes, especialmente dos mais necessitados.<\/span><span data-ccp-props=\"{&quot;201341983&quot;:0,&quot;335551550&quot;:6,&quot;335551620&quot;:6,&quot;335559731&quot;:708,&quot;335559740&quot;:259}\">\u00a0<\/span><\/p>\n<p style=\"text-align: justify;\"><span data-contrast=\"auto\">Sauda\u00e7\u00f5es em Cristo!<\/span><span data-ccp-props=\"{&quot;201341983&quot;:0,&quot;335551550&quot;:6,&quot;335551620&quot;:6,&quot;335559731&quot;:708,&quot;335559740&quot;:259}\">\u00a0<\/span><\/p>\n<p style=\"text-align: justify;\"><span data-ccp-props=\"{&quot;201341983&quot;:0,&quot;335559740&quot;:259}\">\u00a0<\/span><\/p>\n<p style=\"text-align: justify;\">\n<p style=\"text-align: justify;\"><span data-ccp-props=\"{&quot;201341983&quot;:0,&quot;335551550&quot;:2,&quot;335551620&quot;:2,&quot;335559740&quot;:259}\">\u00a0<\/span><\/p>\n<p style=\"text-align: justify;\"><span data-ccp-props=\"{&quot;201341983&quot;:0,&quot;335559740&quot;:259}\">\u00a0<\/span><\/p>\n","protected":false},"excerpt":{"rendered":"<p>Dom Eurico dos Santos Veloso Arcebispo Em\u00e9rito de Juiz de Fora (MG) \u00a0 A sa\u00fade \u00e9 o alimento essencial para nossas vidas. Dif\u00edcil imaginar algum doente feliz. Talvez seja por isso que as passagens b\u00edblicas que narram o cuidado de Jesus Cristo com os pobres e enfermos est\u00e3o presentes nos escritos sagrados de maneira t\u00e3o &hellip;<\/p>\n<p class=\"read-more\"> <a class=\"\" href=\"https:\/\/www.cnbb.org.br\/sao-camilo-de-lellis-e-os-administradores-hospitalares\/\"> <span class=\"screen-reader-text\">S\u00e3o Camilo de L\u00e9llis e os administradores hospitalares\u00a0<\/span> Leia mais &raquo;<\/a><\/p>\n","protected":false},"author":73,"featured_media":0,"comment_status":"open","ping_status":"open","sticky":false,"template":"","format":"standard","meta":{"site-sidebar-layout":"default","site-content-layout":"default","ast-global-header-display":"","ast-banner-title-visibility":"","ast-main-header-display":"","ast-hfb-above-header-display":"","ast-hfb-below-header-display":"","ast-hfb-mobile-header-display":"","site-post-title":"","ast-breadcrumbs-content":"","ast-featured-img":"","footer-sml-layout":"","theme-transparent-header-meta":"default","adv-header-id-meta":"","stick-header-meta":"","header-above-stick-meta":"","header-main-stick-meta":"","header-below-stick-meta":""},"categories":[758],"tags":[],"acf":[],"_links":{"self":[{"href":"https:\/\/www.cnbb.org.br\/cnbb-app\/wp\/v2\/posts\/917226"}],"collection":[{"href":"https:\/\/www.cnbb.org.br\/cnbb-app\/wp\/v2\/posts"}],"about":[{"href":"https:\/\/www.cnbb.org.br\/cnbb-app\/wp\/v2\/types\/post"}],"author":[{"embeddable":true,"href":"https:\/\/www.cnbb.org.br\/cnbb-app\/wp\/v2\/users\/73"}],"replies":[{"embeddable":true,"href":"https:\/\/www.cnbb.org.br\/cnbb-app\/wp\/v2\/comments?post=917226"}],"version-history":[{"count":0,"href":"https:\/\/www.cnbb.org.br\/cnbb-app\/wp\/v2\/posts\/917226\/revisions"}],"wp:attachment":[{"href":"https:\/\/www.cnbb.org.br\/cnbb-app\/wp\/v2\/media?parent=917226"}],"wp:term":[{"taxonomy":"category","embeddable":true,"href":"https:\/\/www.cnbb.org.br\/cnbb-app\/wp\/v2\/categories?post=917226"},{"taxonomy":"post_tag","embeddable":true,"href":"https:\/\/www.cnbb.org.br\/cnbb-app\/wp\/v2\/tags?post=917226"}],"curies":[{"name":"wp","href":"https:\/\/api.w.org\/{rel}","templated":true}]}}