{"id":917500,"date":"2022-07-18T08:00:44","date_gmt":"2022-07-18T11:00:44","guid":{"rendered":"https:\/\/www.cnbb.org.br\/?p=917500"},"modified":"2022-07-18T10:21:07","modified_gmt":"2022-07-18T13:21:07","slug":"dom-ionilton-impulsiona-dioceses-de-todo-o-pais-a-rejeitarem-projetos-predatorios-e-mineracao","status":"publish","type":"post","link":"https:\/\/www.cnbb.org.br\/dom-ionilton-impulsiona-dioceses-de-todo-o-pais-a-rejeitarem-projetos-predatorios-e-mineracao\/","title":{"rendered":"Dom Ionilton impulsiona dioceses de todo o pa\u00eds a rejeitarem projetos predat\u00f3rios e de minera\u00e7\u00e3o"},"content":{"rendered":"<p style=\"text-align: justify;\">A Prelazia de Itacoatiara (AM), no cora\u00e7\u00e3o da Amaz\u00f4nia brasileira, impulsiona todas as dioceses brasileiras a uma transforma\u00e7\u00e3o coerente, concreta e prof\u00e9tica: o rejeite de projetos predat\u00f3rios e minera\u00e7\u00e3o, que devastam a vida em todas as suas formas. Convocada pelo bispo da Prelazia, dom Jos\u00e9 Ionilton, a iniciativa inclui n\u00e3o receber fundos ou qualquer tipo de ajuda financeira que venha das &#8220;economias de saque&#8221;.<\/p>\n<p style=\"text-align: justify;\">O ato tem como base o decreto publicado no dia 5 de maio, pela prelazia de Itacoatiara, que disp\u00f5e sobre o n\u00e3o recebimento de recursos vindos de organiza\u00e7\u00f5es, pol\u00edticos ou empresas que contribuem para a destrui\u00e7\u00e3o dos modos de vida dos povos do campo, das \u00e1guas e das florestas.<\/p>\n<p style=\"text-align: justify;\">Apoiam\u00a0a iniciativa a Comiss\u00e3o de Ecologia Integral e Minera\u00e7\u00e3o e a Comiss\u00e3o Episcopal da Amaz\u00f4nia, ambas da Confer\u00eancia Nacional dos Bispos do Brasil (CNBB), a Rede Eclesial Pan-Amaz\u00f4nica (Repam), a Rede Igrejas e Minera\u00e7\u00e3o, a Comiss\u00e3o Pastoral da Terra (CPT) e o Conselho Indigenista Mission\u00e1rio (Cimi), entre muitas outras, que convocam dioceses, par\u00f3quias e pessoas a estas decis\u00f5es.<\/p>\n<blockquote>\n<p style=\"text-align: justify;\">&#8220;Estas s\u00e3o atitudes concretas com as quais sinalizaremos \u00e0 sociedade que estamos em sintonia com o que a Igreja e o Papa Francisco nos pedem&#8221;, conclui dom Jos\u00e9 Ionilton Lisboa de Oliveira, bispo da Prelazia de Itacoatiara (AM) e promotor da iniciativa.<\/p>\n<\/blockquote>\n<p style=\"text-align: justify;\">Com o apoio da Verbo Filmes, o bispo gravou um v\u00eddeo falando sobre a iniciativa e convidando outras dioceses a aderirem:<\/p>\n<div class=\"ast-oembed-container\" style=\"height: 100%;\"><iframe loading=\"lazy\" title=\"DECRETO - PRELAZIA DE ITACOATIARA\" width=\"500\" height=\"281\" src=\"https:\/\/www.youtube.com\/embed\/z4o74MkeDqw?feature=oembed\" frameborder=\"0\" allow=\"accelerometer; autoplay; clipboard-write; encrypted-media; gyroscope; picture-in-picture\" allowfullscreen><\/iframe><\/div>\n<p>&nbsp;<\/p>\n<h3><strong>Decreto em favor da vida e do meio ambiente<\/strong><\/h3>\n<p style=\"text-align: justify;\">A Prelazia de Itacoatiara, localizada no Estado do Amazonas, publicou decreto no dia 05 de maio, que disp\u00f5e sobre o n\u00e3o recebimento de recursos vindos de organiza\u00e7\u00f5es, pol\u00edticos ou empresas que contribuem para a destrui\u00e7\u00e3o dos modos de vida dos povos do campo, das \u00e1guas e das florestas.<\/p>\n<p style=\"text-align: justify;\">O documento afirma que por tempo indeterminado,\u00a0<em>\u201cque nas Par\u00f3quias, Comunidades, Pastorais, Organismos, Grupos e Movimentos da Prelazia de Itacoatiara, n\u00e3o receberemos recursos financeiros, em moeda ou outros bens, de pol\u00edticos, de madeireiras, de empresas de minera\u00e7\u00e3o, de explora\u00e7\u00e3o de petr\u00f3leo e g\u00e1s, que contribuem para o desmatamento e a expuls\u00e3o de suas terras dos ind\u00edgenas, quilombolas, ribeirinhos e pequenos agricultores\u201d<\/em>.<\/p>\n<p>Confira o decreto na \u00edntegra:<\/p>\n<p>&nbsp;<\/p>\n<p style=\"text-align: center;\"><strong>PRELAZIA DE ITACOATIARA-AMAZONAS<\/strong><\/p>\n<p style=\"text-align: right;\"><em>Decreto n\u00b0 006\/2022<\/em><\/p>\n<blockquote><p>Disp\u00f5e sobre recebimento de recursos de terceiros.<\/p>\n<p>Considerando a afirma\u00e7\u00e3o do Papa Francisco na Querida Amaz\u00f4nia n\u00b0 25, de que \u201cn\u00e3o podemos excluir que membros da Igreja tenham feito parte das redes de corrup\u00e7\u00e3o, por vezes chegando ao ponto de aceitar manter sil\u00eancio em troca de ajudas econ\u00f4micas para as obras eclesiais\u201d:<\/p>\n<p>Considerando a recomenda\u00e7\u00e3o que o Papa Francisco faz na Querida Amaz\u00f4nia n\u00b0 25, de\u00a0que devemos \u201cprestar uma aten\u00e7\u00e3o especial \u00e0 proced\u00eancia de doa\u00e7\u00f5es ou outro tipo de benef\u00edcios\u201d;<\/p>\n<p>Considerando o que nos exorta o Papa Francisco na Querida Amaz\u00f4nia n\u00b0 14, de que \u201c\u00e0s opera\u00e7\u00f5es econ\u00f4micas, nacionais ou internacionais que danificam a Amaz\u00f4nia e n\u00e3o respeitam o direito dos povos nativos do territ\u00f3rio e sua demarca\u00e7\u00e3o, autodetermina\u00e7\u00e3o e ao consentimento pr\u00e9vio, h\u00e1 de se chamar com o nome devido: injusti\u00e7a e crime.<\/p>\n<p>Considerando a den\u00fancia prof\u00e9tica do Papa Francisco na Querida Amaz\u00f4nia n\u00b0 14, de que \u201cas autoridades deixam caminho livre a madeireiros, a projetos miner\u00e1rios ou petrol\u00edferos e outras atividades que devastam as florestas e contaminam o ambiente;<\/p>\n<p>Considerando o que nos diz a Palavra de Deus por meio da carta de Paulo aos Romanos 13, 13: \u201cAndemos honestamente como em pleno dia\u201d e o que nos ensina o Profeta Isa\u00edas 33, 15 de que precisamos caminhar na justi\u00e7a, falar a verdade, recusar a lucrar com o roubo, n\u00e3o aceitar suborno:<\/p>\n<p>DECRETAMOS, por tempo indeterminado, que nas Par\u00f3quias, Comunidades, Pastorais, Organismos, Grupos e Movimentos da Prelazia de Itacoatiara, n\u00e3o receberemos recursos financeiros, em moeda ou outros bens, de pol\u00edticos, de madeireiras, de empresas de minera\u00e7\u00e3o, de explora\u00e7\u00e3o de petr\u00f3leo e g\u00e1s, que contribuem para o desmatamento e a expuls\u00e3o de suas terras dos ind\u00edgenas, quilombolas, ribeirinhos e pequenos agricultores.<\/p>\n<p>Determinamos que os Padres P\u00e1rocos, Vig\u00e1rios e Administrador de nossas treze (13) Par\u00f3quias entreguem uma c\u00f3pia deste Decreto aos Coordenadores e Coordenadoras de Comunidades, Pastorais, Organismos, Grupos e Movimentos e postem nas redes sociais da par\u00f3quia.<\/p>\n<p>&nbsp;<\/p>\n<p style=\"text-align: right;\">Itacoatiara, 05 de maio de 2022<\/p>\n<p style=\"text-align: right;\">Dom Jos\u00e9 Ionilton Lisboa de Oliveira, SDV \u2013 Bispo<\/p>\n<p>&nbsp;<\/p><\/blockquote>\n","protected":false},"excerpt":{"rendered":"<p>O ato se baseia no decreto de 5 de maio, da prelazia de Itacoatiara, que disp\u00f5e sobre o n\u00e3o recebimento de recursos vindos de organiza\u00e7\u00f5es, pol\u00edticos ou empresas que contribuem para a destrui\u00e7\u00e3o dos modos de vida dos povos do campo, das \u00e1guas e das florestas. A iniciativa conta com o apoio de duas comiss\u00f5es da CNBB: Amaz\u00f4nia e Ecologia Integral e Minera\u00e7\u00e3o<\/p>\n","protected":false},"author":141,"featured_media":917526,"comment_status":"open","ping_status":"open","sticky":false,"template":"","format":"standard","meta":{"site-sidebar-layout":"default","site-content-layout":"default","ast-global-header-display":"","ast-banner-title-visibility":"","ast-main-header-display":"","ast-hfb-above-header-display":"","ast-hfb-below-header-display":"","ast-hfb-mobile-header-display":"","site-post-title":"","ast-breadcrumbs-content":"","ast-featured-img":"","footer-sml-layout":"","theme-transparent-header-meta":"default","adv-header-id-meta":"","stick-header-meta":"","header-above-stick-meta":"","header-main-stick-meta":"","header-below-stick-meta":""},"categories":[50,1851],"tags":[4602,4601],"acf":[],"_links":{"self":[{"href":"https:\/\/www.cnbb.org.br\/cnbb-app\/wp\/v2\/posts\/917500"}],"collection":[{"href":"https:\/\/www.cnbb.org.br\/cnbb-app\/wp\/v2\/posts"}],"about":[{"href":"https:\/\/www.cnbb.org.br\/cnbb-app\/wp\/v2\/types\/post"}],"author":[{"embeddable":true,"href":"https:\/\/www.cnbb.org.br\/cnbb-app\/wp\/v2\/users\/141"}],"replies":[{"embeddable":true,"href":"https:\/\/www.cnbb.org.br\/cnbb-app\/wp\/v2\/comments?post=917500"}],"version-history":[{"count":0,"href":"https:\/\/www.cnbb.org.br\/cnbb-app\/wp\/v2\/posts\/917500\/revisions"}],"wp:featuredmedia":[{"embeddable":true,"href":"https:\/\/www.cnbb.org.br\/cnbb-app\/wp\/v2\/media\/917526"}],"wp:attachment":[{"href":"https:\/\/www.cnbb.org.br\/cnbb-app\/wp\/v2\/media?parent=917500"}],"wp:term":[{"taxonomy":"category","embeddable":true,"href":"https:\/\/www.cnbb.org.br\/cnbb-app\/wp\/v2\/categories?post=917500"},{"taxonomy":"post_tag","embeddable":true,"href":"https:\/\/www.cnbb.org.br\/cnbb-app\/wp\/v2\/tags?post=917500"}],"curies":[{"name":"wp","href":"https:\/\/api.w.org\/{rel}","templated":true}]}}