{"id":918854,"date":"2022-07-21T11:22:16","date_gmt":"2022-07-21T14:22:16","guid":{"rendered":"https:\/\/www.cnbb.org.br\/?p=918854"},"modified":"2022-07-21T11:22:35","modified_gmt":"2022-07-21T14:22:35","slug":"gratidao-presenca-e-esperanca","status":"publish","type":"post","link":"https:\/\/www.cnbb.org.br\/gratidao-presenca-e-esperanca\/","title":{"rendered":"Gratid\u00e3o, presen\u00e7a e esperan\u00e7a\u00a0"},"content":{"rendered":"<p style=\"text-align: right;\"><strong>Dom Jos\u00e9 Gislon<br \/>\nBispo de Caxias do Sul (RS)<\/strong><\/p>\n<p>&nbsp;<\/p>\n<p style=\"text-align: justify;\"><span data-contrast=\"none\">Estimados irm\u00e3os e irm\u00e3s em Cristo Jesus! A Igreja, comunidade de f\u00e9, povo de Deus a caminho da casa do Pai, neste dia 24 de julho de 2022, no XVII domingo do Tempo Comum, nos convida a refletir sobre a realidade e a presen\u00e7a dos nossos av\u00f3s e dos idosos, na fam\u00edlia, na comunidade de f\u00e9 e na sociedade.<\/span><span data-ccp-props=\"{&quot;134233117&quot;:true,&quot;134233118&quot;:true,&quot;201341983&quot;:0,&quot;335551550&quot;:6,&quot;335551620&quot;:6,&quot;335559740&quot;:240}\">\u00a0<\/span><\/p>\n<p style=\"text-align: justify;\"><span data-contrast=\"none\">A mensagem do Santo Padre, o Papa Francisco, para o II\u00ba Dia Mundial dos Av\u00f3s e dos Idosos, parte do vers\u00edculo 15 do Salmo 92: \u201cd\u00e3o fruto mesmo na velhice\u201d (Sl 92,15), e \u00e9 marcada pela valoriza\u00e7\u00e3o da vida, daqueles que j\u00e1 percorreram um longo caminho e trazem no corpo os sinais do tempo, na mem\u00f3ria as lembran\u00e7as dos acontecimentos vividos e no cora\u00e7\u00e3o a ternura da sabedoria, para partilhar com as novas gera\u00e7\u00f5es. \u00c9 uma mensagem que vai na contracorrente do modo de pensar e agir do mundo, da cultura do descarte, em rela\u00e7\u00e3o \u00e0s pessoas que est\u00e3o na terceira idade. Ao mesmo tempo, \u00e9 um alerta para n\u00f3s que estamos nessa fase da vida a n\u00e3o nos acomodarmos, cedendo ao des\u00e2nimo de viver a terceira idade \u201ccom pouca esperan\u00e7a e sem nada mais esperar do futuro\u201d.<\/span><span data-ccp-props=\"{&quot;134233117&quot;:true,&quot;134233118&quot;:true,&quot;201341983&quot;:0,&quot;335551550&quot;:6,&quot;335551620&quot;:6,&quot;335559740&quot;:240}\">\u00a0<\/span><\/p>\n<p style=\"text-align: justify;\"><span data-contrast=\"none\">Na mesma mensagem o Santo Padre recorda que a velhice n\u00e3o pode ser marcada pelo \u201cmedo\u201d. \u201cA consci\u00eancia de que as for\u00e7as declinam, ou o aparecimento de uma doen\u00e7a, pode p\u00f4r em crise as nossas certezas\u201d. Mas a velhice n\u00e3o pode ser vista como um peso ou algo que n\u00e3o faz parte da normalidade da vida, e muito menos ser considerada como \u201cuma esp\u00e9cie de doen\u00e7a, com a qual \u00e9 melhor evitar qualquer tipo de contato\u201d. \u00c9 a \u00abcultura do descarte\u00bb que alimenta na sociedade aquela mentalidade de indiferen\u00e7a em rela\u00e7\u00e3o aos mais fr\u00e1geis e aos idosos.\u00a0<\/span><span data-ccp-props=\"{&quot;134233117&quot;:true,&quot;134233118&quot;:true,&quot;201341983&quot;:0,&quot;335551550&quot;:6,&quot;335551620&quot;:6,&quot;335559740&quot;:240}\">\u00a0<\/span><\/p>\n<p style=\"text-align: justify;\"><span data-contrast=\"none\">Queridos irm\u00e3os e irm\u00e3s! Como crist\u00e3os, somos chamados a dar testemunho de esperan\u00e7a, de amor pela vida, dom de Deus. E \u201ca presen\u00e7a do Senhor nas diversas esta\u00e7\u00f5es da exist\u00eancia, convida-nos a continuar a esperar: chegada \u00e0 velhice e os cabelos brancos, o Senhor continuar\u00e1 a dar-nos a vida e n\u00e3o deixar\u00e1 que sejamos oprimidos pelo mal. Confiando n\u2019Ele, encontraremos a for\u00e7a para multiplicar o louvor (cf.\u202f<\/span><i><span data-contrast=\"none\">Sl<\/span><\/i><span data-contrast=\"none\">\u202f71, 14-20) e descobriremos que envelhecer n\u00e3o \u00e9 apenas a deteriora\u00e7\u00e3o natural do corpo ou a passagem inevit\u00e1vel do tempo, mas tamb\u00e9m o dom duma vida longa!\u201d (Mensagem &#8211; Papa Francisco). Segundo as Sagradas Escrituras, \u201cuma vida longa \u00e9 uma b\u00ean\u00e7\u00e3o, e os idosos n\u00e3o s\u00e3o \u2018pessoas banidas\u2019 de quem se deve estar longe, mas sinais vivos da benevol\u00eancia de Deus que efunde a vida em abund\u00e2ncia. Bendita a casa que guarda um anci\u00e3o! Bendita a fam\u00edlia que honra os seus av\u00f3s!\u201d<\/span><span data-ccp-props=\"{&quot;134233117&quot;:true,&quot;134233118&quot;:true,&quot;201341983&quot;:0,&quot;335551550&quot;:6,&quot;335551620&quot;:6,&quot;335559740&quot;:240}\">\u00a0<\/span><\/p>\n<p><span data-ccp-props=\"{&quot;201341983&quot;:0,&quot;335551550&quot;:6,&quot;335551620&quot;:6,&quot;335559739&quot;:200,&quot;335559740&quot;:240}\">\u00a0<\/span><\/p>\n<p>&nbsp;<\/p>\n","protected":false},"excerpt":{"rendered":"<p>Dom Jos\u00e9 Gislon Bispo de Caxias do Sul (RS) &nbsp; Estimados irm\u00e3os e irm\u00e3s em Cristo Jesus! A Igreja, comunidade de f\u00e9, povo de Deus a caminho da casa do Pai, neste dia 24 de julho de 2022, no XVII domingo do Tempo Comum, nos convida a refletir sobre a realidade e a presen\u00e7a dos &hellip;<\/p>\n<p class=\"read-more\"> <a class=\"\" href=\"https:\/\/www.cnbb.org.br\/gratidao-presenca-e-esperanca\/\"> <span class=\"screen-reader-text\">Gratid\u00e3o, presen\u00e7a e esperan\u00e7a\u00a0<\/span> Leia mais &raquo;<\/a><\/p>\n","protected":false},"author":20,"featured_media":0,"comment_status":"open","ping_status":"open","sticky":false,"template":"","format":"standard","meta":{"site-sidebar-layout":"default","site-content-layout":"default","ast-global-header-display":"","ast-banner-title-visibility":"","ast-main-header-display":"","ast-hfb-above-header-display":"","ast-hfb-below-header-display":"","ast-hfb-mobile-header-display":"","site-post-title":"","ast-breadcrumbs-content":"","ast-featured-img":"","footer-sml-layout":"","theme-transparent-header-meta":"default","adv-header-id-meta":"","stick-header-meta":"","header-above-stick-meta":"","header-main-stick-meta":"","header-below-stick-meta":""},"categories":[758],"tags":[],"acf":[],"_links":{"self":[{"href":"https:\/\/www.cnbb.org.br\/cnbb-app\/wp\/v2\/posts\/918854"}],"collection":[{"href":"https:\/\/www.cnbb.org.br\/cnbb-app\/wp\/v2\/posts"}],"about":[{"href":"https:\/\/www.cnbb.org.br\/cnbb-app\/wp\/v2\/types\/post"}],"author":[{"embeddable":true,"href":"https:\/\/www.cnbb.org.br\/cnbb-app\/wp\/v2\/users\/20"}],"replies":[{"embeddable":true,"href":"https:\/\/www.cnbb.org.br\/cnbb-app\/wp\/v2\/comments?post=918854"}],"version-history":[{"count":0,"href":"https:\/\/www.cnbb.org.br\/cnbb-app\/wp\/v2\/posts\/918854\/revisions"}],"wp:attachment":[{"href":"https:\/\/www.cnbb.org.br\/cnbb-app\/wp\/v2\/media?parent=918854"}],"wp:term":[{"taxonomy":"category","embeddable":true,"href":"https:\/\/www.cnbb.org.br\/cnbb-app\/wp\/v2\/categories?post=918854"},{"taxonomy":"post_tag","embeddable":true,"href":"https:\/\/www.cnbb.org.br\/cnbb-app\/wp\/v2\/tags?post=918854"}],"curies":[{"name":"wp","href":"https:\/\/api.w.org\/{rel}","templated":true}]}}