{"id":918856,"date":"2022-07-21T11:23:55","date_gmt":"2022-07-21T14:23:55","guid":{"rendered":"https:\/\/www.cnbb.org.br\/?p=918856"},"modified":"2022-07-21T11:26:19","modified_gmt":"2022-07-21T14:26:19","slug":"a-oracao-crista-2","status":"publish","type":"post","link":"https:\/\/www.cnbb.org.br\/a-oracao-crista-2\/","title":{"rendered":"A ora\u00e7\u00e3o crist\u00e3\u00a0"},"content":{"rendered":"<p style=\"text-align: right;\"><strong>Dom Rodolfo Lu\u00eds Weber<\/strong><br \/>\n<strong>Arcebispo de Passo Fundo (RS)<\/strong><\/p>\n<p>&nbsp;<\/p>\n<p style=\"text-align: justify;\"><span data-contrast=\"auto\">O tema da ora\u00e7\u00e3o se assemelha a um universo sobre o qual existem numerosos argumentos e compreens\u00f5es. Portanto, a ora\u00e7\u00e3o pode ser abordada de tantas maneiras como se fosse uma constela\u00e7\u00e3o. A liturgia dominical nos conduz para a compreens\u00e3o crist\u00e3 de ora\u00e7\u00e3o. Jesus reza. \u00c9 o modelo perfeito de ora\u00e7\u00e3o porque na sua pessoa se d\u00e1 o di\u00e1logo do homem com Deus, na mais perfeita comunh\u00e3o. \u201cJesus estava rezando num certo lugar. Quando terminou, um de seus disc\u00edpulos pediu-lhe: \u201cSenhor, ensina-nos a rezar\u201d (Lucas 11,1-13) E Jesus disse: \u201cQuando rezardes, dizei: Pai (&#8230;)\u201d Deixou-nos a ora\u00e7\u00e3o conhecida como \u201cPai Nosso\u201d. Ela cont\u00e9m os elementos essenciais da ora\u00e7\u00e3o crist\u00e3. Uma ora\u00e7\u00e3o sublime e profunda, ao mesmo tempo f\u00e1cil e poss\u00edvel.\u00a0<\/span><span data-ccp-props=\"{&quot;201341983&quot;:0,&quot;335551550&quot;:6,&quot;335551620&quot;:6,&quot;335559731&quot;:708,&quot;335559739&quot;:120,&quot;335559740&quot;:259}\">\u00a0<\/span><\/p>\n<p style=\"text-align: justify;\"><span data-contrast=\"auto\">Diante da ora\u00e7\u00e3o se pode ter diversas atitudes contrapostas, entre outras: o menosprezo, o descuido e a estima ardorosa.<\/span><span data-ccp-props=\"{&quot;201341983&quot;:0,&quot;335551550&quot;:6,&quot;335551620&quot;:6,&quot;335559731&quot;:708,&quot;335559739&quot;:120,&quot;335559740&quot;:259}\">\u00a0<\/span><\/p>\n<p style=\"text-align: justify;\"><span data-contrast=\"auto\">Menosprezo: \u201cA ora\u00e7\u00e3o est\u00e1 superada\u201d. O desenvolvimento da sociedade e a descren\u00e7a despertam suspeitas sobre a ora\u00e7\u00e3o afirmando que carece de significado. Muitos afirmam que n\u00e3o tem necessidade de rezar, outros afirmam que \u00e9 uma atividade in\u00fatil, improdutiva e para desocupados, que n\u00e3o produz mudan\u00e7as no mundo e nas pessoas. Estas obje\u00e7\u00f5es podem manifestar uma compreens\u00e3o limitada da ora\u00e7\u00e3o, entendendo-a apenas como pedir coisas para Deus. Esta \u00e9 uma parte, mas n\u00e3o se pode esquecer que ora\u00e7\u00e3o \u00e9 louvor, bendi\u00e7\u00e3o, adora\u00e7\u00e3o, a\u00e7\u00e3o de gra\u00e7as, por exemplo a eucaristia que \u00e9 a ora\u00e7\u00e3o m\u00e1xima do culto cat\u00f3lico. Outros desprezam a ora\u00e7\u00e3o por crer que a t\u00e9cnica, a ci\u00eancia s\u00e3o suficientes para responder todos os anseios humanos. Contudo, mesmo com toda tecnologia, o ser humano continua limitado, indigente e mortal. A ci\u00eancia responde muitas perguntas, mas n\u00e3o responde todas as inquieta\u00e7\u00f5es humanas e existenciais.<\/span><span data-ccp-props=\"{&quot;201341983&quot;:0,&quot;335551550&quot;:6,&quot;335551620&quot;:6,&quot;335559731&quot;:708,&quot;335559739&quot;:120,&quot;335559740&quot;:259}\">\u00a0<\/span><\/p>\n<p style=\"text-align: justify;\"><span data-contrast=\"auto\">Uma segunda atitude \u00e9 o descuido e abandono: \u201cN\u00e3o tenho tempo, nem sei como rezar\u201d. N\u00e3o se rejeita a import\u00e2ncia e a necessidade da ora\u00e7\u00e3o, mas o trabalho, a fam\u00edlia e o ritmo fren\u00e9tico da vida s\u00e3o argumentos para n\u00e3o rezar. Afirma-se n\u00e3o ter tempo para participar da missa, de rezar com a fam\u00edlia, participar de algum grupo e nem fazer ora\u00e7\u00f5es pessoais. Como Jesus ensinou, a ora\u00e7\u00e3o n\u00e3o \u00e9 multiplica\u00e7\u00e3o de palavras e nem estabeleceu um tempo m\u00ednimo ou m\u00e1ximo. Sempre se pode achar um tempo, pois tempo \u00e9 quest\u00e3o de op\u00e7\u00e3o. Sempre argumentar que \u201cn\u00e3o tenho tempo\u201d pode soar como uma desculpa ou que a ora\u00e7\u00e3o tenha pouco valor.\u00a0<\/span><span data-ccp-props=\"{&quot;201341983&quot;:0,&quot;335551550&quot;:6,&quot;335551620&quot;:6,&quot;335559731&quot;:708,&quot;335559739&quot;:120,&quot;335559740&quot;:259}\">\u00a0<\/span><\/p>\n<p style=\"text-align: justify;\"><span data-contrast=\"auto\">Muitos t\u00eam grande estima e pr\u00e1tica habitual de ora\u00e7\u00e3o. S\u00e3o estas pessoas que devem ser consideradas, pois elas aprenderam a rezar, descobriram a alegria, o valor e a necessidade da ora\u00e7\u00e3o constante para alimentar a vida crist\u00e3. Fazem tudo para terem tempo de ora\u00e7\u00e3o, como tamb\u00e9m desejam sempre rezar mais e melhor. Seu exemplo ilumina quem tem d\u00favidas.<\/span><span data-ccp-props=\"{&quot;201341983&quot;:0,&quot;335551550&quot;:6,&quot;335551620&quot;:6,&quot;335559731&quot;:708,&quot;335559739&quot;:120,&quot;335559740&quot;:259}\">\u00a0<\/span><\/p>\n<p style=\"text-align: justify;\"><span data-contrast=\"auto\">Depois que Jesus ensinou o Pai Nosso, ainda ressalta outras caracter\u00edsticas da ora\u00e7\u00e3o crist\u00e3. A ora\u00e7\u00e3o deve ser persistente, pois Deus <\/span><span data-contrast=\"auto\">\u00e9 <\/span><span data-contrast=\"auto\">amigo. Pode ser importunado a qualquer hora. No exemplo dado, a persist\u00eancia e importuna\u00e7\u00e3o n\u00e3o s\u00e3o para satisfazer uma necessidade pessoal, mas para alimentar um visitante. \u00c9 a intercess\u00e3o que nasce da sensibilidade de ver a necessidade do outro e pedir por ele.<\/span><span data-ccp-props=\"{&quot;201341983&quot;:0,&quot;335551550&quot;:6,&quot;335551620&quot;:6,&quot;335559731&quot;:708,&quot;335559739&quot;:120,&quot;335559740&quot;:259}\">\u00a0<\/span><\/p>\n<p style=\"text-align: justify;\"><span data-contrast=\"auto\">Para aqueles que menosprezam a ora\u00e7\u00e3o, para os que \u201cn\u00e3o tem tempo\u201d e para aqueles que t\u00eam estima pela ora\u00e7\u00e3o, o pedido do disc\u00edpulo pode e deve sempre ser feito ao Senhor: \u201cEnsina-nos a rezar\u201d. Certamente, o Senhor ter\u00e1 paci\u00eancia suficiente de ajudar todas as vezes que o pedido for formulado.<\/span><span data-ccp-props=\"{&quot;201341983&quot;:0,&quot;335551550&quot;:6,&quot;335551620&quot;:6,&quot;335559731&quot;:708,&quot;335559739&quot;:120,&quot;335559740&quot;:259}\">\u00a0<\/span><\/p>\n","protected":false},"excerpt":{"rendered":"<p>Dom Rodolfo Lu\u00eds Weber Arcebispo de Passo Fundo (RS) &nbsp; O tema da ora\u00e7\u00e3o se assemelha a um universo sobre o qual existem numerosos argumentos e compreens\u00f5es. Portanto, a ora\u00e7\u00e3o pode ser abordada de tantas maneiras como se fosse uma constela\u00e7\u00e3o. A liturgia dominical nos conduz para a compreens\u00e3o crist\u00e3 de ora\u00e7\u00e3o. Jesus reza. \u00c9 &hellip;<\/p>\n<p class=\"read-more\"> <a class=\"\" href=\"https:\/\/www.cnbb.org.br\/a-oracao-crista-2\/\"> <span class=\"screen-reader-text\">A ora\u00e7\u00e3o crist\u00e3\u00a0<\/span> Leia mais &raquo;<\/a><\/p>\n","protected":false},"author":27,"featured_media":0,"comment_status":"open","ping_status":"open","sticky":false,"template":"","format":"standard","meta":{"site-sidebar-layout":"default","site-content-layout":"default","ast-global-header-display":"","ast-banner-title-visibility":"","ast-main-header-display":"","ast-hfb-above-header-display":"","ast-hfb-below-header-display":"","ast-hfb-mobile-header-display":"","site-post-title":"","ast-breadcrumbs-content":"","ast-featured-img":"","footer-sml-layout":"","theme-transparent-header-meta":"default","adv-header-id-meta":"","stick-header-meta":"","header-above-stick-meta":"","header-main-stick-meta":"","header-below-stick-meta":""},"categories":[758],"tags":[],"acf":[],"_links":{"self":[{"href":"https:\/\/www.cnbb.org.br\/cnbb-app\/wp\/v2\/posts\/918856"}],"collection":[{"href":"https:\/\/www.cnbb.org.br\/cnbb-app\/wp\/v2\/posts"}],"about":[{"href":"https:\/\/www.cnbb.org.br\/cnbb-app\/wp\/v2\/types\/post"}],"author":[{"embeddable":true,"href":"https:\/\/www.cnbb.org.br\/cnbb-app\/wp\/v2\/users\/27"}],"replies":[{"embeddable":true,"href":"https:\/\/www.cnbb.org.br\/cnbb-app\/wp\/v2\/comments?post=918856"}],"version-history":[{"count":0,"href":"https:\/\/www.cnbb.org.br\/cnbb-app\/wp\/v2\/posts\/918856\/revisions"}],"wp:attachment":[{"href":"https:\/\/www.cnbb.org.br\/cnbb-app\/wp\/v2\/media?parent=918856"}],"wp:term":[{"taxonomy":"category","embeddable":true,"href":"https:\/\/www.cnbb.org.br\/cnbb-app\/wp\/v2\/categories?post=918856"},{"taxonomy":"post_tag","embeddable":true,"href":"https:\/\/www.cnbb.org.br\/cnbb-app\/wp\/v2\/tags?post=918856"}],"curies":[{"name":"wp","href":"https:\/\/api.w.org\/{rel}","templated":true}]}}