{"id":919433,"date":"2022-07-29T11:00:54","date_gmt":"2022-07-29T14:00:54","guid":{"rendered":"https:\/\/www.cnbb.org.br\/?p=919433"},"modified":"2022-07-29T14:47:31","modified_gmt":"2022-07-29T17:47:31","slug":"escutar-para-discernir-o-chamado-de-deus","status":"publish","type":"post","link":"https:\/\/www.cnbb.org.br\/escutar-para-discernir-o-chamado-de-deus\/","title":{"rendered":"Escutar para discernir o chamado de Deus\u00a0"},"content":{"rendered":"<p style=\"text-align: right;\"><strong>Dom Jos\u00e9 Gislon<br \/>\nBispo de Caxias do Sul (RS)<\/strong><\/p>\n<p style=\"text-align: justify;\"><b><span data-contrast=\"auto\"><\/p>\n<p><\/span><\/b><\/p>\n<p style=\"text-align: justify;\"><span data-contrast=\"auto\">Queridos irm\u00e3os e irm\u00e3s em Cristo Jesus! Como Igreja comunidade de f\u00e9, queremos louvar e agradecer a Deus pelo dom da vida e pela voca\u00e7\u00e3o, que cada um abra\u00e7ou como escolha consciente, para viv\u00ea-la com dignidade, tendo presente o chamado de Deus e a resposta do cora\u00e7\u00e3o.\u00a0<\/span><span data-ccp-props=\"{&quot;201341983&quot;:0,&quot;335551550&quot;:6,&quot;335551620&quot;:6,&quot;335559739&quot;:200,&quot;335559740&quot;:240}\">\u00a0<\/span><\/p>\n<p style=\"text-align: justify;\"><span data-contrast=\"auto\">Como Povo de Deus a caminho da casa do Pai, queremos, neste momento da hist\u00f3ria, \u00e0 luz da Palavra da Deus, como Igreja, comunidade de f\u00e9, viver este M\u00eas Vocacional como um convite a olharmos a nossa disposi\u00e7\u00e3o interior para o servi\u00e7o do Senhor, atrav\u00e9s da nossa voca\u00e7\u00e3o, matrimonial, consagrada ou sacerdotal. Ao mesmo tempo, convido a nos colocarmos \u00e0 escuta de Deus, atrav\u00e9s da ora\u00e7\u00e3o e do sil\u00eancio, para refletirmos e discernirmos sobre a pouca receptividade dos jovens ao chamado de Deus, \u00e0 vida consagrada, sacerdotal e matrimonial.\u00a0<\/span><span data-ccp-props=\"{&quot;201341983&quot;:0,&quot;335551550&quot;:6,&quot;335551620&quot;:6,&quot;335559739&quot;:200,&quot;335559740&quot;:240}\">\u00a0<\/span><\/p>\n<p style=\"text-align: justify;\"><span data-contrast=\"auto\">A fam\u00edlia e a comunidade de f\u00e9 s\u00e3o espa\u00e7os privilegiados para o discernimento vocacional dos jovens, que deveriam encontrar apoio e incentivo, atrav\u00e9s da ora\u00e7\u00e3o e do respeito \u00e0 liberdade de escolha em rela\u00e7\u00e3o ao estado de vida. No modo de ver de Jesus, a f\u00e9 \u00e9 a fonte do discernimento vocacional. Se a voca\u00e7\u00e3o para a alegria do amor \u00e9 o apelo fundamental que Deus p\u00f5e no cora\u00e7\u00e3o de cada jovem, para que a sua exist\u00eancia possa dar fruto, a f\u00e9 \u00e9 dom do alto e resposta ao sentir-se escolhido e amado.<\/span><span data-ccp-props=\"{&quot;201341983&quot;:0,&quot;335551550&quot;:6,&quot;335551620&quot;:6,&quot;335559739&quot;:200,&quot;335559740&quot;:240}\">\u00a0<\/span><\/p>\n<p style=\"text-align: justify;\"><span data-contrast=\"auto\">A voca\u00e7\u00e3o ao amor assume para cada um uma forma concreta na vida cotidiana, por meio de uma s\u00e9rie de escolhas de estado de vida, das quais ningu\u00e9m pode eximir-se. O objetivo do discernimento vocacional \u00e9 descobrir como transform\u00e1-lo, \u00e0 luz da f\u00e9, em passos rumo \u00e0 plenitude da alegria a que todos s\u00e3o chamados. Abra\u00e7ar uma voca\u00e7\u00e3o aderindo a um estado de vida \u00e9 uma resposta do cora\u00e7\u00e3o no qual est\u00e1 presente o \u201csim\u201d do amor servi\u00e7o, da entrega, da realiza\u00e7\u00e3o humana e espiritual de cada pessoa.<\/span><span data-ccp-props=\"{&quot;201341983&quot;:0,&quot;335551550&quot;:6,&quot;335551620&quot;:6,&quot;335559739&quot;:200,&quot;335559740&quot;:240}\">\u00a0<\/span><\/p>\n<p style=\"text-align: justify;\"><span data-contrast=\"auto\">Numa cultura marcada pelo materialismo, o individualismo e a indiferen\u00e7a, que buscam subjugar os valores do Evangelho, \u00e9 fundamental, assumirmos a nossa responsabilidade de crist\u00e3os comprometidos com o Reino de Deus, apresentando aos jovens os valores da f\u00e9 e a import\u00e2ncia do discernimento vocacional, para fazer uma escolha de vida, em que possam melhor contribuir atrav\u00e9s da voca\u00e7\u00e3o, dom Deus, para estar a servi\u00e7o da humanidade.<\/span><span data-ccp-props=\"{&quot;201341983&quot;:0,&quot;335551550&quot;:6,&quot;335551620&quot;:6,&quot;335559739&quot;:200,&quot;335559740&quot;:240}\">\u00a0<\/span><\/p>\n<p style=\"text-align: justify;\"><span data-contrast=\"auto\">No \u201c<\/span><b><span data-contrast=\"auto\">sim\u201d <\/span><\/b><span data-contrast=\"auto\">da resposta vocacional a Deus n\u00e3o est\u00e1 presente a certeza, mas a confian\u00e7a no chamado do Pai;<\/span> <span data-contrast=\"auto\">no colocar-se a caminho para servir, como fez<\/span> <span data-contrast=\"auto\">Maria de Nazar\u00e9, a humilde serva do Senhor. Ela disse \u201c<\/span><b><span data-contrast=\"auto\">sim<\/span><\/b><span data-contrast=\"auto\">\u201d porque confiava naquele Deus que age na hist\u00f3ria da humanidade e na hist\u00f3ria pessoal e vocacional de cada um de n\u00f3s.\u00a0<\/span><span data-ccp-props=\"{&quot;201341983&quot;:0,&quot;335551550&quot;:6,&quot;335551620&quot;:6,&quot;335559739&quot;:200,&quot;335559740&quot;:240}\">\u00a0<\/span><\/p>\n<p style=\"text-align: justify;\"><span data-contrast=\"auto\">Que Nossa Senhora de Caravaggio, padroeira da nossa Diocese, interceda junto ao seu Filho Jesus, para que os jovens possam fazer um discernimento vocacional, tendo presente o chamado de Deus, a voca\u00e7\u00e3o, mas tamb\u00e9m as necessidades da Igreja, Povo de Deus em nossas comunidades.\u00a0\u00a0<\/span><span data-ccp-props=\"{&quot;201341983&quot;:0,&quot;335551550&quot;:6,&quot;335551620&quot;:6,&quot;335559739&quot;:200,&quot;335559740&quot;:240}\">\u00a0<\/span><\/p>\n<p style=\"text-align: justify;\">\n","protected":false},"excerpt":{"rendered":"<p>Dom Jos\u00e9 Gislon Bispo de Caxias do Sul (RS) Queridos irm\u00e3os e irm\u00e3s em Cristo Jesus! Como Igreja comunidade de f\u00e9, queremos louvar e agradecer a Deus pelo dom da vida e pela voca\u00e7\u00e3o, que cada um abra\u00e7ou como escolha consciente, para viv\u00ea-la com dignidade, tendo presente o chamado de Deus e a resposta do &hellip;<\/p>\n<p class=\"read-more\"> <a class=\"\" href=\"https:\/\/www.cnbb.org.br\/escutar-para-discernir-o-chamado-de-deus\/\"> <span class=\"screen-reader-text\">Escutar para discernir o chamado de Deus\u00a0<\/span> Leia mais &raquo;<\/a><\/p>\n","protected":false},"author":20,"featured_media":0,"comment_status":"open","ping_status":"open","sticky":false,"template":"","format":"standard","meta":{"site-sidebar-layout":"default","site-content-layout":"default","ast-global-header-display":"","ast-banner-title-visibility":"","ast-main-header-display":"","ast-hfb-above-header-display":"","ast-hfb-below-header-display":"","ast-hfb-mobile-header-display":"","site-post-title":"","ast-breadcrumbs-content":"","ast-featured-img":"","footer-sml-layout":"","theme-transparent-header-meta":"default","adv-header-id-meta":"","stick-header-meta":"","header-above-stick-meta":"","header-main-stick-meta":"","header-below-stick-meta":""},"categories":[758,1837],"tags":[],"acf":[],"_links":{"self":[{"href":"https:\/\/www.cnbb.org.br\/cnbb-app\/wp\/v2\/posts\/919433"}],"collection":[{"href":"https:\/\/www.cnbb.org.br\/cnbb-app\/wp\/v2\/posts"}],"about":[{"href":"https:\/\/www.cnbb.org.br\/cnbb-app\/wp\/v2\/types\/post"}],"author":[{"embeddable":true,"href":"https:\/\/www.cnbb.org.br\/cnbb-app\/wp\/v2\/users\/20"}],"replies":[{"embeddable":true,"href":"https:\/\/www.cnbb.org.br\/cnbb-app\/wp\/v2\/comments?post=919433"}],"version-history":[{"count":0,"href":"https:\/\/www.cnbb.org.br\/cnbb-app\/wp\/v2\/posts\/919433\/revisions"}],"wp:attachment":[{"href":"https:\/\/www.cnbb.org.br\/cnbb-app\/wp\/v2\/media?parent=919433"}],"wp:term":[{"taxonomy":"category","embeddable":true,"href":"https:\/\/www.cnbb.org.br\/cnbb-app\/wp\/v2\/categories?post=919433"},{"taxonomy":"post_tag","embeddable":true,"href":"https:\/\/www.cnbb.org.br\/cnbb-app\/wp\/v2\/tags?post=919433"}],"curies":[{"name":"wp","href":"https:\/\/api.w.org\/{rel}","templated":true}]}}