{"id":919711,"date":"2022-08-03T13:53:48","date_gmt":"2022-08-03T16:53:48","guid":{"rendered":"https:\/\/www.cnbb.org.br\/?p=919711"},"modified":"2022-08-03T13:58:50","modified_gmt":"2022-08-03T16:58:50","slug":"mes-vocacional-dom-salm","status":"publish","type":"post","link":"https:\/\/www.cnbb.org.br\/mes-vocacional-dom-salm\/","title":{"rendered":"\u201cDesejo que esse m\u00eas vocacional seja para todos n\u00f3s um tempo fecundo e de encontro com Jesus\u201d, exorta dom Salm"},"content":{"rendered":"<p style=\"text-align: justify;\">Por ocasi\u00e3o do M\u00eas Vocacional na Igreja no Brasil, que teve in\u00edcio agora em agosto, o presidente da Comiss\u00e3o para os Minist\u00e9rios Ordenados e a Vida Consagrada, dom Jo\u00e3o Francisco Salm, gravou um v\u00eddeo no qual aborda a import\u00e2ncia de se bem celebrar a tem\u00e1tica proposta para este ano: <span data-contrast=\"auto\"><strong>\u201cCristo Vive! Somos suas testemunhas\u201d<\/strong>.<\/span><\/p>\n<p style=\"text-align: justify;\">Para dom Salm, o M\u00eas Vocacional \u00e9 um tempo especial de se fazer o servi\u00e7o da anima\u00e7\u00e3o vocacional com ora\u00e7\u00e3o mais intensa, chamados, convites, com uma boa catequese vocacional. No entanto, o bispo alerta para o fato de que \u00e9 importante quando se trata de anima\u00e7\u00e3o vocacional se partir sempre de Jesus.<\/p>\n<blockquote>\n<p style=\"text-align: justify;\">&#8220;Jesus \u00e9 aquele que chama, aquele envia. Conhecer Jesus, saber quem ele \u00e9 desperta em n\u00f3s um grande encanto por ele, pela vida que ele viveu, pela proposta que ele nos faz, portanto, conhecer Jesus \u00e9 o caminho para que se perceba o chamado&#8221;.<\/p>\n<\/blockquote>\n<p style=\"text-align: justify;\">No v\u00eddeo, dom Salm explica que ap\u00f3s a realiza\u00e7\u00e3o do S\u00ednodo para a Juventude, em 2018, o Papa Francisco escreveu a Exorta\u00e7\u00e3o <a href=\"https:\/\/www.vatican.va\/content\/francesco\/pt\/apost_exhortations\/documents\/papa-francesco_esortazione-ap_20190325_christus-vivit.html\" target=\"_blank\" rel=\"noopener\">Christus Vivit<\/a>.<\/p>\n<blockquote><p>&#8220;Neste livro, no cap\u00edtulo 4\u00ba, o Papa diz que h\u00e1 um an\u00fancio para todos os jovens que nunca deve se calar. Esse an\u00fancio \u00e9 constitu\u00eddo de tr\u00eas pontos, de tr\u00eas verdades, de tr\u00eas afirma\u00e7\u00f5es: a primeira \u00e9 que Deus te ama; o segundo \u00e9 que em Jesus Deus te salva. Jesus \u00e9 Deus que se fez homem e morreu por ti na Cruz; e o terceiro ponto \u00e9 que Jesus, que \u00e9 Deus feito homem, vive! Jesus est\u00e1 vivo. N\u00e3o \u00e9 uma ideia, n\u00e3o \u00e9 um nome que se sepultou no passado&#8221;.<\/p><\/blockquote>\n<p style=\"text-align: justify;\">Segundo dom Salm, os dois primeiros an\u00fancios salientados pelo Papa Francisco, em sua exorta\u00e7\u00e3o, j\u00e1 foram refletidos no m\u00eas vocacional dos anos anteriores e que, neste ano, o terceiro an\u00fancio &#8211; <span data-contrast=\"auto\">\u201cCristo Vive! Somos suas testemunhas\u201d &#8211; foi escolhido para ser a tem\u00e1tica do M\u00eas Vocacional 2022.<\/span><\/p>\n<blockquote>\n<p style=\"text-align: justify;\">&#8220;Neste m\u00eas de agosto todo o trabalho que se fizer de anima\u00e7\u00e3o vocacional deve trazer sempre de novo esse tema &#8211; Jesus est\u00e1 vivo. Jesus \u00e9 aquele que me salva, me salvou, \u00e9 o filho de Deus que veio ao mundo&#8221;, diz dom Salm.<\/p>\n<\/blockquote>\n<p style=\"text-align: justify;\">Na sequ\u00eancia, dom Salm lembrou que em cada semana do m\u00eas de agosto se costuma tratar sobre um diferente tipo de voca\u00e7\u00e3o: <span data-contrast=\"auto\">a voca\u00e7\u00e3o presbiteral, no primeiro domingo, com o \u201cDia do Padre\u201d, a voca\u00e7\u00e3o ao matrim\u00f4nio, no segundo domingo, com o \u201cDia dos Pais\u201d, a voca\u00e7\u00e3o \u00e0 vida religiosa, no terceiro domingo, dia dos religiosos e religiosas, e a voca\u00e7\u00e3o dos leigos e leigas, com o dia do catequista, no quarto domingo.<\/span><span data-ccp-props=\"{&quot;201341983&quot;:0,&quot;335551550&quot;:6,&quot;335551620&quot;:6,&quot;335559739&quot;:160,&quot;335559740&quot;:259}\">\u00a0<\/span><\/p>\n<blockquote><p>&#8220;Desejo que esse M\u00eas Vocacional seja para todos n\u00f3s, em toda a Igreja, um tempo fecundo, um tempo de encontro com Jesus, de renova\u00e7\u00e3o da f\u00e9, de reencontro com alegria e com todas as disposi\u00e7\u00f5es de dar testemunho dele&#8221;.<\/p><\/blockquote>\n<p>Confira o v\u00eddeo na \u00edntegra:<\/p>\n<div class=\"ast-oembed-container\" style=\"height: 100%;\"><iframe loading=\"lazy\" title=\"M\u00eas Vocacional 2022- palavra de Dom Jo\u00e3o Francisco Salm\" width=\"500\" height=\"281\" src=\"https:\/\/www.youtube.com\/embed\/EUgn4etih3Q?feature=oembed\" frameborder=\"0\" allow=\"accelerometer; autoplay; clipboard-write; encrypted-media; gyroscope; picture-in-picture\" allowfullscreen><\/iframe><\/div>\n<p>&nbsp;<\/p>\n","protected":false},"excerpt":{"rendered":"<p>Por ocasi\u00e3o do m\u00eas vocacional na Igreja no Brasil, que teve in\u00edcio agora em agosto, o presidente da Comiss\u00e3o para os Minist\u00e9rios Ordenados e a Vida Consagrada, dom Jo\u00e3o Francisco Salm, gravou um v\u00eddeo no qual aborda a import\u00e2ncia de se bem celebrar a tem\u00e1tica proposta para este ano: \u201cCristo Vive! Somos suas testemunhas\u201d<\/p>\n","protected":false},"author":141,"featured_media":919759,"comment_status":"open","ping_status":"open","sticky":false,"template":"","format":"standard","meta":{"site-sidebar-layout":"default","site-content-layout":"default","ast-global-header-display":"","ast-banner-title-visibility":"","ast-main-header-display":"","ast-hfb-above-header-display":"","ast-hfb-below-header-display":"","ast-hfb-mobile-header-display":"","site-post-title":"","ast-breadcrumbs-content":"","ast-featured-img":"","footer-sml-layout":"","theme-transparent-header-meta":"default","adv-header-id-meta":"","stick-header-meta":"","header-above-stick-meta":"","header-main-stick-meta":"","header-below-stick-meta":""},"categories":[50,807],"tags":[3461,2076],"acf":[],"_links":{"self":[{"href":"https:\/\/www.cnbb.org.br\/cnbb-app\/wp\/v2\/posts\/919711"}],"collection":[{"href":"https:\/\/www.cnbb.org.br\/cnbb-app\/wp\/v2\/posts"}],"about":[{"href":"https:\/\/www.cnbb.org.br\/cnbb-app\/wp\/v2\/types\/post"}],"author":[{"embeddable":true,"href":"https:\/\/www.cnbb.org.br\/cnbb-app\/wp\/v2\/users\/141"}],"replies":[{"embeddable":true,"href":"https:\/\/www.cnbb.org.br\/cnbb-app\/wp\/v2\/comments?post=919711"}],"version-history":[{"count":0,"href":"https:\/\/www.cnbb.org.br\/cnbb-app\/wp\/v2\/posts\/919711\/revisions"}],"wp:featuredmedia":[{"embeddable":true,"href":"https:\/\/www.cnbb.org.br\/cnbb-app\/wp\/v2\/media\/919759"}],"wp:attachment":[{"href":"https:\/\/www.cnbb.org.br\/cnbb-app\/wp\/v2\/media?parent=919711"}],"wp:term":[{"taxonomy":"category","embeddable":true,"href":"https:\/\/www.cnbb.org.br\/cnbb-app\/wp\/v2\/categories?post=919711"},{"taxonomy":"post_tag","embeddable":true,"href":"https:\/\/www.cnbb.org.br\/cnbb-app\/wp\/v2\/tags?post=919711"}],"curies":[{"name":"wp","href":"https:\/\/api.w.org\/{rel}","templated":true}]}}