{"id":920032,"date":"2022-08-08T11:20:39","date_gmt":"2022-08-08T14:20:39","guid":{"rendered":"https:\/\/www.cnbb.org.br\/?p=920032"},"modified":"2022-08-08T11:20:54","modified_gmt":"2022-08-08T14:20:54","slug":"transfiguracao-do-senhor-2","status":"publish","type":"post","link":"https:\/\/www.cnbb.org.br\/transfiguracao-do-senhor-2\/","title":{"rendered":"Transfigura\u00e7\u00e3o do Senhor\u00a0"},"content":{"rendered":"<p style=\"text-align: right;\"><b><span data-contrast=\"auto\">Cardeal Orani Jo\u00e3o Tempesta<br \/>\n<\/span><\/b><b><span data-contrast=\"auto\">Arcebispo do Rio de Janeiro (RJ)<\/span><\/b><span data-ccp-props=\"{&quot;201341983&quot;:0,&quot;335551550&quot;:3,&quot;335551620&quot;:3,&quot;335559731&quot;:708,&quot;335559739&quot;:160,&quot;335559740&quot;:259}\">\u00a0<\/span><\/p>\n<p>&nbsp;<\/p>\n<p style=\"text-align: right;\"><span data-contrast=\"auto\">\u201c<\/span><i><span data-contrast=\"auto\">Este \u00e9 meu filho amado, escutai-o\u201d (Lc 9,34).<\/span><\/i><span data-ccp-props=\"{&quot;201341983&quot;:0,&quot;335551550&quot;:2,&quot;335551620&quot;:2,&quot;335559731&quot;:708,&quot;335559739&quot;:160,&quot;335559740&quot;:259}\">\u00a0<\/span><\/p>\n<p style=\"text-align: justify;\"><span data-ccp-props=\"{&quot;201341983&quot;:0,&quot;335551550&quot;:2,&quot;335551620&quot;:2,&quot;335559739&quot;:160,&quot;335559740&quot;:259}\">\u00a0<\/span><\/p>\n<p style=\"text-align: justify;\"><span data-contrast=\"auto\">Neste dia 06 de Agosto celebramos a festa lit\u00fargica da Transfigura\u00e7\u00e3o do Senhor, sempre celebrada nessa data independente do dia da semana em que ocorra. O Evangelho que relata a Transfigura\u00e7\u00e3o do Senhor tamb\u00e9m \u00e9 lido durante a Quaresma.\u00a0<\/span><span data-ccp-props=\"{&quot;201341983&quot;:0,&quot;335551550&quot;:6,&quot;335551620&quot;:6,&quot;335559731&quot;:708,&quot;335559739&quot;:160,&quot;335559740&quot;:259}\">\u00a0<\/span><\/p>\n<p style=\"text-align: justify;\"><span data-contrast=\"auto\">A festa da Transfigura\u00e7\u00e3o do Senhor \u00e9 bem antiga e \u00e9 celebrada pelas igrejas orientais desde o s\u00e9culo V. <\/span><span data-contrast=\"auto\">\u00c9 uma das grandes festas de Nosso Senhor Jesus Cristo, onde o poder do <\/span><span data-contrast=\"auto\">Filho de Deus \u00e9 manifestado ao mundo e, Ele escolhe os seus amigos mais \u00edntimos para se transfigurar diante deles e mostrar o que aconteceria com Ele ap\u00f3s a sua morte.\u00a0<\/span><span data-ccp-props=\"{&quot;201341983&quot;:0,&quot;335551550&quot;:6,&quot;335551620&quot;:6,&quot;335559731&quot;:708,&quot;335559739&quot;:160,&quot;335559740&quot;:259}\">\u00a0<\/span><\/p>\n<p style=\"text-align: justify;\"><span data-contrast=\"auto\">Com a festa da Transfigura\u00e7\u00e3o acontece a jun\u00e7\u00e3o entre o Antigo e o Novo testamento, pois, durante a Transfigura\u00e7\u00e3o aparecem dois grandes profetas que precederam a vinda de Jesus, que s\u00e3o eles: Mois\u00e9s e Elias. Jesus como o Filho de Deus instaura o Novo Testamento e assim como os outros profetas, vem ao mundo com a miss\u00e3o de libertar o povo de Israel.\u00a0<\/span><span data-ccp-props=\"{&quot;201341983&quot;:0,&quot;335551550&quot;:6,&quot;335551620&quot;:6,&quot;335559731&quot;:708,&quot;335559739&quot;:160,&quot;335559740&quot;:259}\">\u00a0<\/span><\/p>\n<p style=\"text-align: justify;\"><span data-contrast=\"auto\">Na Igreja do ocidente essa solenidade recebe outros t\u00edtulos, como por exemplo: Bom Jesus, Santo Cristo, Sant\u00edssimo Salvador, Salvador do Mundo, e tantas outras invoca\u00e7\u00f5es. Essa data, ainda, ocorre em um m\u00eas especial para a Igreja, que \u00e9 o m\u00eas vocacional. E acontece quarenta dias antes da festa da exalta\u00e7\u00e3o da Santa Cruz.\u00a0<\/span><span data-ccp-props=\"{&quot;201341983&quot;:0,&quot;335551550&quot;:6,&quot;335551620&quot;:6,&quot;335559731&quot;:708,&quot;335559739&quot;:160,&quot;335559740&quot;:259}\">\u00a0<\/span><\/p>\n<p style=\"text-align: justify;\"><span data-contrast=\"auto\">Essa solenidade quer mostrar aos fi\u00e9is que Cristo vence a morte, era necess\u00e1rio que Ele sofresse o que sofreu para nos salvar e, n\u00e3o fica na Cruz, mas ressuscita glorioso. Na festa da transfigura\u00e7\u00e3o \u00e9 revelado o poder de Deus e Jesus \u00e9 manifestado como filho de Deus. Acontece a Teofania, ou seja, manifesta\u00e7\u00e3o de Deus.\u00a0<\/span><span data-ccp-props=\"{&quot;201341983&quot;:0,&quot;335551550&quot;:6,&quot;335551620&quot;:6,&quot;335559731&quot;:708,&quot;335559739&quot;:160,&quot;335559740&quot;:259}\">\u00a0<\/span><\/p>\n<p style=\"text-align: justify;\"><span data-contrast=\"auto\">Nesse dia da festa da transfigura\u00e7\u00e3o do Senhor, somos convidados a subir ao monte com Jesus e rezar com Ele. Permitir que Ele se transfigure diante de n\u00f3s e do mesmo modo que Ele venceu a morte n\u00f3s tamb\u00e9m venceremos.\u00a0<\/span><span data-ccp-props=\"{&quot;201341983&quot;:0,&quot;335551550&quot;:6,&quot;335551620&quot;:6,&quot;335559731&quot;:708,&quot;335559739&quot;:160,&quot;335559740&quot;:259}\">\u00a0<\/span><\/p>\n<p style=\"text-align: justify;\"><span data-contrast=\"auto\">Esta festa nos ensina que para chegar a gl\u00f3ria \u00e9 necess\u00e1rio passar pelo sofrimento, n\u00e3o podemos fugir dos sofrimentos da vida, eles aparecem para que com coragem e f\u00e9, os ven\u00e7amos para podermos entrar na gl\u00f3ria. Pedro, n\u00e3o havia entendido que era necess\u00e1rio passar pelo sofrimento para entrar na gl\u00f3ria, ele j\u00e1 queria estar na gl\u00f3ria. Muitas vezes somos como Pedro e queremos antecipar as coisas e fugir dos problemas e sofrimentos, mas temos que encarar os sofrimentos de frente e com a for\u00e7a da f\u00e9 entrar na gl\u00f3ria.\u00a0<\/span><span data-ccp-props=\"{&quot;201341983&quot;:0,&quot;335551550&quot;:6,&quot;335551620&quot;:6,&quot;335559731&quot;:708,&quot;335559739&quot;:160,&quot;335559740&quot;:259}\">\u00a0<\/span><\/p>\n<p style=\"text-align: justify;\"><span data-contrast=\"auto\">O epis\u00f3dio da Transfigura\u00e7\u00e3o <\/span><span data-contrast=\"auto\">\u00e9 relatado nos seguintes evangelhos: (Mt 17, 1-9; Mc 9, 2-10; Lc 9, 28-36). Ainda tem alus\u00f5es contidas na segunda carta de S\u00e3o Pedro Ap\u00f3stolo (2Pd 1.16 -18), e proposta de forma lit\u00fargica na profecia de Daniel (Dn 7,9 <\/span><span data-contrast=\"auto\">-10.13 -14) caso a festa ocorra na semana.\u00a0<\/span><span data-ccp-props=\"{&quot;201341983&quot;:0,&quot;335551550&quot;:6,&quot;335551620&quot;:6,&quot;335559731&quot;:708,&quot;335559739&quot;:160,&quot;335559740&quot;:259}\">\u00a0<\/span><\/p>\n<p style=\"text-align: justify;\"><span data-contrast=\"auto\">O profeta Daniel era considerado um profeta vision\u00e1rio, ou seja, tinha a vis\u00e3o de futuro e uma vis\u00e3o apocal\u00edptica. Atrav\u00e9s dessa leitura ele nos prepara para a transfigura\u00e7\u00e3o de Jesus que aconteceria anos depois. Daniel em sua leitura fala de um anci\u00e3o com roupas brancas e cabelos brancos. O Evangelho que ouviremos mais adiante iluminar\u00e1 a nossa mente para compreender que esse anci\u00e3o \u00e9 Deus Pai e depois \u00e9 apresentado a Ele o filho.\u00a0<\/span><span data-ccp-props=\"{&quot;201341983&quot;:0,&quot;335551550&quot;:6,&quot;335551620&quot;:6,&quot;335559731&quot;:708,&quot;335559739&quot;:160,&quot;335559740&quot;:259}\">\u00a0<\/span><\/p>\n<p style=\"text-align: justify;\"><span data-contrast=\"auto\">Daniel tem uma vis\u00e3o cristol\u00f3gica, ou seja, a vis\u00e3o do Messias que anos mais tarde viria para salvar o povo de Israel. Daniel usa o termo \u201cfilho do homem\u201d atribu\u00eddo a Jesus, que mais tarde o pr\u00f3prio Jesus usar\u00e1 esse termo se referindo a Ele. Era comum os profetas considerados \u201cvision\u00e1rios\u201d preverem a vinda do Messias.\u00a0<\/span><span data-ccp-props=\"{&quot;201341983&quot;:0,&quot;335551550&quot;:6,&quot;335551620&quot;:6,&quot;335559731&quot;:708,&quot;335559739&quot;:160,&quot;335559740&quot;:259}\">\u00a0<\/span><\/p>\n<p style=\"text-align: justify;\"><span data-contrast=\"auto\">Uma leitura alternativa para o dia de hoje \u00e9 da segunda carta de S\u00e3o Pedro (2 Pd 1, 16-19), Pedro nos fala da sua experi\u00eancia de f\u00e9 e daquilo que experimentaremos na vida eterna. Seremos tal como Ele \u00e9, e sua luz resplandecer\u00e1 sobre todos.\u00a0<\/span><span data-ccp-props=\"{&quot;201341983&quot;:0,&quot;335551550&quot;:6,&quot;335551620&quot;:6,&quot;335559731&quot;:708,&quot;335559739&quot;:160,&quot;335559740&quot;:259}\">\u00a0<\/span><\/p>\n<p style=\"text-align: justify;\"><span data-contrast=\"auto\">O Evangelho \u00e9 de Lucas (<\/span><i><span data-contrast=\"auto\">Lc 9, 28b -36), <\/span><\/i><span data-contrast=\"auto\">Jesus leva Pedro, Tiago e Jo\u00e3o ao monte para rezar. Enquanto rezava o seu rosto mudou-se de apar\u00eancia e sua roupa ficou muito brilhante. Aparecem Moises e Elias e aparecem revestidos de gl\u00f3ria e conversavam sobre a morte que Jesus ir<\/span><span data-contrast=\"auto\">\u00e1<\/span><span data-contrast=\"auto\"> sofrer em Jerusal\u00e9m.\u00a0<\/span><span data-ccp-props=\"{&quot;201341983&quot;:0,&quot;335551550&quot;:6,&quot;335551620&quot;:6,&quot;335559731&quot;:708,&quot;335559739&quot;:160,&quot;335559740&quot;:259}\">\u00a0<\/span><\/p>\n<p style=\"text-align: justify;\"><span data-contrast=\"auto\">Os profetas j\u00e1 haviam passado por esse mundo, estavam revestidos de gl\u00f3ria e esperavam que ap\u00f3s a morte, Jesus se juntaria a Eles. Essa cena \u00e9 a jun\u00e7\u00e3o do Antigo com o novo testamento. Os dois profetas mais importantes do Antigo Testamento junto com Jesus que instaura definitivamente o Reino de Deus.\u00a0<\/span><span data-ccp-props=\"{&quot;201341983&quot;:0,&quot;335551550&quot;:6,&quot;335551620&quot;:6,&quot;335559731&quot;:708,&quot;335559739&quot;:160,&quot;335559740&quot;:259}\">\u00a0<\/span><\/p>\n<p style=\"text-align: justify;\"><span data-contrast=\"auto\">Ao despertarem os disc\u00edpulos veem Jesus conversando com os profetas e Pedro diz a Jesus que \u00e9 bom estarem ali e que deveriam fazer tr\u00eas tendas. Pedro n\u00e3o compreendia o que dizia e de repente uma nuvem os cobriu, os disc\u00edpulos ficaram com medo e entraram dentro do nuvem, e da nuvem saiu uma voz dizia: \u201c<\/span><i><span data-contrast=\"auto\">Este \u00e9 meu filho amado, escutai-o\u201d (Lc 9,34).<\/span><\/i><span data-ccp-props=\"{&quot;201341983&quot;:0,&quot;335551550&quot;:6,&quot;335551620&quot;:6,&quot;335559731&quot;:708,&quot;335559739&quot;:160,&quot;335559740&quot;:259}\">\u00a0<\/span><\/p>\n<p style=\"text-align: justify;\"><span data-contrast=\"auto\">Pedro queria permanecer ali pois estava feliz por estar na gl\u00f3ria, ele naquele momento pensava como os homens e n\u00e3o como Deus. Mas, \u00e9 necess\u00e1rio pensar como Deus e ver que o sofrimento \u00e9 necess\u00e1rio para entrar na gl\u00f3ria.\u00a0<\/span><span data-ccp-props=\"{&quot;201341983&quot;:0,&quot;335551550&quot;:6,&quot;335551620&quot;:6,&quot;335559731&quot;:708,&quot;335559739&quot;:160,&quot;335559740&quot;:259}\">\u00a0<\/span><\/p>\n<p>&nbsp;<\/p>\n","protected":false},"excerpt":{"rendered":"<p>Cardeal Orani Jo\u00e3o Tempesta Arcebispo do Rio de Janeiro (RJ)\u00a0 &nbsp; \u201cEste \u00e9 meu filho amado, escutai-o\u201d (Lc 9,34).\u00a0 \u00a0 Neste dia 06 de Agosto celebramos a festa lit\u00fargica da Transfigura\u00e7\u00e3o do Senhor, sempre celebrada nessa data independente do dia da semana em que ocorra. O Evangelho que relata a Transfigura\u00e7\u00e3o do Senhor tamb\u00e9m \u00e9 &hellip;<\/p>\n<p class=\"read-more\"> <a class=\"\" href=\"https:\/\/www.cnbb.org.br\/transfiguracao-do-senhor-2\/\"> <span class=\"screen-reader-text\">Transfigura\u00e7\u00e3o do Senhor\u00a0<\/span> Leia mais &raquo;<\/a><\/p>\n","protected":false},"author":31,"featured_media":0,"comment_status":"open","ping_status":"open","sticky":false,"template":"","format":"standard","meta":{"site-sidebar-layout":"default","site-content-layout":"default","ast-global-header-display":"","ast-banner-title-visibility":"","ast-main-header-display":"","ast-hfb-above-header-display":"","ast-hfb-below-header-display":"","ast-hfb-mobile-header-display":"","site-post-title":"","ast-breadcrumbs-content":"","ast-featured-img":"","footer-sml-layout":"","theme-transparent-header-meta":"default","adv-header-id-meta":"","stick-header-meta":"","header-above-stick-meta":"","header-main-stick-meta":"","header-below-stick-meta":""},"categories":[758],"tags":[],"acf":[],"_links":{"self":[{"href":"https:\/\/www.cnbb.org.br\/cnbb-app\/wp\/v2\/posts\/920032"}],"collection":[{"href":"https:\/\/www.cnbb.org.br\/cnbb-app\/wp\/v2\/posts"}],"about":[{"href":"https:\/\/www.cnbb.org.br\/cnbb-app\/wp\/v2\/types\/post"}],"author":[{"embeddable":true,"href":"https:\/\/www.cnbb.org.br\/cnbb-app\/wp\/v2\/users\/31"}],"replies":[{"embeddable":true,"href":"https:\/\/www.cnbb.org.br\/cnbb-app\/wp\/v2\/comments?post=920032"}],"version-history":[{"count":0,"href":"https:\/\/www.cnbb.org.br\/cnbb-app\/wp\/v2\/posts\/920032\/revisions"}],"wp:attachment":[{"href":"https:\/\/www.cnbb.org.br\/cnbb-app\/wp\/v2\/media?parent=920032"}],"wp:term":[{"taxonomy":"category","embeddable":true,"href":"https:\/\/www.cnbb.org.br\/cnbb-app\/wp\/v2\/categories?post=920032"},{"taxonomy":"post_tag","embeddable":true,"href":"https:\/\/www.cnbb.org.br\/cnbb-app\/wp\/v2\/tags?post=920032"}],"curies":[{"name":"wp","href":"https:\/\/api.w.org\/{rel}","templated":true}]}}