{"id":920034,"date":"2022-08-08T11:22:42","date_gmt":"2022-08-08T14:22:42","guid":{"rendered":"https:\/\/www.cnbb.org.br\/?p=920034"},"modified":"2022-08-08T11:23:38","modified_gmt":"2022-08-08T14:23:38","slug":"19o-domingo-do-tempo-comum","status":"publish","type":"post","link":"https:\/\/www.cnbb.org.br\/19o-domingo-do-tempo-comum\/","title":{"rendered":"19\u00ba Domingo do Tempo Comum\u00a0"},"content":{"rendered":"<p style=\"text-align: right;\"><b><span data-contrast=\"auto\">Cardeal Orani Jo\u00e3o Tempesta<br \/>\n<\/span><\/b><b><span data-contrast=\"auto\">Arcebispo do Rio de Janeiro (RJ)<\/span><\/b><\/p>\n<p>&nbsp;<\/p>\n<p style=\"text-align: justify;\"><span data-ccp-props=\"{&quot;201341983&quot;:0,&quot;335551550&quot;:2,&quot;335551620&quot;:2,&quot;335559739&quot;:160,&quot;335559740&quot;:259}\">\u00a0<\/span><\/p>\n<p style=\"text-align: justify;\"><i><span data-contrast=\"none\">\u201cPorque onde est\u00e1 o vosso tesouro,<\/span><\/i> <i><span data-contrast=\"none\">a\u00ed estar\u00e1 tamb\u00e9m o vosso cora\u00e7\u00e3o\u201d. (Lc 12,34)<\/span><\/i><span data-ccp-props=\"{&quot;201341983&quot;:0,&quot;335551550&quot;:2,&quot;335551620&quot;:2,&quot;335559739&quot;:160,&quot;335559740&quot;:259}\">\u00a0<\/span><\/p>\n<p style=\"text-align: justify;\"><span data-ccp-props=\"{&quot;201341983&quot;:0,&quot;335551550&quot;:2,&quot;335551620&quot;:2,&quot;335559739&quot;:160,&quot;335559740&quot;:259}\">\u00a0<\/span><\/p>\n<p style=\"text-align: justify;\"><span data-contrast=\"auto\">Celebramos neste domingo o 19\u00ba do Tempo Comum, iniciando em toda a Igreja no Brasil o m\u00eas vocacional. Nesse domingo, recordamos a voca\u00e7\u00e3o ao minist\u00e9rio ordenado, lembrando de todos os di\u00e1conos, padres e bispos que receberam o segundo grau da ordem.\u00a0<\/span><span data-ccp-props=\"{&quot;201341983&quot;:0,&quot;335551550&quot;:6,&quot;335551620&quot;:6,&quot;335559731&quot;:708,&quot;335559739&quot;:160,&quot;335559740&quot;:259}\">\u00a0<\/span><\/p>\n<p style=\"text-align: justify;\"><span data-contrast=\"auto\">Neste dia rezemos por todos os sacerdotes, em especial o de sua par\u00f3quia, para que ele possa continuar zeloso no servi\u00e7o do altar e no atendimento dos fi\u00e9is. Ao final da celebra\u00e7\u00e3o Eucar\u00edstica, al\u00e9m de parabenizar o seu padre, reze uma Ave-Maria por ele, e pe\u00e7a que a M<\/span><span data-contrast=\"auto\">\u00e3e de Jesus<\/span><span data-contrast=\"auto\">, Nossa Senhora M\u00e3e dos Sacerdotes, sempre os proteja.\u00a0<\/span><span data-ccp-props=\"{&quot;201341983&quot;:0,&quot;335551550&quot;:6,&quot;335551620&quot;:6,&quot;335559731&quot;:708,&quot;335559739&quot;:160,&quot;335559740&quot;:259}\">\u00a0<\/span><\/p>\n<p style=\"text-align: justify;\"><span data-contrast=\"auto\">Rezemos, ainda, por todos os padres doentes e idosos que n\u00e3o podem mais exercer o seu minist\u00e9rio e que muitas vezes s\u00e3o esquecidos, mesmo tendo doado boa parte da vida em favor do Reino de Deus. Rezemos pelos bispos que, tamb\u00e9m, receberam o segundo grau da ordem para que sirvam com alegria o rebanho a eles confiado.\u00a0<\/span><span data-ccp-props=\"{&quot;201341983&quot;:0,&quot;335551550&quot;:6,&quot;335551620&quot;:6,&quot;335559731&quot;:708,&quot;335559739&quot;:160,&quot;335559740&quot;:259}\">\u00a0<\/span><\/p>\n<p style=\"text-align: justify;\"><span data-contrast=\"auto\">Durante o m\u00eas de agosto, lembraremos ainda de outras voca\u00e7\u00f5es:\u00a0 paternidade, vida religiosa e consagrada, voca\u00e7\u00e3o laical e catequistas. Toda voca\u00e7\u00e3o \u00e9 um chamado de Deus. Procure escutar Deus em seu cora\u00e7\u00e3o e observe a qual voca\u00e7\u00e3o Ele te chama. Esse m\u00eas vocacional \u00e9 prop\u00edcio para isso, em cada missa que for, escute Deus, veja a qual voca\u00e7\u00e3o Ele te chama e procure o seu p\u00e1roco, para que ele te direcione espiritualmente <\/span><span data-contrast=\"auto\">\u00e0<\/span><span data-contrast=\"auto\"> voca\u00e7\u00e3o que escolheu. E, de cora\u00e7\u00e3o, rezemos muito por todas as voca\u00e7\u00f5es, particularmente, pelas ministeriais.<\/span><span data-ccp-props=\"{&quot;201341983&quot;:0,&quot;335551550&quot;:6,&quot;335551620&quot;:6,&quot;335559731&quot;:708,&quot;335559739&quot;:160,&quot;335559740&quot;:259}\">\u00a0<\/span><\/p>\n<p style=\"text-align: justify;\"><span data-contrast=\"auto\">Um crist\u00e3o, cat\u00f3lico<\/span><span data-contrast=\"auto\"> \u00e9 chamado a<\/span><span data-contrast=\"auto\"> assumir compromissos na comunidade, servir aqueles que mais precisam, pode assumir um minist\u00e9rio, como por exemplo, leitor, Ministro Extraordin\u00e1rio da Eucaristia ou minist\u00e9rio da m\u00fasica.\u00a0<\/span><span data-ccp-props=\"{&quot;201341983&quot;:0,&quot;335551550&quot;:6,&quot;335551620&quot;:6,&quot;335559731&quot;:708,&quot;335559739&quot;:160,&quot;335559740&quot;:259}\">\u00a0<\/span><\/p>\n<p style=\"text-align: justify;\"><span data-contrast=\"auto\">A paternidade \u00e9 uma linda voca\u00e7\u00e3o, pois educa-se os filhos para Deus. A voca\u00e7\u00e3o sempre \u00e9 uma miss\u00e3o e, em cada uma, cooperamos na constru\u00e7\u00e3o do Reino de Deus. Que esse m\u00eas vocacional fa\u00e7a com que cada um medite em seu cora\u00e7\u00e3o, em qual voca\u00e7\u00e3o Deus lhe chama e como pode servir melhor o pr\u00f3ximo e cooperar na constru\u00e7\u00e3o do Reino.\u00a0<\/span><span data-ccp-props=\"{&quot;201341983&quot;:0,&quot;335551550&quot;:6,&quot;335551620&quot;:6,&quot;335559731&quot;:708,&quot;335559739&quot;:160,&quot;335559740&quot;:259}\">\u00a0<\/span><\/p>\n<p style=\"text-align: justify;\"><span data-contrast=\"auto\">A primeira leitura deste Domingo \u00e9 do livro da Sabedoria <\/span><i><span data-contrast=\"auto\">(Sb 18, 6-9). <\/span><\/i><span data-contrast=\"auto\">O autor do livro da Sabedoria relata a noite em que Deus libertou o povo Hebreu, pois eles confiaram em sua palavra, anunciada por Mois\u00e9s. \u00c9 a noite em que o povo foi libertado das m\u00e3os do fara\u00f3 e da persegui\u00e7\u00e3o dos eg\u00edpcios. Deus cumpriu a promessa de libertar o povo da escravid\u00e3o, fazendo com que eles atravessassem o mar vermelho a p\u00e9 enxuto.\u00a0<\/span><span data-ccp-props=\"{&quot;201341983&quot;:0,&quot;335551550&quot;:6,&quot;335551620&quot;:6,&quot;335559731&quot;:708,&quot;335559739&quot;:160,&quot;335559740&quot;:259}\">\u00a0<\/span><\/p>\n<p style=\"text-align: justify;\"><span data-contrast=\"auto\">Deus sempre faz o melhor para n\u00f3s e \u00e9 fiel em suas promessas, n\u00f3s que muitas vezes somos infi\u00e9is. Pe\u00e7amos nessa missa de hoje que todos os sacerdotes permane\u00e7am fi\u00e9is em sua miss\u00e3o e todo batizado fiel <\/span><span data-contrast=\"auto\">\u00e0<\/span><span data-contrast=\"auto\"> voca\u00e7\u00e3o para a qual Deus lhes chamou.\u00a0<\/span><span data-ccp-props=\"{&quot;201341983&quot;:0,&quot;335551550&quot;:6,&quot;335551620&quot;:6,&quot;335559731&quot;:708,&quot;335559739&quot;:160,&quot;335559740&quot;:259}\">\u00a0<\/span><\/p>\n<p style=\"text-align: justify;\"><span data-contrast=\"auto\">Deus sempre se mostrou presente na hist\u00f3ria do seu povo e se faz presente na hist\u00f3ria da nossa vida, tamb\u00e9m. Entoemos um c\u00e2ntico de a\u00e7\u00e3o de gra\u00e7as, por Deus sempre estar conosco, mesmo nos momentos mais dif\u00edceis, Ele estende a m\u00e3o para nos levantar.\u00a0<\/span><span data-ccp-props=\"{&quot;201341983&quot;:0,&quot;335551550&quot;:6,&quot;335551620&quot;:6,&quot;335559731&quot;:708,&quot;335559739&quot;:160,&quot;335559740&quot;:259}\">\u00a0<\/span><\/p>\n<p style=\"text-align: justify;\"><span data-contrast=\"auto\">O salmo responsorial \u00e9 o <\/span><i><span data-contrast=\"auto\">32 (33). <\/span><\/i><span data-contrast=\"auto\">O refr\u00e3o do salmo diz: <\/span><i><span data-contrast=\"auto\">\u201cFeliz o povo que o Senhor escolheu por sua heran\u00e7a\u201d. <\/span><\/i><span data-contrast=\"auto\">Deus escolheu o povo de Israel, fez um pacto com eles, os salvou da escravid\u00e3o e os conduziu at\u00e9 a terra prometida. Esse povo por vezes foi infiel e n\u00e3o seguiu os preceitos divinos, acabaram desistindo de Deus, mas Deus nunca desistiu de seu povo. Do mesmo modo, hoje, n\u00f3s somos o povo da heran\u00e7a e se por vezes desistimos de Deus, Ele nunca desiste de n\u00f3s.\u00a0<\/span><span data-ccp-props=\"{&quot;201341983&quot;:0,&quot;335551550&quot;:6,&quot;335551620&quot;:6,&quot;335559731&quot;:708,&quot;335559739&quot;:160,&quot;335559740&quot;:259}\">\u00a0<\/span><\/p>\n<p style=\"text-align: justify;\"><span data-contrast=\"auto\">A segunda leitura \u00e9 da carta aos Hebreus <\/span><i><span data-contrast=\"auto\">(Hb 11, 1-2. 8-19). <\/span><\/i><span data-contrast=\"auto\">O autor sagrado fala da import\u00e2ncia da f\u00e9 e que por meio dela conseguiremos tudo aquilo que desejarmos. N\u00e3o devemos desistir nunca, pode demorar um pouco, mas a gra\u00e7a de Deus vem. O povo de Deus, apesar de ter a cabe\u00e7a dura, sempre confia em Deus e sabia que iria acontecer o que ouvimos na primeira leitura de hoje. Deus libertaria o povo da escravid\u00e3o no Egito. Assim, esperemos e confiemos, tamb\u00e9m n\u00f3s, que a nossa liberta\u00e7\u00e3o est\u00e1 pr\u00f3xima.<\/span><span data-ccp-props=\"{&quot;201341983&quot;:0,&quot;335551550&quot;:6,&quot;335551620&quot;:6,&quot;335559731&quot;:708,&quot;335559739&quot;:160,&quot;335559740&quot;:259}\">\u00a0<\/span><\/p>\n<p style=\"text-align: justify;\"><span data-contrast=\"auto\">O Evangelho desse domingo \u00e9 de Lucas <\/span><i><span data-contrast=\"auto\">(Lc 12, 32-48). <\/span><\/i><span data-contrast=\"auto\">Jesus alerta aos seus disc\u00edpulos sobre a import\u00e2ncia de n\u00e3o acumular bens e de juntar tesouros no c\u00e9u, onde a tra\u00e7a n\u00e3o corr\u00f3i e o ladr\u00e3o n\u00e3o chega. Onde est\u00e1 o nosso tesouro a\u00ed est\u00e1 o nosso cora\u00e7\u00e3o, se o nosso tesouro for os bens materiais, o nosso cora\u00e7\u00e3o estar\u00e1 ali e n\u00e3o com Deus. Agora, se o nosso maior tesouro for Deus, o nosso cora\u00e7\u00e3o estar\u00e1 com Ele.\u00a0<\/span><span data-ccp-props=\"{&quot;201341983&quot;:0,&quot;335551550&quot;:6,&quot;335551620&quot;:6,&quot;335559731&quot;:708,&quot;335559739&quot;:160,&quot;335559740&quot;:259}\">\u00a0<\/span><\/p>\n<p style=\"text-align: justify;\"><span data-contrast=\"auto\">O nosso maior tesouro deve ser a f\u00e9 e n\u00e3o os bens materiais. Se o nosso maior tesouro for os bens materiais, algo est\u00e1 errado. Os bens materiais passam, com o passar do tempo s\u00e3o corro\u00eddos pela tra\u00e7a, ficam velhos e n\u00e3o t<\/span><span data-contrast=\"auto\">\u00ea<\/span><span data-contrast=\"auto\">m mais utilidade. Agora, a f\u00e9 permanece para sempre, essa n\u00e3o corr\u00f3i e nem fica velha com o tempo. Os bens materiais n\u00e3o levaremos para a vida eterna, agora a f\u00e9 \u00e9 necess\u00e1ria para adentrarmos na vida eterna.\u00a0<\/span><span data-ccp-props=\"{&quot;201341983&quot;:0,&quot;335551550&quot;:6,&quot;335551620&quot;:6,&quot;335559731&quot;:708,&quot;335559739&quot;:160,&quot;335559740&quot;:259}\">\u00a0<\/span><\/p>\n<p style=\"text-align: justify;\"><span data-contrast=\"auto\">Fiquemos vigilantes e em ora\u00e7\u00e3o, pois n\u00e3o sabemos o dia e a hora que o Senhor vir\u00e1. E para quem ficar\u00e1 o que acumulamos?\u00a0 Sejamos prudentes e n\u00e3o acumulemos bens materiais, mas acumulemos antes de tudo, bens para Deus.\u00a0<\/span><span data-ccp-props=\"{&quot;201341983&quot;:0,&quot;335551550&quot;:6,&quot;335551620&quot;:6,&quot;335559731&quot;:708,&quot;335559739&quot;:160,&quot;335559740&quot;:259}\">\u00a0<\/span><\/p>\n<p style=\"text-align: justify;\"><span data-contrast=\"auto\">Nesta Eucaristia rezemos por todos os padres que sempre nos apontam o caminho para o c\u00e9u. Que o Esp\u00edrito Santo nos ilumine e nos aponte a nossa verdadeira voca\u00e7\u00e3o. Amemo-nos uns aos outros como o Senhor nos amou, e confiemos sempre nas promessas de Deus.\u00a0<\/span><span data-ccp-props=\"{&quot;201341983&quot;:0,&quot;335551550&quot;:6,&quot;335551620&quot;:6,&quot;335559731&quot;:708,&quot;335559739&quot;:160,&quot;335559740&quot;:259}\">\u00a0<\/span><\/p>\n<p><span data-ccp-props=\"{&quot;201341983&quot;:0,&quot;335551550&quot;:3,&quot;335551620&quot;:3,&quot;335559731&quot;:708,&quot;335559739&quot;:160,&quot;335559740&quot;:259}\">\u00a0<\/span><\/p>\n<p>&nbsp;<\/p>\n","protected":false},"excerpt":{"rendered":"<p>Cardeal Orani Jo\u00e3o Tempesta Arcebispo do Rio de Janeiro (RJ) &nbsp; \u00a0 \u201cPorque onde est\u00e1 o vosso tesouro, a\u00ed estar\u00e1 tamb\u00e9m o vosso cora\u00e7\u00e3o\u201d. (Lc 12,34)\u00a0 \u00a0 Celebramos neste domingo o 19\u00ba do Tempo Comum, iniciando em toda a Igreja no Brasil o m\u00eas vocacional. Nesse domingo, recordamos a voca\u00e7\u00e3o ao minist\u00e9rio ordenado, lembrando de &hellip;<\/p>\n<p class=\"read-more\"> <a class=\"\" href=\"https:\/\/www.cnbb.org.br\/19o-domingo-do-tempo-comum\/\"> <span class=\"screen-reader-text\">19\u00ba Domingo do Tempo Comum\u00a0<\/span> Leia mais &raquo;<\/a><\/p>\n","protected":false},"author":31,"featured_media":0,"comment_status":"open","ping_status":"open","sticky":false,"template":"","format":"standard","meta":{"site-sidebar-layout":"default","site-content-layout":"default","ast-global-header-display":"","ast-banner-title-visibility":"","ast-main-header-display":"","ast-hfb-above-header-display":"","ast-hfb-below-header-display":"","ast-hfb-mobile-header-display":"","site-post-title":"","ast-breadcrumbs-content":"","ast-featured-img":"","footer-sml-layout":"","theme-transparent-header-meta":"default","adv-header-id-meta":"","stick-header-meta":"","header-above-stick-meta":"","header-main-stick-meta":"","header-below-stick-meta":""},"categories":[758],"tags":[],"acf":[],"_links":{"self":[{"href":"https:\/\/www.cnbb.org.br\/cnbb-app\/wp\/v2\/posts\/920034"}],"collection":[{"href":"https:\/\/www.cnbb.org.br\/cnbb-app\/wp\/v2\/posts"}],"about":[{"href":"https:\/\/www.cnbb.org.br\/cnbb-app\/wp\/v2\/types\/post"}],"author":[{"embeddable":true,"href":"https:\/\/www.cnbb.org.br\/cnbb-app\/wp\/v2\/users\/31"}],"replies":[{"embeddable":true,"href":"https:\/\/www.cnbb.org.br\/cnbb-app\/wp\/v2\/comments?post=920034"}],"version-history":[{"count":0,"href":"https:\/\/www.cnbb.org.br\/cnbb-app\/wp\/v2\/posts\/920034\/revisions"}],"wp:attachment":[{"href":"https:\/\/www.cnbb.org.br\/cnbb-app\/wp\/v2\/media?parent=920034"}],"wp:term":[{"taxonomy":"category","embeddable":true,"href":"https:\/\/www.cnbb.org.br\/cnbb-app\/wp\/v2\/categories?post=920034"},{"taxonomy":"post_tag","embeddable":true,"href":"https:\/\/www.cnbb.org.br\/cnbb-app\/wp\/v2\/tags?post=920034"}],"curies":[{"name":"wp","href":"https:\/\/api.w.org\/{rel}","templated":true}]}}