{"id":920042,"date":"2022-08-08T11:34:23","date_gmt":"2022-08-08T14:34:23","guid":{"rendered":"https:\/\/www.cnbb.org.br\/?p=920042"},"modified":"2022-08-08T11:38:52","modified_gmt":"2022-08-08T14:38:52","slug":"esperanca-e-vigilancia","status":"publish","type":"post","link":"https:\/\/www.cnbb.org.br\/esperanca-e-vigilancia\/","title":{"rendered":"Esperan\u00e7a e vigil\u00e2ncia!\u00a0"},"content":{"rendered":"<p style=\"text-align: right;\"><b><span data-contrast=\"auto\">Dom Eurico dos Santos Veloso<\/span><\/b><span data-ccp-props=\"{&quot;201341983&quot;:0,&quot;335551550&quot;:2,&quot;335551620&quot;:2,&quot;335559731&quot;:708,&quot;335559739&quot;:160,&quot;335559740&quot;:259}\"><br \/>\n<\/span><b><span data-contrast=\"auto\">Arcebispo Em\u00e9rito de Juiz de Fora (MG)<\/span><\/b><span data-ccp-props=\"{&quot;201341983&quot;:0,&quot;335551550&quot;:2,&quot;335551620&quot;:2,&quot;335559731&quot;:708,&quot;335559739&quot;:160,&quot;335559740&quot;:259}\">\u00a0<\/span><\/p>\n<p>&nbsp;<\/p>\n<p style=\"text-align: justify;\">\n<p style=\"text-align: justify;\"><span data-contrast=\"auto\">A Palavra de Deus que a liturgia do 19\u00ba. Domingo do Tempo Comum convida-nos \u00e0 vigil\u00e2ncia: o verdadeiro disc\u00edpulo n\u00e3o vive de bra\u00e7os cruzados, numa exist\u00eancia de comodismo e resigna\u00e7\u00e3o, mas est\u00e1 sempre atento e dispon\u00edvel para acolher o Senhor, para escutar os seus apelos e para construir o \u201cReino\u201d. As duas palavras centrais da liturgia s\u00e3o \u201cesperan\u00e7a\u201d e a \u201cvigil\u00e2ncia\u201d. A liturgia suscita em n\u00f3s o esp\u00edrito de vigil\u00e2ncia e servi\u00e7o, guiando nosso cora\u00e7\u00e3o para Deus, cujo o Reino \u00e9 o grande tesouro a ser buscado.<\/span><span data-ccp-props=\"{&quot;201341983&quot;:0,&quot;335551550&quot;:6,&quot;335551620&quot;:6,&quot;335559731&quot;:708,&quot;335559739&quot;:160,&quot;335559740&quot;:259}\">\u00a0<\/span><\/p>\n<p style=\"text-align: justify;\"><span data-contrast=\"auto\">A primeira leitura \u2013 Sb 18,6-9 \u2013\u00a0 apresenta-nos as palavras de um \u201cs\u00e1bio\u201d an\u00f4nimo, para quem s\u00f3 a aten\u00e7\u00e3o aos valores de Deus gera vida e felicidade. A comunidade israelita \u2013 confrontada com um mundo pag\u00e3o e imoral, que questiona os valores sobre os quais se constr\u00f3i a comunidade do Povo de Deus \u2013 deve, portanto, ser uma comunidade \u201cvigilante\u201d, que consegue discernir entre os valores ef<\/span><span data-contrast=\"auto\">\u00ea<\/span><span data-contrast=\"auto\">meros e os valores duradouros. O povo de Israel, na esperan\u00e7a da liberta\u00e7\u00e3o e conhecendo-a por predi\u00e7\u00e3o aos antepassados, conserva-se fiel ao Senhor. Vigilante se prepara para a sa\u00edda do Egito.<\/span><span data-ccp-props=\"{&quot;201341983&quot;:0,&quot;335551550&quot;:6,&quot;335551620&quot;:6,&quot;335559731&quot;:708,&quot;335559739&quot;:160,&quot;335559740&quot;:259}\">\u00a0<\/span><\/p>\n<p style=\"text-align: justify;\"><span data-contrast=\"auto\">A segunda leitura \u2013 Hb 11,1-2.8-19 \u2013\u00a0 apresenta Abra\u00e3o e Sara, modelos de f\u00e9 para os batizados de todas as \u00e9pocas. Atentos aos apelos de Deus, empenhados em responder aos seus desafios, conseguiram descobrir os bens futuros nas limita\u00e7\u00f5es e na caducidade da vida presente. \u00c9 essa atitude que o autor da Carta aos Hebreus recomenda aos batizados, em geral. A f\u00e9 \u00e9 um modo de possuir o que se espera, ou seja, \u00e9 atitude de quem espera e busca dias melhores. Ela aponta sempre para o futuro e n\u00e3o deixa a pessoa instalar-se no tempo presente e no individualismo.<\/span><span data-ccp-props=\"{&quot;201341983&quot;:0,&quot;335551550&quot;:6,&quot;335551620&quot;:6,&quot;335559731&quot;:708,&quot;335559739&quot;:160,&quot;335559740&quot;:259}\">\u00a0<\/span><\/p>\n<p style=\"text-align: justify;\"><span data-contrast=\"auto\">O Evangelho \u2013 Lc 12,32-48 \u2013\u00a0 apresenta uma catequese sobre a vigil\u00e2ncia. Prop\u00f5e aos disc\u00edpulos de todas as \u00e9pocas uma atitude de espera serena e atenta do Senhor, que vem ao nosso encontro para nos libertar e para nos inserir numa din\u00e2mica de comunh\u00e3o com Deus. O verdadeiro disc\u00edpulo \u00e9 aquele que est\u00e1 sempre preparado para acolher os dons de Deus, para responder aos seus apelos e para se empenhar na constru\u00e7\u00e3o do \u201cReino\u201d. O Evangelho narra sobre a esperan\u00e7a da vinda gloriosa de Jesus, para a qual os disc\u00edpulos devem se preparar em concreta vigil\u00e2ncia. Ap\u00f3s uma exorta\u00e7\u00e3o ao desapego aos bens terrenos, em vista dos tesouros eternos e incorrupt\u00edveis, a expectativa e a vigil\u00e2ncia quanto \u00e0 vinda do Senhor s\u00e3o ilustradas por tr\u00eas par\u00e1bolas. Primeira: os disc\u00edpulos devem se comportar como empregados que esperam a volta de seu patr\u00e3o. Encontrados vivenciando a Palavra do Evangelho, ser\u00e3o premiados pelo Senhor Jesus: ele mesmo os servir\u00e1. Conceder-lhes-\u00e1 participar do banquete na \u201cmesa do Pai\u201d. Segunda: ningu\u00e9m sabe a hora em que o ladr\u00e3o vai invadir a casa. O disc\u00edpulo de Jesus vive alerta e preparado: o Evangelho \u00e9 sua prioridade. Terceira: o administrador fiel e prudente, se encontrado agindo conforme as ordens do patr\u00e3o, lhe ser\u00e3o confiados \u201ctodos os bens\u201d. O equ\u00edvoco do disc\u00edpulo \u00e9, diante da \u201cdemora\u201d da vinda de Jesus, se esquecer da imprevisibilidade da sua manifesta\u00e7\u00e3o e agir de forma desonesta e contradit\u00f3ria \u00e0 vontade do Senhor.<\/span><span data-ccp-props=\"{&quot;201341983&quot;:0,&quot;335551550&quot;:6,&quot;335551620&quot;:6,&quot;335559731&quot;:708,&quot;335559739&quot;:160,&quot;335559740&quot;:259}\">\u00a0<\/span><\/p>\n<p style=\"text-align: justify;\"><span data-contrast=\"auto\">O bom uso dos bens materiais tamb\u00e9m constituiu uma orienta\u00e7\u00e3o em estar em cont\u00ednua vigil\u00e2ncia, ser fiel \u00e0 Palavra de Jesus e \u00e0 sua pr\u00e1tica. Ser vigilante \u00e9 ser fiel \u00e0 miss\u00e3o confiada pelo Senhor.<\/span><span data-ccp-props=\"{&quot;201341983&quot;:0,&quot;335551550&quot;:6,&quot;335551620&quot;:6,&quot;335559731&quot;:708,&quot;335559739&quot;:160,&quot;335559740&quot;:259}\">\u00a0<\/span><\/p>\n<p style=\"text-align: justify;\"><span data-contrast=\"auto\">Estar com os \u201crins cingidos\u201d significa estar preparados para servir. As \u201cl\u00e2mpadas acessas\u201d iluminam o caminho por onde se transita; trazem luz \u00e0 \u201cescurid\u00e3o da vida\u201d. O apelo \u00e9 para estar acordados a fim de abrir a porta a quem chega; ou seja, estar pronos para as surpresas de Deus, que nos convida a sair de n\u00f3s mesmos e nos movermos em dire\u00e7\u00e3o aos outros.<\/span><span data-ccp-props=\"{&quot;201341983&quot;:0,&quot;335551550&quot;:6,&quot;335551620&quot;:6,&quot;335559731&quot;:708,&quot;335559739&quot;:160,&quot;335559740&quot;:259}\">\u00a0<\/span><\/p>\n<p style=\"text-align: justify;\"><span data-contrast=\"auto\">Vamos rezar neste domingo pelos sacerdotes e pelos vocacionados ao minist\u00e9rio sacerdotal. Tantos sacerdotes est\u00e3o sendo perseguidos por dentro e por fora da Igreja. Falta paternidade e caridade! Padre n\u00e3o \u00e9 funcion\u00e1rio do sagrado ou fazedor de coisas burocr\u00e1ticas, \u00e9, sobretudo, distribuidor dos mist\u00e9rios sagrados! O Papa Francisco fala que \u201cO sacerdote \u00e9 um homem que, \u00e0 luz do Evangelho, espalha o gosto de Deus ao seu redor e transmite esperan\u00e7a aos cora\u00e7\u00f5es atribulados. Numa sociedade marcada pelo individualismo, voc\u00eas fazem a experi\u00eancia de viverem os desafios cotidianos\u201d. Participemos o percurso sinodal: \u201cPor uma Igreja sinodal: comunh\u00e3o, participa\u00e7\u00e3o e miss\u00e3o!\u201d<\/span><span data-ccp-props=\"{&quot;201341983&quot;:0,&quot;335551550&quot;:6,&quot;335551620&quot;:6,&quot;335559731&quot;:708,&quot;335559739&quot;:160,&quot;335559740&quot;:259}\">\u00a0<\/span><\/p>\n<p><span data-ccp-props=\"{&quot;201341983&quot;:0,&quot;335551550&quot;:6,&quot;335551620&quot;:6,&quot;335559731&quot;:708,&quot;335559739&quot;:160,&quot;335559740&quot;:259}\">\u00a0<\/span><\/p>\n<p>&nbsp;<\/p>\n","protected":false},"excerpt":{"rendered":"<p>Dom Eurico dos Santos Veloso Arcebispo Em\u00e9rito de Juiz de Fora (MG)\u00a0 &nbsp; A Palavra de Deus que a liturgia do 19\u00ba. Domingo do Tempo Comum convida-nos \u00e0 vigil\u00e2ncia: o verdadeiro disc\u00edpulo n\u00e3o vive de bra\u00e7os cruzados, numa exist\u00eancia de comodismo e resigna\u00e7\u00e3o, mas est\u00e1 sempre atento e dispon\u00edvel para acolher o Senhor, para escutar &hellip;<\/p>\n<p class=\"read-more\"> <a class=\"\" href=\"https:\/\/www.cnbb.org.br\/esperanca-e-vigilancia\/\"> <span class=\"screen-reader-text\">Esperan\u00e7a e vigil\u00e2ncia!\u00a0<\/span> Leia mais &raquo;<\/a><\/p>\n","protected":false},"author":73,"featured_media":0,"comment_status":"open","ping_status":"open","sticky":false,"template":"","format":"standard","meta":{"site-sidebar-layout":"default","site-content-layout":"default","ast-global-header-display":"","ast-banner-title-visibility":"","ast-main-header-display":"","ast-hfb-above-header-display":"","ast-hfb-below-header-display":"","ast-hfb-mobile-header-display":"","site-post-title":"","ast-breadcrumbs-content":"","ast-featured-img":"","footer-sml-layout":"","theme-transparent-header-meta":"default","adv-header-id-meta":"","stick-header-meta":"","header-above-stick-meta":"","header-main-stick-meta":"","header-below-stick-meta":""},"categories":[758],"tags":[],"acf":[],"_links":{"self":[{"href":"https:\/\/www.cnbb.org.br\/cnbb-app\/wp\/v2\/posts\/920042"}],"collection":[{"href":"https:\/\/www.cnbb.org.br\/cnbb-app\/wp\/v2\/posts"}],"about":[{"href":"https:\/\/www.cnbb.org.br\/cnbb-app\/wp\/v2\/types\/post"}],"author":[{"embeddable":true,"href":"https:\/\/www.cnbb.org.br\/cnbb-app\/wp\/v2\/users\/73"}],"replies":[{"embeddable":true,"href":"https:\/\/www.cnbb.org.br\/cnbb-app\/wp\/v2\/comments?post=920042"}],"version-history":[{"count":0,"href":"https:\/\/www.cnbb.org.br\/cnbb-app\/wp\/v2\/posts\/920042\/revisions"}],"wp:attachment":[{"href":"https:\/\/www.cnbb.org.br\/cnbb-app\/wp\/v2\/media?parent=920042"}],"wp:term":[{"taxonomy":"category","embeddable":true,"href":"https:\/\/www.cnbb.org.br\/cnbb-app\/wp\/v2\/categories?post=920042"},{"taxonomy":"post_tag","embeddable":true,"href":"https:\/\/www.cnbb.org.br\/cnbb-app\/wp\/v2\/tags?post=920042"}],"curies":[{"name":"wp","href":"https:\/\/api.w.org\/{rel}","templated":true}]}}