{"id":920415,"date":"2022-08-11T14:20:57","date_gmt":"2022-08-11T17:20:57","guid":{"rendered":"https:\/\/www.cnbb.org.br\/?p=920415"},"modified":"2022-08-11T14:21:30","modified_gmt":"2022-08-11T17:21:30","slug":"decidir-se","status":"publish","type":"post","link":"https:\/\/www.cnbb.org.br\/decidir-se\/","title":{"rendered":"Decidir-se"},"content":{"rendered":"<p style=\"text-align: right;\"><strong> Dom Rodolfo Lu\u00eds Weber<br \/>\nArcebispo de Passo Fundo (RS)<\/strong><\/p>\n<p>&nbsp;<\/p>\n<p style=\"text-align: justify;\"><span data-contrast=\"auto\">Rotineiramente cita-se frases isoladas, preferencialmente de pessoas renomadas, para argumentar, ilustrar ou confirmar um pensamento pessoal. Outras vezes, cita-se frases para criticar ou at\u00e9 para desmoralizar seu autor. Qualquer uma das formas que a frase<\/span><span data-contrast=\"auto\"> \u00e9 usada pode ser deturpada, pois \u00e9 citada fora do<\/span><span data-contrast=\"auto\"> contexto em que foi escrita ou dita. A frase pode ficar mais forte ou mais fraca. As palavras de Cristo da liturgia dominical (Lucas 12,49-53) s\u00e3o provocativas e, se forem interpretadas isoladamente, desfiguram o seu sentido. Disse Jesus: \u201cFogo eu vim lan\u00e7ar sobre a terra, e como desejaria que j\u00e1 estivesse aceso! (&#8230;) Pensais que eu vim trazer paz \u00e0 terra? N\u00e3o, eu vos digo, mas a divis\u00e3o\u201d. Esta fala acontece enquanto Jesus caminha para Jerusal\u00e9m, onde o espera a morte de cruz. Quem conhece um pouco do Evangelho de Cristo sabe que os ensinamentos sempre conduziram \u00e0 paz. S\u00e3o Paulo vai afirmar que Cristo \u201c\u00e9 a nossa paz\u201d (Ef\u00e9sios 2,14).<\/span><span data-ccp-props=\"{&quot;201341983&quot;:0,&quot;335551550&quot;:6,&quot;335551620&quot;:6,&quot;335559739&quot;:120,&quot;335559740&quot;:259}\">\u00a0<\/span><\/p>\n<p style=\"text-align: justify;\"><span data-contrast=\"auto\">O texto continua e conclui os ensinamentos contidos no cap\u00edtulo 12 de Lucas onde Jesus provoca os disc\u00edpulos e a multid\u00e3o a decidir-se por Ele. O cap\u00edtulo inicia dizendo que \u201cmilhares de pessoas\u201d se ajuntaram em torno dele e Jesus lhes faz alertas: \u201ccuidado com o fermento dos fariseus, que \u00e9 a hipocrisia\u201d, \u201cnada h\u00e1 de oculto que n\u00e3o venha a ser revelado\u201d, \u201cn\u00e3o tenhais medo dos que matam o corpo (&#8230;) temei aqueles que, depois de fazer morrer, tem o poder de lan\u00e7ar-vos \u00e0 Geena\u201d. Estes e outros alertas desencadeiam v\u00e1rios ensinamentos sobre vigil\u00e2ncia, prontid\u00e3o, escolha sobre o essencial na vida. Em outras palavras, a vida do crist\u00e3o \u00e9 uma vida de decis\u00f5es fundamentais e toda decis\u00e3o requer escolhas. Cada escolha, depois de justo discernimento, elimina outras alternativas e pode provocar rea\u00e7\u00f5es.<\/span><span data-ccp-props=\"{&quot;201341983&quot;:0,&quot;335551550&quot;:6,&quot;335551620&quot;:6,&quot;335559739&quot;:120,&quot;335559740&quot;:259}\">\u00a0<\/span><\/p>\n<p style=\"text-align: justify;\"><span data-contrast=\"auto\">Jesus jamais escondeu as duras exig\u00eancias requeridas aos disc\u00edpulos. Nunca prop\u00f4s um cristianismo f\u00e1cil ou \u201c\u00e1gua com a\u00e7\u00facar\u201d. A franqueza com os disc\u00edpulos e a multid\u00e3o pretende formar seguidores conscientes e n\u00e3o f\u00e3s seduzidos pela ilus\u00e3o. Torna-os conscientes dos poss\u00edveis conflitos oriundos da sociedade e tamb\u00e9m do ambiente familiar. N\u00e3o se trata de formar seguidores pol\u00eamicos e provocadores de divis\u00f5es. Nem fan\u00e1ticos que n\u00e3o sabem dar os fundamentos da f\u00e9.\u00a0<\/span><span data-ccp-props=\"{&quot;201341983&quot;:0,&quot;335551550&quot;:6,&quot;335551620&quot;:6,&quot;335559739&quot;:120,&quot;335559740&quot;:259}\">\u00a0<\/span><\/p>\n<p style=\"text-align: justify;\"><span data-contrast=\"auto\">\u201cFogo eu vim lan\u00e7ar sobre a terra, e como desejaria que j\u00e1 estivesse aceso! Tenho um batismo no qual devo ser batizado, e como me angustio at\u00e9 que se complete!\u201d Jesus Cristo fala em primeira pessoa apresentando-se como modelo. Ele \u00e9 um apaixonado pela miss\u00e3o e convicto de que seus ensinamentos s\u00e3o verdadeiros e promotores de vida. O fogo que arde em seu cora\u00e7\u00e3o o levar\u00e1 at\u00e9 a cruz, momento que lhe deixa angustiado. Deseja ardentemente que os crist\u00e3os vivam a f\u00e9 da forma apaixonada como Ele vive.<\/span><span data-ccp-props=\"{&quot;201341983&quot;:0,&quot;335551550&quot;:6,&quot;335551620&quot;:6,&quot;335559739&quot;:120,&quot;335559740&quot;:259}\">\u00a0<\/span><\/p>\n<p style=\"text-align: justify;\"><span data-contrast=\"auto\">A linguagem forte de Jesus \u00e9 para sacudir os seguidores a tomarem posi\u00e7\u00e3o: \u201cou com ele ou contra ele\u201d. N\u00e3o admite incertezas, absten\u00e7\u00e3o ou posicionamentos neutros. A decis\u00e3o provoca individualmente a cada crente chamando-o a demonstrar por quem optou. \u00c9 ilus\u00f3rio, al\u00e9m de n\u00e3o ser de acordo com o Evangelho, pensar que se pode viver tendo \u201cos p\u00e9s em duas canoas\u201d. Tamb\u00e9m os afetos mais caros, os afetos familiares devem ser avaliados, pois podem constituir um impedimento ao seguimento. A decis\u00e3o radical deve vir em tempo breve e com sadio discernimento.\u00a0<\/span><span data-ccp-props=\"{&quot;201341983&quot;:0,&quot;335551550&quot;:6,&quot;335551620&quot;:6,&quot;335559739&quot;:120,&quot;335559740&quot;:259}\">\u00a0<\/span><\/p>\n<p style=\"text-align: justify;\"><span data-contrast=\"auto\">Os crist\u00e3os podem querer permanecer aprisionados na mediocridade que bloqueia e paralisa. <\/span><span data-contrast=\"auto\">\u00c9 <\/span><span data-contrast=\"auto\">vontade de Jesus acender o fogo do amor imprimindo a novidade de seu ensinamento, ajudando os seguidores a n\u00e3o viverem de forma hip\u00f3crita, isto \u00e9, s\u00f3 de apar\u00eancia e nem serem artistas representando um personagem crist\u00e3o.<\/span><span data-ccp-props=\"{&quot;201341983&quot;:0,&quot;335551550&quot;:6,&quot;335551620&quot;:6,&quot;335559731&quot;:708,&quot;335559739&quot;:120,&quot;335559740&quot;:259}\">\u00a0<\/span><\/p>\n","protected":false},"excerpt":{"rendered":"<p>Dom Rodolfo Lu\u00eds Weber Arcebispo de Passo Fundo (RS) &nbsp; Rotineiramente cita-se frases isoladas, preferencialmente de pessoas renomadas, para argumentar, ilustrar ou confirmar um pensamento pessoal. Outras vezes, cita-se frases para criticar ou at\u00e9 para desmoralizar seu autor. Qualquer uma das formas que a frase \u00e9 usada pode ser deturpada, pois \u00e9 citada fora do &hellip;<\/p>\n<p class=\"read-more\"> <a class=\"\" href=\"https:\/\/www.cnbb.org.br\/decidir-se\/\"> <span class=\"screen-reader-text\">Decidir-se<\/span> Leia mais &raquo;<\/a><\/p>\n","protected":false},"author":27,"featured_media":0,"comment_status":"open","ping_status":"open","sticky":false,"template":"","format":"standard","meta":{"site-sidebar-layout":"default","site-content-layout":"default","ast-global-header-display":"","ast-banner-title-visibility":"","ast-main-header-display":"","ast-hfb-above-header-display":"","ast-hfb-below-header-display":"","ast-hfb-mobile-header-display":"","site-post-title":"","ast-breadcrumbs-content":"","ast-featured-img":"","footer-sml-layout":"","theme-transparent-header-meta":"default","adv-header-id-meta":"","stick-header-meta":"","header-above-stick-meta":"","header-main-stick-meta":"","header-below-stick-meta":""},"categories":[758],"tags":[],"acf":[],"_links":{"self":[{"href":"https:\/\/www.cnbb.org.br\/cnbb-app\/wp\/v2\/posts\/920415"}],"collection":[{"href":"https:\/\/www.cnbb.org.br\/cnbb-app\/wp\/v2\/posts"}],"about":[{"href":"https:\/\/www.cnbb.org.br\/cnbb-app\/wp\/v2\/types\/post"}],"author":[{"embeddable":true,"href":"https:\/\/www.cnbb.org.br\/cnbb-app\/wp\/v2\/users\/27"}],"replies":[{"embeddable":true,"href":"https:\/\/www.cnbb.org.br\/cnbb-app\/wp\/v2\/comments?post=920415"}],"version-history":[{"count":0,"href":"https:\/\/www.cnbb.org.br\/cnbb-app\/wp\/v2\/posts\/920415\/revisions"}],"wp:attachment":[{"href":"https:\/\/www.cnbb.org.br\/cnbb-app\/wp\/v2\/media?parent=920415"}],"wp:term":[{"taxonomy":"category","embeddable":true,"href":"https:\/\/www.cnbb.org.br\/cnbb-app\/wp\/v2\/categories?post=920415"},{"taxonomy":"post_tag","embeddable":true,"href":"https:\/\/www.cnbb.org.br\/cnbb-app\/wp\/v2\/tags?post=920415"}],"curies":[{"name":"wp","href":"https:\/\/api.w.org\/{rel}","templated":true}]}}